{"id":152237,"date":"2025-09-09T09:22:51","date_gmt":"2025-09-09T14:22:51","guid":{"rendered":"https:\/\/lospoliticosveracruz.com.mx\/?p=152237"},"modified":"2025-09-09T09:23:30","modified_gmt":"2025-09-09T14:23:30","slug":"manana-la-cuenta-regresiva-de-poza-rica","status":"publish","type":"post","link":"https:\/\/lospoliticosveracruz.com.mx\/?p=152237","title":{"rendered":"MA\u00d1ANA, LA CUENTA REGRESIVA DE POZA RICA!"},"content":{"rendered":"\n\n\n<p><strong>Karla M\u00e9ndez<br><\/strong>Este mi\u00e9rcoles 10 de septiembre, el Organismo P\u00fablico Local Electoral de Veracruz(OPLEVer), iniciar\u00e1 el recuento de la elecci\u00f3n presidencial municipal de Poza Rica, tal como se orden\u00f3, siempre y cuando la Superior del Tribunal Electoral del Poder Judicial de la Federaci\u00f3n no revoque la sentencia, mencion\u00f3 la magistrada presidenta del Tribunal Electoral de Veracruz, Claudia D\u00edaz Tablada.<\/p>\n\n\n\n<p>En ese sentido, se\u00f1al\u00f3 que que la realizaci\u00f3n del recuento, est\u00e1 sujeta a la resoluci\u00f3n que emita la Sala Superior del Tribunal Electoral del Poder Judicial de la Federaci\u00f3n a donde lleg\u00f3 un recurso de revisi\u00f3n.<\/p>\n\n\n\n<p>Record\u00f3 que el TEV orden\u00f3 el recuento de esos 51 paquetes electorales, ante la queja presentada por Morena, y luego de ello, el partido Movimiento Ciudadano acudi\u00f3 a la Sala Regional para inconformarse para dicha instancia confirm\u00f3.<\/p>\n\n\n\n<p>Ahora, se dirime en la Sala Superior, donde estim\u00f3 que ma\u00f1ana pudieran estar sesionando los magistrados y determinen ya sea confirmar o revocar.<\/p>\n\n\n\n<p>De igual manera, explic\u00f3 que si se revoca, ya no se har\u00eda el recuento y el resultado quedar\u00eda tal como qued\u00f3, pero si se confirma el recuento, entonces tendr\u00edan que abrir los paquetes y contar voto por voto, para constatar cual fue el resultado final de esa elecci\u00f3n.<\/p>\n\n\n\n<p>Aclar\u00f3 que el c\u00f3mputo se har\u00eda en las instalaciones del OPLE, con personal de esa instancia, pero bajo la supervisi\u00f3n del TEV.<\/p>\n\n\n\n<p>Finalmente, hasta el momento el recuento est\u00e1 programado para iniciar el pr\u00f3ximo mi\u00e9rcoles a las 9 horas de manera contin\u00faa, y habr\u00e1 participaci\u00f3n de todos los partidos pol\u00edticos.<\/p>\n","protected":false},"excerpt":{"rendered":"<p>Karla M\u00e9ndezEste mi\u00e9rcoles 10 de septiembre, el Organismo P\u00fablico Local Electoral de Veracruz(OPLEVer), iniciar\u00e1 el recuento de la elecci\u00f3n presidencial municipal de Poza Rica, tal como se orden\u00f3, siempre y cuando la Superior del Tribunal Electoral del Poder Judicial de la Federaci\u00f3n no revoque la sentencia, mencion\u00f3 la magistrada presidenta del Tribunal Electoral de Veracruz, [&hellip;]<\/p>\n","protected":false},"author":2,"featured_media":152238,"comment_status":"closed","ping_status":"closed","sticky":false,"template":"","format":"standard","meta":{"_jetpack_newsletter_access":"","_jetpack_dont_email_post_to_subs":false,"_jetpack_newsletter_tier_id":0,"_jetpack_memberships_contains_paywalled_content":false,"_jetpack_memberships_contains_paid_content":false,"footnotes":""},"categories":[6446],"tags":[15924,6753],"class_list":["post-152237","post","type-post","status-publish","format-standard","has-post-thumbnail","hentry","category-la-nota","tag-claudia-diaz-tablada","tag-tribunal-electoral-de-veracruz"],"jetpack_featured_media_url":"https:\/\/lospoliticosveracruz.com.mx\/wp-content\/uploads\/2025\/09\/Claudia-Diaz-Tablada.jpeg","jetpack_sharing_enabled":true,"jetpack_shortlink":"https:\/\/wp.me\/p4Qcd3-DBr","_links":{"self":[{"href":"https:\/\/lospoliticosveracruz.com.mx\/index.php?rest_route=\/wp\/v2\/posts\/152237","targetHints":{"allow":["GET"]}}],"collection":[{"href":"https:\/\/lospoliticosveracruz.com.mx\/index.php?rest_route=\/wp\/v2\/posts"}],"about":[{"href":"https:\/\/lospoliticosveracruz.com.mx\/index.php?rest_route=\/wp\/v2\/types\/post"}],"author":[{"embeddable":true,"href":"https:\/\/lospoliticosveracruz.com.mx\/index.php?rest_route=\/wp\/v2\/users\/2"}],"replies":[{"embeddable":true,"href":"https:\/\/lospoliticosveracruz.com.mx\/index.php?rest_route=%2Fwp%2Fv2%2Fcomments&post=152237"}],"version-history":[{"count":2,"href":"https:\/\/lospoliticosveracruz.com.mx\/index.php?rest_route=\/wp\/v2\/posts\/152237\/revisions"}],"predecessor-version":[{"id":152240,"href":"https:\/\/lospoliticosveracruz.com.mx\/index.php?rest_route=\/wp\/v2\/posts\/152237\/revisions\/152240"}],"wp:featuredmedia":[{"embeddable":true,"href":"https:\/\/lospoliticosveracruz.com.mx\/index.php?rest_route=\/wp\/v2\/media\/152238"}],"wp:attachment":[{"href":"https:\/\/lospoliticosveracruz.com.mx\/index.php?rest_route=%2Fwp%2Fv2%2Fmedia&parent=152237"}],"wp:term":[{"taxonomy":"category","embeddable":true,"href":"https:\/\/lospoliticosveracruz.com.mx\/index.php?rest_route=%2Fwp%2Fv2%2Fcategories&post=152237"},{"taxonomy":"post_tag","embeddable":true,"href":"https:\/\/lospoliticosveracruz.com.mx\/index.php?rest_route=%2Fwp%2Fv2%2Ftags&post=152237"}],"curies":[{"name":"wp","href":"https:\/\/api.w.org\/{rel}","templated":true}]}}