{"id":152244,"date":"2025-09-09T09:51:35","date_gmt":"2025-09-09T14:51:35","guid":{"rendered":"https:\/\/lospoliticosveracruz.com.mx\/?p=152244"},"modified":"2025-09-09T09:52:01","modified_gmt":"2025-09-09T14:52:01","slug":"latente-ruptura-de-morena-y-pvem","status":"publish","type":"post","link":"https:\/\/lospoliticosveracruz.com.mx\/?p=152244","title":{"rendered":"LATENTE, RUPTURA DE MORENA Y PVEM"},"content":{"rendered":"\n\n\n<p><strong>Fanny Y\u00e9pez<\/strong><\/p>\n\n\n\n<p><em>La Columna<br><\/em><\/p>\n\n\n\n<p>El <strong>Partido Verde Ecologista de M\u00e9xico (PVEM)<\/strong> fue el cuarto partido pol\u00edtico en importancia, por el n\u00famero de representantes en el <strong>Congreso de la Uni\u00f3n<\/strong>, y fue fundado por <strong>Jorge Gonz\u00e1lez Torres<\/strong> en 1986.<\/p>\n\n\n\n<p>En 2019 se integr\u00f3 una alianza con los partidos <strong>Movimiento de Regeneraci\u00f3n Nacional (Morena)<\/strong> y el <strong>Partido del Trabajo (PT)<\/strong>, conformando la coalici\u00f3n <em>Juntos Haremos Historia<\/em> en los estados de <strong>Baja California, Puebla y Quintana Roo<\/strong> donde se celebrar\u00edan elecciones en el mismo a\u00f1o.<\/p>\n\n\n\n<p>A seis a\u00f1os de distancia, pol\u00edticos del <strong>Partido Verde<\/strong> est\u00e1n hablando de romper esta alianza con el partido guinda.<\/p>\n\n\n\n<p>Ante el anuncio de algunos integrantes del <strong>PVEM<\/strong> sobre una posible ruptura de la alianza con <strong>Morena<\/strong>, la presidenta <strong>Claudia Sheinbaum Pardo<\/strong> asegur\u00f3 que corresponde a <strong>Morena<\/strong> definir sus alianzas para las elecciones intermedias de 2027 y no a la <strong>Presidenta de la Rep\u00fablica<\/strong>.<\/p>\n\n\n\n<p>Sin embargo, advirti\u00f3 que lo importante es que los tres partidos que formaron la coalici\u00f3n que la llev\u00f3 a la Presidencia de la Rep\u00fablica en 2024 (<strong>Morena, Verde y PT<\/strong>) \u201cest\u00e1n votando juntos en el Congreso\u201d y eso, indic\u00f3, ha permitido que siga avanzando la transformaci\u00f3n y que siga mejorando la vida p\u00fablica en el pa\u00eds.<\/p>\n\n\n\n<p>Hay que recordar que este fin de semana, el senador del <strong>PVEM, Luis Melgar Bravo<\/strong>, advirti\u00f3 una posible ruptura con <strong>Morena<\/strong>, al se\u00f1alar que ese partido ha permitido tener dentro de sus filas a \u00abratas\u00bb. Duras calificaciones que enrarecen las relaciones entre <strong>Morena<\/strong> y el <strong>Verde Ecologista<\/strong>.<\/p>\n\n\n\n<p>Pues s\u00ed, tras aplaudir la posibilidad de que el <strong>PVEM<\/strong> rompa alianza con <strong>Morena<\/strong> de cara a las elecciones de 2027, el senador pevemista, <strong>Luis Melgar Bravo<\/strong>, dijo que uno de los motivos es que el partido guinda ha permitido tener entre sus filas a \u201cratas\u201d.<\/p>\n\n\n\n<p><strong>Melgar Bravo<\/strong> se refiri\u00f3 al ex gobernador chiapaneco, <strong>Rutilio Escand\u00f3n<\/strong>, actual c\u00f3nsul en <strong>Miami<\/strong>, y a su ex secretario de Salud, <strong>Jos\u00e9 Manuel Cruz<\/strong>, quien ahora es senador morenista, as\u00ed como al <strong>Grupo Tabasco<\/strong>, que encabeza <strong>Ad\u00e1n Augusto L\u00f3pez<\/strong>.<\/p>\n\n\n\n<p>\u201cNunca debemos olvidar que ha habido ratas de <strong>Morena<\/strong> como <strong>Rutilio Escand\u00f3n<\/strong>, hoy escondido en <strong>Miami<\/strong>, <strong>Pepe Cruz<\/strong> y el <strong>Grupo Tabasco<\/strong> con todos sus secuaces, quienes c\u00ednicamente saquearon y violentaron, con total impunidad, la tranquilidad y la prosperidad de nuestro pueblo noble y bueno\u201d, expres\u00f3 en un mensaje.<\/p>\n\n\n\n<p>El legislador, originario de <strong>Chiapas<\/strong>, aplaudi\u00f3 en ese mensaje el planteamiento del coordinador nacional del <strong>PVEM, Arturo Escobar<\/strong>, sobre romper la uni\u00f3n pol\u00edtica que se forj\u00f3 desde 2018, cuando abanderaron la candidatura de <strong>Andr\u00e9s Manuel L\u00f3pez Obrador<\/strong>.<\/p>\n\n\n\n<p>Luego que el senador verde <strong>Luis Melgar Bravo<\/strong> respaldara un escenario de ruptura con <strong>Morena<\/strong>, el coordinador de la bancada del <strong>PVEM, Manuel Velasco<\/strong>, y el tambi\u00e9n senador <strong>Waldo Fern\u00e1ndez<\/strong> ratificaron su apoyo a la presidenta <strong>Claudia Sheinbaum<\/strong>.<\/p>\n\n\n\n<p>\u00abNosotros acompa\u00f1amos a la primera mujer en la historia que es Presidenta, venimos acompa\u00f1ando su agenda legislativa\u00bb, puntualiz\u00f3 <strong>Velasco<\/strong> en entrevista.<\/p>\n\n\n\n<p>El ex gobernador aclar\u00f3 que en lo que ata\u00f1e al tema partidista, ser\u00e1 necesario esperar a que las dirigencias de los partidos dialoguen y definan la ruta a seguir.<\/p>\n\n\n\n<p><strong>Luis Melgar<\/strong> perfil\u00f3 un escenario de ruptura con <strong>Morena<\/strong> tras sostener que el partido guinda mantiene en sus filas a \u00abratas\u00bb como el ex gobernador chiapaneco <strong>Rutilio Escand\u00f3n<\/strong>, el senador <strong>Jos\u00e9 Manuel Cruz<\/strong> y el <strong>Grupo Tabasco<\/strong> encabezado por el coordinador en el Senado, <strong>Ad\u00e1n Augusto L\u00f3pez Hern\u00e1ndez<\/strong>.<\/p>\n\n\n\n<p>El senador <strong>Velasco<\/strong> neg\u00f3 que en las filas de <strong>Morena<\/strong> hubiese \u00abratas\u00bb, y asegur\u00f3 que tiene di\u00e1logo respetuoso con todos los legisladores.<\/p>\n\n\n\n<p>Hay que hacer menci\u00f3n que, en el 2027, se renovar\u00e1 la <strong>C\u00e1mara de Diputados<\/strong>, otros 800 juzgadores, as\u00ed como varias gubernaturas, alcald\u00edas y congresos locales.<\/p>\n\n\n\n<p>En julio, el mismo <strong>Melgar Bravo<\/strong> tundi\u00f3 a integrantes de la \u201c4T\u201d por defenderse de sus vacaciones en el extranjero.<\/p>\n\n\n\n<p>\u201cBuscan desviar la atenci\u00f3n de corrupci\u00f3n y los nexos de varios personajes de la 4T con el crimen organizado\u201d, dijo en un video.<\/p>\n\n\n\n<p>En el estado de <strong>Tamaulipas, Mar\u00eda Guadalupe G\u00f3mez<\/strong>, presidenta del Comit\u00e9 Ejecutivo de <strong>Morena<\/strong> en aquella entidad, dio a conocer la separaci\u00f3n definitiva del partido guinda y el Verde.<\/p>\n\n\n\n<p>\u201cTenemos la certeza que <strong>Tamaulipas<\/strong> y en especial <strong>Reynosa<\/strong>, es territorio <strong>Morena<\/strong> y seguir\u00e1 siendo. Eso est\u00e1 muy claro, que no quepa duda. Todos sabemos que la transformaci\u00f3n es guinda y nada m\u00e1s\u201d, aclar\u00f3.<\/p>\n\n\n\n<p>La l\u00edder morenista precis\u00f3 que <strong>Morena<\/strong> es el \u00fanico partido que encabeza la <strong>Cuarta Transformaci\u00f3n<\/strong> y precis\u00f3 que cualquier partido que utilice el movimiento en beneficio propio, \u201csimple y llanamente, enga\u00f1a a la gente\u201d.<\/p>\n\n\n\n<p>Despu\u00e9s del esc\u00e1ndalo que se sigue dando, por las detenciones de algunos funcionarios por el huachicol, los dirigentes del <strong>Partido Verde<\/strong> no se han manifestado al respecto, pero podr\u00eda ser otro factor que llevar\u00eda a la ruptura en esa alianza.<\/p>\n\n\n\n<p>En 17 estados se renovar\u00e1n gubernaturas en 2027. En menos de dos a\u00f1os se realizar\u00e1n las elecciones intermedias en donde se elegir\u00e1n a 17 nuevos gobernadores.<\/p>\n\n\n\n<p>Hay que resaltar que desde el a\u00f1o 2024, <strong>Morena<\/strong> se convirti\u00f3 en la principal fuerza pol\u00edtica en M\u00e9xico con la gubernatura de 24 estados.<\/p>\n\n\n\n<p>Actualmente posee las gubernaturas de <strong>Baja California, Baja California Sur, Campeche, Chiapas, Colima, Guerrero, Hidalgo, Estado de M\u00e9xico, Michoac\u00e1n, Morelos, Nayarit, Oaxaca, Puebla, Quintana Roo, Sinaloa, Sonora, Tabasco, Tamaulipas, Tlaxcala, Veracruz, Yucat\u00e1n, Zacatecas<\/strong> y la jefatura de Gobierno de la <strong>Ciudad de M\u00e9xico<\/strong>.<\/p>\n\n\n\n<p>Tres estados son administrados por el <strong>PAN: Aguascalientes, Quer\u00e9taro y Chihuahua<\/strong>. En tanto, que 2 son gobernados por <strong>Movimiento Ciudadano, Nuevo Le\u00f3n y Jalisco<\/strong>, y 1 por el <strong>Partido Verde, San Luis Potos\u00ed<\/strong>.<\/p>\n\n\n\n<p>La pregunta: \u00bfpodr\u00e1n <strong>Morena<\/strong> y el <strong>Partido Verde<\/strong> superar estas graves diferencias y reanudar la alianza? Es lo que mantiene al acecho a muchos tiradores que se frotan las manos para que esta ruptura se consume.<\/p>\n\n\n\n<p>El dirigente estatal del <strong>Partido Verde Ecologista en Veracruz, Carlos Marcelo Ruiz S\u00e1nchez<\/strong>, que tambi\u00e9n se desempe\u00f1a como delegado del <strong>Comit\u00e9 Ejecutivo Nacional<\/strong> con funciones de secretario general, tendr\u00e1 que hacer uso de sus buenos oficios para tomar la determinaci\u00f3n y decisi\u00f3n de cu\u00e1l ser\u00eda la situaci\u00f3n de ese partido en la entidad veracruzana.<\/p>\n","protected":false},"excerpt":{"rendered":"<p>Fanny Y\u00e9pez La Columna El Partido Verde Ecologista de M\u00e9xico (PVEM) fue el cuarto partido pol\u00edtico en importancia, por el n\u00famero de representantes en el Congreso de la Uni\u00f3n, y fue fundado por Jorge Gonz\u00e1lez Torres en 1986. En 2019 se integr\u00f3 una alianza con los partidos Movimiento de Regeneraci\u00f3n Nacional (Morena) y el Partido [&hellip;]<\/p>\n","protected":false},"author":2,"featured_media":141383,"comment_status":"closed","ping_status":"closed","sticky":false,"template":"","format":"standard","meta":{"_jetpack_newsletter_access":"","_jetpack_dont_email_post_to_subs":false,"_jetpack_newsletter_tier_id":0,"_jetpack_memberships_contains_paywalled_content":false,"_jetpack_memberships_contains_paid_content":false,"footnotes":""},"categories":[70],"tags":[46014,46013,46010,46011,46012],"class_list":["post-152244","post","type-post","status-publish","format-standard","has-post-thumbnail","hentry","category-de-opinion","tag-carlos-marcelo-veracruz","tag-claudia-sheinbaum-alianza","tag-luis-melgar-bravo-criticas","tag-manuel-velasco-apoyo-sheinbaum","tag-ruptura-morena-pvem"],"jetpack_featured_media_url":"https:\/\/lospoliticosveracruz.com.mx\/wp-content\/uploads\/2025\/04\/Fanny-Yepez-Luna.jpg","jetpack_sharing_enabled":true,"jetpack_shortlink":"https:\/\/wp.me\/p4Qcd3-DBy","_links":{"self":[{"href":"https:\/\/lospoliticosveracruz.com.mx\/index.php?rest_route=\/wp\/v2\/posts\/152244","targetHints":{"allow":["GET"]}}],"collection":[{"href":"https:\/\/lospoliticosveracruz.com.mx\/index.php?rest_route=\/wp\/v2\/posts"}],"about":[{"href":"https:\/\/lospoliticosveracruz.com.mx\/index.php?rest_route=\/wp\/v2\/types\/post"}],"author":[{"embeddable":true,"href":"https:\/\/lospoliticosveracruz.com.mx\/index.php?rest_route=\/wp\/v2\/users\/2"}],"replies":[{"embeddable":true,"href":"https:\/\/lospoliticosveracruz.com.mx\/index.php?rest_route=%2Fwp%2Fv2%2Fcomments&post=152244"}],"version-history":[{"count":1,"href":"https:\/\/lospoliticosveracruz.com.mx\/index.php?rest_route=\/wp\/v2\/posts\/152244\/revisions"}],"predecessor-version":[{"id":152245,"href":"https:\/\/lospoliticosveracruz.com.mx\/index.php?rest_route=\/wp\/v2\/posts\/152244\/revisions\/152245"}],"wp:featuredmedia":[{"embeddable":true,"href":"https:\/\/lospoliticosveracruz.com.mx\/index.php?rest_route=\/wp\/v2\/media\/141383"}],"wp:attachment":[{"href":"https:\/\/lospoliticosveracruz.com.mx\/index.php?rest_route=%2Fwp%2Fv2%2Fmedia&parent=152244"}],"wp:term":[{"taxonomy":"category","embeddable":true,"href":"https:\/\/lospoliticosveracruz.com.mx\/index.php?rest_route=%2Fwp%2Fv2%2Fcategories&post=152244"},{"taxonomy":"post_tag","embeddable":true,"href":"https:\/\/lospoliticosveracruz.com.mx\/index.php?rest_route=%2Fwp%2Fv2%2Ftags&post=152244"}],"curies":[{"name":"wp","href":"https:\/\/api.w.org\/{rel}","templated":true}]}}