{"id":152255,"date":"2025-09-09T11:12:46","date_gmt":"2025-09-09T16:12:46","guid":{"rendered":"https:\/\/lospoliticosveracruz.com.mx\/?p=152255"},"modified":"2025-09-09T11:13:05","modified_gmt":"2025-09-09T16:13:05","slug":"rosalinda-la-lopez-portillo-xalapena","status":"publish","type":"post","link":"https:\/\/lospoliticosveracruz.com.mx\/?p=152255","title":{"rendered":"ROSALINDA, LA L\u00d3PEZ PORTILLO XALAPE\u00d1A"},"content":{"rendered":"\n\n\n<p><strong>Arturo Reyes Gonz\u00e1lez<\/strong><\/p>\n\n\n\n<p><em>Burladero<\/em><br><\/p>\n\n\n\n<p>Al puro estilo de JOLOPO -el expresidente de nuestro pa\u00eds, Jos\u00e9 L\u00f3pez Portillo, en el periodo de 1976 a 1982-, de aquel viejo PRI, del de entonces, de muchos a\u00f1os atr\u00e1s, del pasado pues, no como el de ahora, no vaya a creer; la hoy exdiputada local y destacada miembro del Movimiento de Regeneraci\u00f3n Nacional (Morena), la maestra Rosalinda Galindo Silva, hoy titular del Instituto Veracruzano de la Defensor\u00eda P\u00fablica de nuestra entidad, busca a como d\u00e9 lugar que su hija, una de las dos que tiene, continue activa en la n\u00f3mina del ayuntamiento de Xalapa, s\u00ed o s\u00ed.<\/p>\n\n\n\n<p>\u00bfActiva quiere decir que siga trabajando en el ayuntamiento; o es que trabaja y no le pagan?<\/p>\n\n\n\n<p>\u00a1No! Todo lo contrario, su \u201cpeque\u00f1a\u201d de nombre, bueno, para mayores se\u00f1as est\u00e1 en periodo de gestaci\u00f3n de un hermoso beb\u00e9, ha estado activa en la n\u00f3mina del ayuntamiento de Xalapa sin acudir a laborar, ya sabe usted cosas que suceden; Definitivamente son otros tiempos\u2026 \u00a1mj\u00fa!<\/p>\n\n\n\n<p>\u00bfY entonces qu\u00e9 quiere la mam\u00e1? Pues que siga activa en la n\u00f3mina, cobrando pues. \u201cAviadores\u201d creo les dec\u00edan en el pasado que ya se fue, ese pasado malvado, corrupto, priista que ellos erradicaron con su bendita llegada, la de los Morenos que no son iguales.<\/p>\n\n\n\n<p>As\u00ed es, activa, como lo ha estado en los \u00faltimos a\u00f1os.<\/p>\n\n\n\n<p>\u00bf\u00daltimos a\u00f1os?, \u00bfQu\u00e9 tantos?, Pues no queremos afectar amistades, pero todo indica -versiones de trabajadores municipales nos lo confirmaron- que ya son varios a\u00f1os en ese andar, por lo menos en la administraci\u00f3n que est\u00e1 por fenecer.<\/p>\n\n\n\n<p>\u00bfPues no que eran diferentes? Pues eso dicen. Ya sabe usted estimado lector, de todo hay en la vi\u00f1a del Se\u00f1or.<\/p>\n\n\n\n<p>\u00a1Pero la se\u00f1ora, maestra, exdiputada es fundadora de Morena! Pues s\u00ed, as\u00ed es. \u00bfY? \u00bfeso qu\u00e9?<\/p>\n\n\n\n<p>Es por ello que recordamos al inicio de este texto el pasaje negro de la historia de M\u00e9xico, de cuando el entonces presidente Jos\u00e9 L\u00f3pez Portillo abiertamente, sin ning\u00fan tapujo se refer\u00eda p\u00fablicamente al \u201corgullo de su nepotismo\u201d, su hijo Jos\u00e9 Ram\u00f3n, quien incluso formaba parte del gabinete ampliado, de su gabinete, de su gobierno.<\/p>\n\n\n\n<p>Aqu\u00ed, en nuestro caso en la aldea, la exdiputada argument\u00f3 en su momento que ese tipo de supuestos (ya fue se\u00f1alada y neg\u00f3 todo) no aplica, porque ella trabajaba en un poder y sus hijas en otro; ella estaba en el legislativo y ellas eran parte del Ejecutivo, entonces pues obvio no es lo mismo.<\/p>\n\n\n\n<p>Textualmente lo recordamos:<\/p>\n\n\n\n<p>\u201c\u2026 Lo \u00fanico que puedo decir es que mi familia es honorable, que nunca ha dado nada de qu\u00e9 hablar y nada m\u00e1s\u2026 es guerra sucia\u2026 mi familia es familia honorable, nunca hemos dado de que hablar. Mi gente trabaja en el Ejecutivo, yo trabajo en el Legislativo\u201d.<\/p>\n\n\n\n<p>\u00bfAsi o m\u00e1s claro? Inche gente intrigosa, o sea complicada. Envidiosos pues.<\/p>\n\n\n\n<p>Pero\u2026 resulta que a \u00faltimas fechas, ante el cambio de administraci\u00f3n municipal de la capital, la se\u00f1ora maestra y exdiputada ha estado presionando, incluso a los, las nuevas autoridades para que el orgullo de su nepotismo no deje de percibir recursos del ayuntamiento de la capital, aunque no se presente a desquitarlo trabajando en el mismo.<\/p>\n\n\n\n<p>\u00bfC\u00f3mo se le llama a eso?<\/p>\n\n\n\n<p>\u88d9\u5e36\u95dc\u4fc2, \u504f\u8892, \u88d9\u5e26\u5173\u7cfb en Chino;<\/p>\n\n\n\n<p>nepotism, en ingl\u00e9s,<\/p>\n\n\n\n<p>nepotismo en portugu\u00e9s,<\/p>\n\n\n\n<p>n\u00e9potisme en franc\u00e9s;<\/p>\n\n\n\n<p>Vetternwirtschaft en alem\u00e1n\u2026 bueno, usted entiende.<\/p>\n\n\n\n<p>\u00bfSin\u00f3nimos? Favoritismo, predilecci\u00f3n, privanza, favor, privilegio, amiguismo, enchufe; o lo que es lo mismo, tendencia a favorecer a amigos o familiares con cargos p\u00fablicos.<\/p>\n\n\n\n<p>\u00a1Ah, no!, Perdone usted, \u00a1No es cierto!, \u00a1Qu\u00e9 b\u00e1rbaro!, Graso error, no es nepotismo porque no est\u00e1 buscando que alguna de sus hijas trabaje donde ella tambi\u00e9n lo hace; No, aqu\u00ed lo m\u00e1s ad hoc es:<\/p>\n\n\n\n<p>Aviador, par\u00e1sito, incluso han usado el t\u00e9rmino \u201cgorr\u00f3n de n\u00f3mina\u201d, o miembro de la n\u00f3mina fantasma cuando es m\u00e1s bien un registro que dicen los que las llevan supuestamente \u201cno existe\u201d.<\/p>\n\n\n\n<p>Mmm\u2026 pues ah\u00ed est\u00e1 el caso, nos queda claro estimado (a, e) lector que no son diferentes, digo, perd\u00f3n, lo mismo de antes\u2026 \u00a1ellos no!<\/p>\n","protected":false},"excerpt":{"rendered":"<p>Arturo Reyes Gonz\u00e1lez Burladero Al puro estilo de JOLOPO -el expresidente de nuestro pa\u00eds, Jos\u00e9 L\u00f3pez Portillo, en el periodo de 1976 a 1982-, de aquel viejo PRI, del de entonces, de muchos a\u00f1os atr\u00e1s, del pasado pues, no como el de ahora, no vaya a creer; la hoy exdiputada local y destacada miembro del [&hellip;]<\/p>\n","protected":false},"author":2,"featured_media":141375,"comment_status":"closed","ping_status":"closed","sticky":false,"template":"","format":"standard","meta":{"_jetpack_newsletter_access":"","_jetpack_dont_email_post_to_subs":false,"_jetpack_newsletter_tier_id":0,"_jetpack_memberships_contains_paywalled_content":false,"_jetpack_memberships_contains_paid_content":false,"footnotes":""},"categories":[70],"tags":[],"class_list":["post-152255","post","type-post","status-publish","format-standard","has-post-thumbnail","hentry","category-de-opinion"],"jetpack_featured_media_url":"https:\/\/lospoliticosveracruz.com.mx\/wp-content\/uploads\/2025\/04\/Arturo-Reyes.jpg","jetpack_sharing_enabled":true,"jetpack_shortlink":"https:\/\/wp.me\/p4Qcd3-DBJ","_links":{"self":[{"href":"https:\/\/lospoliticosveracruz.com.mx\/index.php?rest_route=\/wp\/v2\/posts\/152255","targetHints":{"allow":["GET"]}}],"collection":[{"href":"https:\/\/lospoliticosveracruz.com.mx\/index.php?rest_route=\/wp\/v2\/posts"}],"about":[{"href":"https:\/\/lospoliticosveracruz.com.mx\/index.php?rest_route=\/wp\/v2\/types\/post"}],"author":[{"embeddable":true,"href":"https:\/\/lospoliticosveracruz.com.mx\/index.php?rest_route=\/wp\/v2\/users\/2"}],"replies":[{"embeddable":true,"href":"https:\/\/lospoliticosveracruz.com.mx\/index.php?rest_route=%2Fwp%2Fv2%2Fcomments&post=152255"}],"version-history":[{"count":1,"href":"https:\/\/lospoliticosveracruz.com.mx\/index.php?rest_route=\/wp\/v2\/posts\/152255\/revisions"}],"predecessor-version":[{"id":152256,"href":"https:\/\/lospoliticosveracruz.com.mx\/index.php?rest_route=\/wp\/v2\/posts\/152255\/revisions\/152256"}],"wp:featuredmedia":[{"embeddable":true,"href":"https:\/\/lospoliticosveracruz.com.mx\/index.php?rest_route=\/wp\/v2\/media\/141375"}],"wp:attachment":[{"href":"https:\/\/lospoliticosveracruz.com.mx\/index.php?rest_route=%2Fwp%2Fv2%2Fmedia&parent=152255"}],"wp:term":[{"taxonomy":"category","embeddable":true,"href":"https:\/\/lospoliticosveracruz.com.mx\/index.php?rest_route=%2Fwp%2Fv2%2Fcategories&post=152255"},{"taxonomy":"post_tag","embeddable":true,"href":"https:\/\/lospoliticosveracruz.com.mx\/index.php?rest_route=%2Fwp%2Fv2%2Ftags&post=152255"}],"curies":[{"name":"wp","href":"https:\/\/api.w.org\/{rel}","templated":true}]}}