{"id":152394,"date":"2025-09-11T07:22:27","date_gmt":"2025-09-11T12:22:27","guid":{"rendered":"https:\/\/lospoliticosveracruz.com.mx\/?p=152394"},"modified":"2025-09-11T07:22:48","modified_gmt":"2025-09-11T12:22:48","slug":"tucom-todos-unidos-contra-martincillo","status":"publish","type":"post","link":"https:\/\/lospoliticosveracruz.com.mx\/?p=152394","title":{"rendered":"TUCOM (Todos Unidos Contra Martincillo)"},"content":{"rendered":"\n\n\n<p><strong>Omar Z\u00fa\u00f1iga<\/strong><\/p>\n\n\n\n<p><em>De Primera Mano<\/em> <\/p>\n\n\n\n<p>Hoy, 11 de septiembre, la Universidad Veracruzana cumple 81 a\u00f1os. Triste festejo, sumida en la mayor de sus crisis, por culpa de un aprendiz de tirano convertido en espurio.<br>Hoy mismo, como le informamos en este espacio, los estudiantes organizados marchar\u00e1n contra la ilegalidad: ir\u00e1n de Rector\u00eda a Plaza Lerdo, con un plant\u00f3n frente a Palacio de Gobierno. La cita es a las 14:00 horas.<\/p>\n\n\n\n<figure class=\"wp-block-image size-full\"><a href=\"https:\/\/lospoliticosveracruz.com.mx\/wp-content\/uploads\/2025\/09\/IMG_7634.png\"><img loading=\"lazy\" decoding=\"async\" width=\"300\" height=\"300\" src=\"https:\/\/lospoliticosveracruz.com.mx\/wp-content\/uploads\/2025\/09\/IMG_7634.png\" alt=\"\" class=\"wp-image-152375\" srcset=\"https:\/\/lospoliticosveracruz.com.mx\/wp-content\/uploads\/2025\/09\/IMG_7634.png 300w, https:\/\/lospoliticosveracruz.com.mx\/wp-content\/uploads\/2025\/09\/IMG_7634-150x150.png 150w, https:\/\/lospoliticosveracruz.com.mx\/wp-content\/uploads\/2025\/09\/IMG_7634-125x125.png 125w\" sizes=\"auto, (max-width: 300px) 100vw, 300px\" \/><\/a><\/figure>\n\n\n\n<p><br>Tambi\u00e9n la Red UV por la Legalidad, marchar\u00e1 de la sede de la Junta de Gobierno en Murillo Vidal a la misma Plaza en el Centro de Xalapa.<br>Visto esto, el sindicato de los acad\u00e9micos, el FESAPAUV, liderado por Enrique Papo Levet, convoc\u00f3 a trav\u00e9s de sus delegados regionales, seccionales y de facultades, todos pues, a una concentraci\u00f3n en Rector\u00eda.<br>Seg\u00fan sabemos, inicialmente tambi\u00e9n habr\u00eda marcha, sin embargo y con el pretexto del aniversario de la UV, s\u00f3lo habr\u00e1 concentraci\u00f3n \u201cmasiva\u201d en Rector\u00eda y posterior festejo en grande, que aprovechar\u00e1n para respaldar a Martincillo.<br>Por ejemplo en Veracruz enviaron el siguiente mensaje: \u201cMaestros. Buenas noches. Todos listos para el jueves. Hay nuevas indicaciones del Comit\u00e9 Regional. La salida es el jueves 11 a las 8:00 horas desde Azueta 1400 vestimenta pantal\u00f3n de mezclilla, playera blanca o la azul del desfile del d\u00eda primero de mayo o similar. Llevar una gorra del Fesapauv, de ser posible la azul,<br>porque la concentraci\u00f3n en la explanada de Rector\u00eda ser\u00e1 a las 10:30, nos iremos directo a la Rector\u00eda, por ello no habr\u00e1 desayuno. Regresaremos y habremos de parar para comer, la hora de regreso ser\u00e1 a las 14:00 hrs y llegada a Veracruz aproximadamente a las 17:00 hrs.\u201d.<br>A las existentes, de las distintas regiones, se suma la convocatoria \u201coficial\u201d por parte de rector\u00eda:<br>\u201cCelebremos juntas y juntos el 81 Aniversario de la Universidad Veracruzana el pr\u00f3ximo 11 de septiembre, a las 11:00 hrs. en la entrada principal de oficinas centrales, ubicadas en zona universitaria de Xalapa, Ver.\u201d.<br>No est\u00e1 por dem\u00e1s subrayar que a los \u201cinvitados\u201d del FESAPAUV, se les avis\u00f3 que esta inasistencia a clases ser\u00e1 debidamente justificada, pues, pues\u2026 \u00a1se justifica!, \u00bfque no?<br>Y por descarte, a los rebeldes, a los que marchan por la legalidad, a los maestros que est\u00e1n en contra de la imposic\u00f3n de un rector espurio, les har\u00e1n valer el rigor de su molestia, descont\u00e1ndoles el d\u00eda y seguramente reporte al c\u00e1rdex.<br>Dicen los que saben, que Martincillo est\u00e1 realmente aterrado, ante lo que se viene, que no es cosa sencilla. Ya se ver\u00e1.<\/p>\n\n\n\n<hr class=\"wp-block-separator has-alpha-channel-opacity\"\/>\n\n\n\n<p>Otra de las versiones que dejaron correr ayer mismo, es que la marcha contra la imposici\u00f3n, estar\u00e1 infiltrada por esquiroles.<br>Por esta raz\u00f3n los estudiantes organizados llaman a mantener la calma y no caer en provocaciones.<br>Leer y escuchar estas indicaciones, hace que la piel se erize, y que los recuerdos se agolpen en tropel.<br>Cuando la UV habla, Veracruz tiembla.<\/p>\n\n\n\n<hr class=\"wp-block-separator has-alpha-channel-opacity\"\/>\n\n\n\n<p>Para documentar el optimismo\u2026, en los movimientos que premian el actuar de funcionarios que hicieron el trabajo sucio para \u201clegitimar\u201d la pr\u00f3rroga de Martincillo, se sabe que a Jos\u00e9 Luis S\u00e1nchez Leyva, director del \u00e1rea Econ\u00f3mico-Administrativa le fue ofrecida la Secretar\u00eda Acad\u00e9mica que finalmente le fue otorgada a Arturo Aguilar Ye (aka Profesor Jirafales).<br>Antes este panorama, a S\u00e1nchez Leyva buscan ofrecerle como premio de consolaci\u00f3n, la Direcci\u00f3n de Desarrollo Acad\u00e9mico e Innovaci\u00f3n Educativa, que actualmente ocupa El\u00edzabeth Ocampo G\u00f3mez.<br>Ante el pobre desempe\u00f1o (dicho por el mismo Martincillo a sus cercanos) mostrado al frente de esa Direcci\u00f3n (por no decir el desmadre que ah\u00ed tienen) y los resultados desastrosos del tan nombrado redise\u00f1o del Modelo Educativo Integral y Flexible (MEIF), proyecto que ten\u00eda a su cargo, confiado por Martincillo.<br>Fue m\u00e1s que evidente que se hizo al vapor y se tom\u00f3 como \u201cestrategia\u201d inventarse un taller interregional con directores, coordinadores acad\u00e9micos del SEA, personal de la UVI y personal de las \u00c1reas Acad\u00e9micas, el \u00c1rea de Formaci\u00f3n B\u00e1sica General y vicerrectores y dem\u00e1s funcionarios a fin de repartir culpas y tratar de componer un Frankenstein que la mism\u00edsima Mary Shelley envidiar\u00eda.<br>El maldito \u201cpero\u201d de siempre es que al interior de esa \u00e1rea acad\u00e9mica, hay irregularidades, varias, como los casos ya mencionados de las plazas en la Facultad de Contadur\u00eda y Administraci\u00f3n de la regi\u00f3n Coatzacoalcos bajo la \u201csupervisi\u00f3n\u201d del director general de \u00c1rea Acad\u00e9mica Econ\u00f3mico Administrativa, Jos\u00e9 Luis S\u00e1nchez Leyva.<br>Y es que en dicha \u00e1rea no solo ocurren cosas raras en las regiones, tambi\u00e9n en Xalapa sopla el viento.<br>Durante el periodo legal del rectorcito, en dicha \u00e1rea se permitieron cosas muy, muy\u2026 raras por poner un calificativo: por ejemplo, permitir que profesores de tiempo completo en la Facultad de Estad\u00edstica e Inform\u00e1tica tengan doble chamba en otras dependencias y centros de trabajo, bajo el ojo permisivo del director del \u00e1rea, de la facultad y por supuesto del FESAPAUV.<br>O permitir que profesores que recientemente ganaran una plaza de T\u00e9cnico Acad\u00e9mico en dicha facultad, se les invente una coordinaci\u00f3n \u201cfantasma\u201d, es decir, una coordinaci\u00f3n inexistente en el Reglamento Interno de la facultad, para cubrir sus horas de trabajo, aunado a eso, a la misma persona ganadora de la plaza, se le comision\u00f3 a otra actividad fuera de la facultad, todo bajo la anuencia del director del \u00e1rea, cuando se supone que las plazas que se solicitan atienden una necesidad urgente de los programas para los cuales se solicitan.<br>Aqu\u00ed viene las preguntas -\u00bfd\u00f3nde qued\u00f3 la urgencia y necesidad de contar con personal acad\u00e9mico especializado con el perfil convocado? -\u00bfD\u00f3nde est\u00e1 el cuestionamiento del director del \u00e1rea acad\u00e9mica al director de la facultad por disponer de un recurso humano que atiende una necesidad de la facultad?<br>O es acaso que esa necesidad nunca existi\u00f3 o fue ficticia -\u00bfPor qu\u00e9 el director del \u00e1rea no hizo nada al respecto con las decisiones que toma el director de la facultad?, \u00bflo est\u00e1 protegiendo para que tome su lugar en el \u00e1rea Econ\u00f3mico-Administrativa si Martincillo premia con la Direcci\u00f3n de Desarrollo Acad\u00e9mico a S\u00e1nchez Leyva, por acarrear gente a la consulta y dem\u00e1s actividades para que se le otorgara la ilegal pr\u00f3rroga?<br>Son preguntas a las que por supuesto, buscaremos respuestas.<\/p>\n\n\n\n<p>\u00a1Qu\u00e9 barbaridad!<br>deprimera.mano2020@gmail.com<\/p>\n","protected":false},"excerpt":{"rendered":"<p>Omar Z\u00fa\u00f1iga De Primera Mano Hoy, 11 de septiembre, la Universidad Veracruzana cumple 81 a\u00f1os. Triste festejo, sumida en la mayor de sus crisis, por culpa de un aprendiz de tirano convertido en espurio.Hoy mismo, como le informamos en este espacio, los estudiantes organizados marchar\u00e1n contra la ilegalidad: ir\u00e1n de Rector\u00eda a Plaza Lerdo, con [&hellip;]<\/p>\n","protected":false},"author":2,"featured_media":141427,"comment_status":"closed","ping_status":"closed","sticky":false,"template":"","format":"standard","meta":{"_jetpack_newsletter_access":"","_jetpack_dont_email_post_to_subs":false,"_jetpack_newsletter_tier_id":0,"_jetpack_memberships_contains_paywalled_content":false,"_jetpack_memberships_contains_paid_content":false,"footnotes":""},"categories":[70],"tags":[782,46027,29146,96],"class_list":["post-152394","post","type-post","status-publish","format-standard","has-post-thumbnail","hentry","category-de-opinion","tag-fesapauv","tag-jose-luis-sanchez-leyva","tag-martin-aguilar-sanchez-2","tag-xalapa"],"jetpack_featured_media_url":"https:\/\/lospoliticosveracruz.com.mx\/wp-content\/uploads\/2025\/04\/Omar-Zuniga.jpg","jetpack_sharing_enabled":true,"jetpack_shortlink":"https:\/\/wp.me\/p4Qcd3-DDY","_links":{"self":[{"href":"https:\/\/lospoliticosveracruz.com.mx\/index.php?rest_route=\/wp\/v2\/posts\/152394","targetHints":{"allow":["GET"]}}],"collection":[{"href":"https:\/\/lospoliticosveracruz.com.mx\/index.php?rest_route=\/wp\/v2\/posts"}],"about":[{"href":"https:\/\/lospoliticosveracruz.com.mx\/index.php?rest_route=\/wp\/v2\/types\/post"}],"author":[{"embeddable":true,"href":"https:\/\/lospoliticosveracruz.com.mx\/index.php?rest_route=\/wp\/v2\/users\/2"}],"replies":[{"embeddable":true,"href":"https:\/\/lospoliticosveracruz.com.mx\/index.php?rest_route=%2Fwp%2Fv2%2Fcomments&post=152394"}],"version-history":[{"count":2,"href":"https:\/\/lospoliticosveracruz.com.mx\/index.php?rest_route=\/wp\/v2\/posts\/152394\/revisions"}],"predecessor-version":[{"id":152396,"href":"https:\/\/lospoliticosveracruz.com.mx\/index.php?rest_route=\/wp\/v2\/posts\/152394\/revisions\/152396"}],"wp:featuredmedia":[{"embeddable":true,"href":"https:\/\/lospoliticosveracruz.com.mx\/index.php?rest_route=\/wp\/v2\/media\/141427"}],"wp:attachment":[{"href":"https:\/\/lospoliticosveracruz.com.mx\/index.php?rest_route=%2Fwp%2Fv2%2Fmedia&parent=152394"}],"wp:term":[{"taxonomy":"category","embeddable":true,"href":"https:\/\/lospoliticosveracruz.com.mx\/index.php?rest_route=%2Fwp%2Fv2%2Fcategories&post=152394"},{"taxonomy":"post_tag","embeddable":true,"href":"https:\/\/lospoliticosveracruz.com.mx\/index.php?rest_route=%2Fwp%2Fv2%2Ftags&post=152394"}],"curies":[{"name":"wp","href":"https:\/\/api.w.org\/{rel}","templated":true}]}}