{"id":152403,"date":"2025-09-11T11:11:06","date_gmt":"2025-09-11T16:11:06","guid":{"rendered":"https:\/\/lospoliticosveracruz.com.mx\/?p=152403"},"modified":"2025-09-11T11:11:25","modified_gmt":"2025-09-11T16:11:25","slug":"gobiernos-municipales-la-confianza-inicia-en-tu-calle","status":"publish","type":"post","link":"https:\/\/lospoliticosveracruz.com.mx\/?p=152403","title":{"rendered":"GOBIERNOS MUNICIPALES: LA CONFIANZA INICIA EN TU CALLE"},"content":{"rendered":"\n\n\n<p><strong>Agust\u00edn Torres Delgado<br><\/strong><em>Pa\u2019 vivir a gusto<\/em><\/p>\n\n\n\n<p>En cualquier sistema democr\u00e1tico, es el gobierno municipal el cimiento m\u00e1s pr\u00f3ximo a la vida cotidiana de las personas. Son los municipios quienes de primera mano recogen las necesidades m\u00e1s sentidas de la gente, son quienes tienen que gestionar los servicios b\u00e1sicos, y, adem\u00e1s, es su deber atender los reclamos m\u00e1s inmediatos, al mismo tiempo son responsables del bien com\u00fan y de la administraci\u00f3n sensata de los recursos. Es decir, son, sin duda, la cara m\u00e1s cercana del gobierno con las personas.<\/p>\n\n\n\n<figure class=\"wp-block-image size-full\"><a href=\"https:\/\/lospoliticosveracruz.com.mx\/wp-content\/uploads\/2025\/09\/IMG_7634.png\"><img loading=\"lazy\" decoding=\"async\" width=\"300\" height=\"300\" src=\"https:\/\/lospoliticosveracruz.com.mx\/wp-content\/uploads\/2025\/09\/IMG_7634.png\" alt=\"\" class=\"wp-image-152375\" srcset=\"https:\/\/lospoliticosveracruz.com.mx\/wp-content\/uploads\/2025\/09\/IMG_7634.png 300w, https:\/\/lospoliticosveracruz.com.mx\/wp-content\/uploads\/2025\/09\/IMG_7634-150x150.png 150w, https:\/\/lospoliticosveracruz.com.mx\/wp-content\/uploads\/2025\/09\/IMG_7634-125x125.png 125w\" sizes=\"auto, (max-width: 300px) 100vw, 300px\" \/><\/a><\/figure>\n\n\n\n<p>Para nosotros hablar de buenos gobiernos municipales implica que sean cercanos a la gente, eficientes, transparentes y con visi\u00f3n de largo plazo. En este contexto es que destacamos la labor de las y los alcaldes de Movimiento Ciudadano en varios municipios clave en el pa\u00eds, donde han sabido gobernar con responsabilidad, innovaci\u00f3n y resultados tangibles.<\/p>\n\n\n\n<p>Un ejemplo de nuestros buenos gobiernos es nuestra alcaldesa en Guadalajara, Ver\u00f3nica Delgadillo, quien recientemente present\u00f3 su primer informe de gobierno y ha trabajado en este a\u00f1o bajo una estrategia que integra cuatro pilares centrales: polic\u00eda de proximidad, servicios p\u00fablicos de calidad, pol\u00edtica social focalizada y corresponsabilidad ciudadana. Bajo su liderazgo, su gobierno es muestra clara de c\u00f3mo una administraci\u00f3n local puede ser progresista, eficaz y cercana.<\/p>\n\n\n\n<p>Nuestra alcaldesa en Guadalajara ha puesto en el centro a las personas, impulsa pol\u00edticas p\u00fablicas con enfoque de g\u00e9nero, recupera espacios p\u00fablicos, apuesta por la movilidad sostenible y trabaja en la mejora de los servicios b\u00e1sicos y, sobre todo, ha sabido escuchar a la gente.<\/p>\n\n\n\n<p>En el informe de la alcaldesa destacan: en materia de seguridad, la reducci\u00f3n en un 28% en los delitos; en el caso de los servicios p\u00fablicos la alcald\u00eda recuper\u00f3 la rector\u00eda del servicio de recolecci\u00f3n de basura, incorpor\u00f3 160 camiones recolectores y con ello se elev\u00f3 la eficiencia en un 95%; se crearon 11 comunidades de atenci\u00f3n cuya labor es dar respuesta r\u00e1pida y mejorar la organizaci\u00f3n en el municipio, con programas como los \u201cMartes comunitarios\u201d y los \u201cS\u00e1bados de corresponsabilidad\u201d, se promueve el contacto directo con los vecinos y la participaci\u00f3n ciudadana.<\/p>\n\n\n\n<p>Se tuvo una inversi\u00f3n de m\u00e1s de 840 millones de pesos en obra p\u00fablica, este recurso se destin\u00f3 a mejorar vialidades y espacios p\u00fablicos como parques y unidades deportivas, asimismo hoy Guadalajara es el primer municipio en M\u00e9xico en tener el 100% del alumbrado p\u00fablico con tecnolog\u00eda LED, por lo que es nombrada la Ciudad de la Luz.<\/p>\n\n\n\n<p>Su gesti\u00f3n representa la nueva forma de gobernar de Movimiento Ciudadano; hemos ido construyendo en distintos municipios del pa\u00eds: gobiernos j\u00f3venes, con sensibilidad social y una visi\u00f3n moderna. No se trata solo de administrar, se trata de cambiar exponencialmente la vida de todas las personas y su entorno.<\/p>\n\n\n\n<p>Apostar por construir desde lo local no es menor. Cuando un municipio funciona, cuando las calles est\u00e1n limpias, cuando el alumbrado sirve, cuando hay seguridad y atenci\u00f3n, se construye un v\u00ednculo de confianza entre la ciudadan\u00eda y sus instituciones. Esa confianza es hoy uno de los valores m\u00e1s escasos y m\u00e1s valiosos dentro de nuestra vida p\u00fablica.<\/p>\n\n\n\n<p>Para Movimiento Ciudadano es de vital importancia mirar lo que sucede en nuestros gobiernos municipales porque est\u00e1n marcando la diferencia; est\u00e1n dando pasos firmes hacia un nuevo modelo de gobierno, m\u00e1s transparente, participativo y eficiente. En un pa\u00eds en donde muchas veces la pol\u00edtica parece distante o fallida, son los liderazgos locales los que mantienen viva la esperanza de que s\u00ed se puede gobernar bien.<\/p>\n\n\n\n<p>En Veracruz estaremos acompa\u00f1ando a todas las y los alcaldes que iniciar\u00e1n su cargo en enero del pr\u00f3ximo a\u00f1o, sabemos que tienen el firme compromiso de replicar las mejores pr\u00e1cticas de buenos gobiernos de Movimiento Ciudadano, estamos seguros de que ser\u00e1n dignos de la confianza que en ellas y ellos depositaron las y los veracruzanos en las urnas, en la pasada elecci\u00f3n. No omito recordar aqu\u00ed que no nos hemos olvidado de Papantla y Poza Rica, vamos a defender la voluntad de la gente hasta la \u00faltima instancia.<\/p>\n\n\n\n<p>Al final del d\u00eda, el primer contacto que tiene una persona con el Estado no es con una instancia federal ni con una gran instituci\u00f3n nacional, es con el municipio. Cuando ese primer contacto es positivo, cercano y resolutivo, se abre una puerta hacia una democracia m\u00e1s s\u00f3lida y una ciudadan\u00eda m\u00e1s activa.<\/p>\n\n\n\n<p>Maestro Agust\u00edn Torres Delgado<br>Secretario General de Acuerdos<br>Movimiento Ciudadano<\/p>\n","protected":false},"excerpt":{"rendered":"<p>Agust\u00edn Torres DelgadoPa\u2019 vivir a gusto En cualquier sistema democr\u00e1tico, es el gobierno municipal el cimiento m\u00e1s pr\u00f3ximo a la vida cotidiana de las personas. Son los municipios quienes de primera mano recogen las necesidades m\u00e1s sentidas de la gente, son quienes tienen que gestionar los servicios b\u00e1sicos, y, adem\u00e1s, es su deber atender los [&hellip;]<\/p>\n","protected":false},"author":2,"featured_media":151473,"comment_status":"closed","ping_status":"closed","sticky":false,"template":"","format":"standard","meta":{"_jetpack_newsletter_access":"","_jetpack_dont_email_post_to_subs":false,"_jetpack_newsletter_tier_id":0,"_jetpack_memberships_contains_paywalled_content":false,"_jetpack_memberships_contains_paid_content":false,"footnotes":""},"categories":[70],"tags":[],"class_list":["post-152403","post","type-post","status-publish","format-standard","has-post-thumbnail","hentry","category-de-opinion"],"jetpack_featured_media_url":"https:\/\/lospoliticosveracruz.com.mx\/wp-content\/uploads\/2025\/08\/Agustin-Torres-Delgado.jpg","jetpack_sharing_enabled":true,"jetpack_shortlink":"https:\/\/wp.me\/p4Qcd3-DE7","_links":{"self":[{"href":"https:\/\/lospoliticosveracruz.com.mx\/index.php?rest_route=\/wp\/v2\/posts\/152403","targetHints":{"allow":["GET"]}}],"collection":[{"href":"https:\/\/lospoliticosveracruz.com.mx\/index.php?rest_route=\/wp\/v2\/posts"}],"about":[{"href":"https:\/\/lospoliticosveracruz.com.mx\/index.php?rest_route=\/wp\/v2\/types\/post"}],"author":[{"embeddable":true,"href":"https:\/\/lospoliticosveracruz.com.mx\/index.php?rest_route=\/wp\/v2\/users\/2"}],"replies":[{"embeddable":true,"href":"https:\/\/lospoliticosveracruz.com.mx\/index.php?rest_route=%2Fwp%2Fv2%2Fcomments&post=152403"}],"version-history":[{"count":1,"href":"https:\/\/lospoliticosveracruz.com.mx\/index.php?rest_route=\/wp\/v2\/posts\/152403\/revisions"}],"predecessor-version":[{"id":152404,"href":"https:\/\/lospoliticosveracruz.com.mx\/index.php?rest_route=\/wp\/v2\/posts\/152403\/revisions\/152404"}],"wp:featuredmedia":[{"embeddable":true,"href":"https:\/\/lospoliticosveracruz.com.mx\/index.php?rest_route=\/wp\/v2\/media\/151473"}],"wp:attachment":[{"href":"https:\/\/lospoliticosveracruz.com.mx\/index.php?rest_route=%2Fwp%2Fv2%2Fmedia&parent=152403"}],"wp:term":[{"taxonomy":"category","embeddable":true,"href":"https:\/\/lospoliticosveracruz.com.mx\/index.php?rest_route=%2Fwp%2Fv2%2Fcategories&post=152403"},{"taxonomy":"post_tag","embeddable":true,"href":"https:\/\/lospoliticosveracruz.com.mx\/index.php?rest_route=%2Fwp%2Fv2%2Ftags&post=152403"}],"curies":[{"name":"wp","href":"https:\/\/api.w.org\/{rel}","templated":true}]}}