{"id":152566,"date":"2025-09-14T21:35:06","date_gmt":"2025-09-15T02:35:06","guid":{"rendered":"https:\/\/lospoliticosveracruz.com.mx\/?p=152566"},"modified":"2025-09-14T21:35:16","modified_gmt":"2025-09-15T02:35:16","slug":"reconstruccion-de-seguridad-coordinacion-con-los-mandos","status":"publish","type":"post","link":"https:\/\/lospoliticosveracruz.com.mx\/?p=152566","title":{"rendered":"RECONSTRUCCI\u00d3N DE SEGURIDAD; COORDINACI\u00d3N CON LOS MANDOS"},"content":{"rendered":"\n\n\n<p><strong>Jos\u00e9 Luis Enr\u00edquez Ambell<br><\/strong><em>Caf\u00e9 de Ma\u00f1ana<br><\/em><\/p>\n\n\n\n<p>La lucha contra la ilegalidad por parte de las acciones que viene implementando el titular de la SSPC (Secretar\u00eda de Seguridad P\u00fablica y Protecci\u00f3n Ciudadana) del Gobierno Federal Omar Garc\u00eda Harfuch, coordinadamente con los mandos Militar y Naval del Gabinete Presidencial, atraviesa por nuevas rutas en las funciones de ambas l\u00edneas de actuaci\u00f3n.<\/p>\n\n\n<div class=\"wp-block-image\">\n<figure class=\"alignleft size-thumbnail\"><a href=\"https:\/\/lospoliticosveracruz.com.mx\/wp-content\/uploads\/2025\/09\/IMG_7634.png\"><img loading=\"lazy\" decoding=\"async\" width=\"150\" height=\"150\" src=\"https:\/\/lospoliticosveracruz.com.mx\/wp-content\/uploads\/2025\/09\/IMG_7634-150x150.png\" alt=\"\" class=\"wp-image-152375\" srcset=\"https:\/\/lospoliticosveracruz.com.mx\/wp-content\/uploads\/2025\/09\/IMG_7634-150x150.png 150w, https:\/\/lospoliticosveracruz.com.mx\/wp-content\/uploads\/2025\/09\/IMG_7634-125x125.png 125w, https:\/\/lospoliticosveracruz.com.mx\/wp-content\/uploads\/2025\/09\/IMG_7634.png 300w\" sizes=\"auto, (max-width: 150px) 100vw, 150px\" \/><\/a><\/figure><\/div>\n\n\n<p>Y a casi siete a\u00f1os del desmantelamiento que el Presidente L\u00f3pez Obrador hiciera de lo que fue la Polic\u00eda Federal, y trasladando tareas de la seguridad a los mandos militares, parece que ahora se esta reconstruyendo a partir de estrategias de \u00e9lite a trav\u00e9s de la investigaci\u00f3n, pero tambi\u00e9n con operativos espec\u00edficos en busca de resultados contra grupos dedicados a las actividades delincuenciales de diversas l\u00edneas de conducta antisociales.<\/p>\n\n\n\n<p>Y es que, el endurecimiento de las presiones de los Estados Unidos y Mr. Donald Trump, en relaci\u00f3n a las causas de la delincuencia para enfrentarse discretamente con abrazos y no balazos, llevo a la Presidenta Sheinbaum a qu\u00e9 Omar Garc\u00eda Harfuch, recupere junto con los mandos militares, el liderazgo policial civil de la mano de ella misma; Do\u00f1a Claudia.<\/p>\n\n\n\n<p>Los operativos que durante el primer a\u00f1o del gobierno federal se han venido activando,- se dice que mediante la UNO (Unidad Nacional de Operaciones),- como un cuerpo de \u00e9lite de la Secretar\u00eda de Seguridad y Protecci\u00f3n Ciudadana (SSPC), estar\u00eda por incrementar sus acciones y ejecutando operativos complejos y de alto impacto, fortaleciendo la tendencia de prevenci\u00f3n de delitos y a la vez mantener el orden p\u00fablico, conjuntamente con los mandos naval y militar, sin descontar la participaci\u00f3n de la FGR y la Secretaria de Gobernaci\u00f3n.<\/p>\n\n\n\n<p>Las acciones recientes que han sacudido a las instituciones en M\u00e9xico y que tienen contra la pared a algunos servidores p\u00fablicos de los diversos niveles, es bastante probable que atienda a exigencias de Washington, pero igual corresponde a la etapa de reconstrucci\u00f3n y coordinaci\u00f3n que el gobierno de la rep\u00fablica ahora viene orquestando en una mezcla de<br>inteligencia, investigaci\u00f3n y operatividad coordinada.<\/p>\n\n\n\n<p>Las negociaciones con la administraci\u00f3n de Mr. Trump durante la recta final del presente a\u00f1o, podr\u00edan empezar a ser m\u00e1s relajadas, pero no detendr\u00e1 otros operativos de Omar Gracia Harfuch, la FGR y los mandos.<\/p>\n\n\n\n<p>DE SOBREMESA<\/p>\n\n\n\n<p>Las investigaciones en d\u00f3nde existan algunos<br>involucramientos pol\u00edticos como se han dado a conocer en el terreno federal, las polic\u00edas estatales y municipales no deben estar muy tranquilas.<\/p>\n\n\n\n<p>Las detenciones de autoridades de nivel as\u00ed como, con elevados cargos habr\u00e1 de suponer a funcionarios de varios pisos entre federal, estatales y municipales en el devenir.<\/p>\n\n\n\n<p>UN CAF\u00c9 LECHERO LIGHT<\/p>\n\n\n\n<p>En el caso de los titulares de las polic\u00edas en los municipios donde miembros de los mandos naval y militar han venido ocupando espacios de direcci\u00f3n en varios Ayuntamientos en el Estado de Veracruz &#8211; ahora que habr\u00e1 relevos &#8211; podr\u00edan ser sustituidos por algunos civiles en la transici\u00f3n municipal venidera.<\/p>\n\n\n\n<p>Y es que, la influencia de Omar Garc\u00eda Harfuch en el aparato gubernamental en la seguridad de los estados y municipios &#8211; sobre todo en las regiones complicadas &#8211; requerir\u00e1n de todos los \u00f3rganos de inteligencia, equipos de an\u00e1lisis e investigaci\u00f3n en su estructura.<\/p>\n\n\n\n<p>UN CAF\u00c9 CON PILONCILLO<\/p>\n\n\n\n<p>Omar Garc\u00eda Harfuch, no pertenece al n\u00facleo duro de Morena en el Gobierno y que incluso le bloquearon en sus pretensiones electorales en la Cdmx, pero tambi\u00e9n es cierto que desde el gabinete legal y ampliado de la Presidenta Claudia Sheinbaum, y los y las gobernador@s en el Pa\u00eds, lo respetan y aceptan.<\/p>\n\n\n\n<p>Aquellas voces pol\u00edticas que expresaron en alg\u00fan momento murmullos en su contra, ya le reconocen su crecimiento y fortalecimiento evolutivo, a\u00fan siendo ajeno al ala izquierda cl\u00e1sica, incluyendo a compa\u00f1eros de gabinete, y es que ahora Garc\u00eda Harfuch genera un buen nivel de consenso.<\/p>\n\n\n\n<p>UN CAF\u00c9 DE OLLA DE BARRO<\/p>\n\n\n\n<p>El control sobre el aparato de seguridad de parte de Omar Garc\u00eda es total, y adem\u00e1s de la confianza de la Presidenta Sheinbaum, gracias tambi\u00e9n a las leyes que Morena ha aprobado en el Congreso de la Uni\u00f3n, de ah\u00ed que en el universo territorial, continuar\u00e1n uniendo los esfuerzos con las Fuerzas Armadas y las Aduanas as\u00ed como, con Gertz Manero en la FGR, seg\u00fan se logra percibir.<\/p>\n\n\n\n<p>\u00a1ES CUANTO!<\/p>\n\n\n\n<p>enriquezambell@gmail.com;<br>enamjl62@gmail.com<\/p>\n","protected":false},"excerpt":{"rendered":"<p>Jos\u00e9 Luis Enr\u00edquez AmbellCaf\u00e9 de Ma\u00f1ana La lucha contra la ilegalidad por parte de las acciones que viene implementando el titular de la SSPC (Secretar\u00eda de Seguridad P\u00fablica y Protecci\u00f3n Ciudadana) del Gobierno Federal Omar Garc\u00eda Harfuch, coordinadamente con los mandos Militar y Naval del Gabinete Presidencial, atraviesa por nuevas rutas en las funciones de [&hellip;]<\/p>\n","protected":false},"author":2,"featured_media":141435,"comment_status":"closed","ping_status":"closed","sticky":false,"template":"","format":"standard","meta":{"_jetpack_newsletter_access":"","_jetpack_dont_email_post_to_subs":false,"_jetpack_newsletter_tier_id":0,"_jetpack_memberships_contains_paywalled_content":false,"_jetpack_memberships_contains_paid_content":false,"footnotes":""},"categories":[70],"tags":[],"class_list":["post-152566","post","type-post","status-publish","format-standard","has-post-thumbnail","hentry","category-de-opinion"],"jetpack_featured_media_url":"https:\/\/lospoliticosveracruz.com.mx\/wp-content\/uploads\/2025\/04\/Ambell.jpg","jetpack_sharing_enabled":true,"jetpack_shortlink":"https:\/\/wp.me\/p4Qcd3-DGK","_links":{"self":[{"href":"https:\/\/lospoliticosveracruz.com.mx\/index.php?rest_route=\/wp\/v2\/posts\/152566","targetHints":{"allow":["GET"]}}],"collection":[{"href":"https:\/\/lospoliticosveracruz.com.mx\/index.php?rest_route=\/wp\/v2\/posts"}],"about":[{"href":"https:\/\/lospoliticosveracruz.com.mx\/index.php?rest_route=\/wp\/v2\/types\/post"}],"author":[{"embeddable":true,"href":"https:\/\/lospoliticosveracruz.com.mx\/index.php?rest_route=\/wp\/v2\/users\/2"}],"replies":[{"embeddable":true,"href":"https:\/\/lospoliticosveracruz.com.mx\/index.php?rest_route=%2Fwp%2Fv2%2Fcomments&post=152566"}],"version-history":[{"count":1,"href":"https:\/\/lospoliticosveracruz.com.mx\/index.php?rest_route=\/wp\/v2\/posts\/152566\/revisions"}],"predecessor-version":[{"id":152567,"href":"https:\/\/lospoliticosveracruz.com.mx\/index.php?rest_route=\/wp\/v2\/posts\/152566\/revisions\/152567"}],"wp:featuredmedia":[{"embeddable":true,"href":"https:\/\/lospoliticosveracruz.com.mx\/index.php?rest_route=\/wp\/v2\/media\/141435"}],"wp:attachment":[{"href":"https:\/\/lospoliticosveracruz.com.mx\/index.php?rest_route=%2Fwp%2Fv2%2Fmedia&parent=152566"}],"wp:term":[{"taxonomy":"category","embeddable":true,"href":"https:\/\/lospoliticosveracruz.com.mx\/index.php?rest_route=%2Fwp%2Fv2%2Fcategories&post=152566"},{"taxonomy":"post_tag","embeddable":true,"href":"https:\/\/lospoliticosveracruz.com.mx\/index.php?rest_route=%2Fwp%2Fv2%2Ftags&post=152566"}],"curies":[{"name":"wp","href":"https:\/\/api.w.org\/{rel}","templated":true}]}}