{"id":152573,"date":"2025-09-15T07:24:55","date_gmt":"2025-09-15T12:24:55","guid":{"rendered":"https:\/\/lospoliticosveracruz.com.mx\/?p=152573"},"modified":"2025-09-15T07:25:18","modified_gmt":"2025-09-15T12:25:18","slug":"historico-mujeres-presidiendo-el-grito","status":"publish","type":"post","link":"https:\/\/lospoliticosveracruz.com.mx\/?p=152573","title":{"rendered":"HIST\u00d3RICO, MUJERES PRESIDIENDO EL GRITO"},"content":{"rendered":"\n\n\n<p><br><strong>Fanny Y\u00e9pez<\/strong><br><em>La Columna<\/em><\/p>\n\n\n\n<p>Este a\u00f1o ser\u00e1 hist\u00f3rico, pues por primera vez dos mujeres, la presidenta Claudia Sheinbaum Pardo y la Gobernadora Roc\u00edo Nahle, encabezar\u00e1n los actos solemnes en los respectivos balcones de los palacios nacional y del estado, con motivo del 215 aniversario del inicio de la lucha independentista.<br>Debemos recordar que el movimiento independentista inici\u00f3 el 16 de septiembre de 1810 con el llamado del padre Miguel Hidalgo y Costilla, a levantarse en armas contra el dominio espa\u00f1ol, pero la culminaci\u00f3n de la Independencia de M\u00e9xico ocurri\u00f3 el 27 de septiembre de 1821, por lo que en 2025 se cumplen 204 a\u00f1os de la consumaci\u00f3n.<br>Por supuesto que es tiempo de mujeres, resaltamos que, en este a\u00f1o, M\u00e9xico cuenta con 13 mujeres Gobernadoras. \u00bfSab\u00edas que la primera mujer en gobernar un estado (Colima) fue Griselda \u00c1lvarez? Esto sucedi\u00f3 hace apenas 46 a\u00f1os; desde entonces la pol\u00edtica ha avanzado para permitir que las mujeres tengan una mayor participaci\u00f3n en la toma de decisiones.<\/p>\n\n\n\n<figure class=\"wp-block-image size-full\"><a href=\"https:\/\/lospoliticosveracruz.com.mx\/wp-content\/uploads\/2025\/09\/IMG_7634.png\"><img loading=\"lazy\" decoding=\"async\" width=\"300\" height=\"300\" src=\"https:\/\/lospoliticosveracruz.com.mx\/wp-content\/uploads\/2025\/09\/IMG_7634.png\" alt=\"\" class=\"wp-image-152375\" srcset=\"https:\/\/lospoliticosveracruz.com.mx\/wp-content\/uploads\/2025\/09\/IMG_7634.png 300w, https:\/\/lospoliticosveracruz.com.mx\/wp-content\/uploads\/2025\/09\/IMG_7634-150x150.png 150w, https:\/\/lospoliticosveracruz.com.mx\/wp-content\/uploads\/2025\/09\/IMG_7634-125x125.png 125w\" sizes=\"auto, (max-width: 300px) 100vw, 300px\" \/><\/a><\/figure>\n\n\n\n<p><br>Tambi\u00e9n el Senado de la Republica y el congreso de la Uni\u00f3n, as\u00ed como el poder legislativo del estado de Veracruz son presididas por mujeres. Actualmente de 19 secretar\u00edas del gabinete federal, 8 tienen mujeres al mando: Energ\u00eda, Educaci\u00f3n, Trabajo, Seguridad, Cultura, Econom\u00eda, Medio Ambiente y Bienestar.<br>Es tiempo de unidad, de sumar y demostrar capacidad de liderazgo.<br>Ahora las funcionarias est\u00e1n obligadas a demostrar capacidad de liderazgo y absoluta atenci\u00f3n como servidora p\u00fablica. Aunque suene quim\u00e9rico, es atender las leg\u00edtimas demandas del pueblo, quien es quien las llevo al poder.<br>Olvida viejas rencillas, rencores, odios, venganzas, pon o\u00eddos sordos a los chismes de los queda bien, pon en la balanza resultados y capacidades de los colaboradores, pero, sobre todo, tener una buena contenci\u00f3n emocional.<br>\u00bfC\u00f3mo se demuestra la capacidad de liderazgo?<br>Motiva a tu equipo de trabajo para ser un buen l\u00edder. \u2026<br>C\u00e9ntrate en el desarrollo del equipo. \u2026<br>Comun\u00edcate de manera eficaz como l\u00edder de equipo. \u2026<br>Demuestra gran inteligencia emocional. \u2026<br>Demuestra habilidades para resolver problemas. \u2026<br>Respeta a los dem\u00e1s. \u2026<br>Prioriza el desarrollo personal. \u2026<br>Promueve el pensamiento estrat\u00e9gico.<br>Pues este lunes ser\u00e1n mujeres las que dar\u00e1n el grito de independencia, donde exaltar\u00e1n la figura de las hero\u00ednas y h\u00e9roes que nos dieron patria y libertad.<br>Por inseguridad en 4 municipios se suspendieron los gritos y los desfiles<br>Lamentablemente, en el estado Veracruz, en cuatro municipios por inseguridad en esas demarcaciones no habr\u00e1 ceremonias del grito de independencia y tampoco desfiles c\u00edvico militar. Se trata de Coxquihui, Cerro Azul, Zozocolco y Coahuitl\u00e1n, donde los alcaldes dieron a conocer la cancelaci\u00f3n de estos magnos eventos.<br>Fue la noche de este s\u00e1bado cuando a trav\u00e9s de un documento oficial, el Cabildo de Coahuitl\u00e1n que preside Roberto Francisco Garc\u00eda, confirm\u00f3 la suspensi\u00f3n del \u00abtradicional Grito de Independencia del 215 Aniversario\u201d<br>En el documento, el Cabildo argumenta que la suspensi\u00f3n deriva \u00abde los hechos de violencia que han venido ocurriendo en municipios vecinos que forman parte de la Sierra del Totonacapan, priorizando en todo momento la integridad f\u00edsica de nuestra poblaci\u00f3n y comunidad educativa\u00bb.<br>El pasado viernes las autoridades municipales del pueblo m\u00e1gico de Zozocolco de Hidalgo, conocido como \u00abLa Joya del Totonacapan\u00bb, fue el tercer municipio que suspendi\u00f3 las fiestas patrias por la inseguridad.<br>A trav\u00e9s de un bolet\u00edn oficial, Seraf\u00edn P\u00e9rez Carmona, alcalde de la ciudad, dijo que, pese a que la ciudad no ha presentado incidentes graves, toma \u00abla medida para proteger a ni\u00f1as, ni\u00f1os y adolescentes\u00bb.<br>Cerro Azul fue el segundo municipio que cancel\u00f3 el tradicional grito de Independencia y el desfile c\u00edvico del 15 de septiembre, tambi\u00e9n por la inseguridad.<br>El martes pasado, el ayuntamiento de Coxquihui fue el primero en anunciar la suspensi\u00f3n de las fiestas patrias.<br>La iglesia cat\u00f3lica calific\u00f3 como \u201cyugo\u201d la inseguridad que priva en Veracruz<br>Este domingo el padre Aurelio Mojica Lim\u00f3n, p\u00e1rroco de la catedral de la ciudad de Veracruz, alzo la voz y calific\u00f3 como \u00abyugo\u00bb la inseguridad que prevalece en varias regiones del estado de Veracruz, lo que ha provocado que cuatro municipios hayan cancelado sus festejos patrios, tanto el Grito de Independencia como el desfile.<br>\u00abPero han venido otros yugos en nuestra naci\u00f3n, en nuestra patria, de los que no nos hemos podido liberar humanamente hablando, necesitamos de Dios porque s\u00ed la inseguridad se ha venido manifestando en ciertos lugares\u00bb.<br>Reconoci\u00f3 el prelado de la Iglesia cat\u00f3lica que no es una problem\u00e1tica que solo afecte a la entidad veracruzana, pues varias regiones de la Rep\u00fablica Mexicana est\u00e1n sufriendo los estragos de la delincuencia organizada.<br>\u00abAs\u00ed como en su momento hubo aquella unidad para buscar construir esa comuni\u00f3n por este tejido social que se ha venido rompiendo, ahora necesitamos esa unidad para poder vencer todas estas cosas que nos quitan la paz y la seguridad\u00bb.<br>Por lo tanto, hizo un llamado no solo al gobierno para que garantice la seguridad p\u00fablica, sino a la misma ciudadan\u00eda para que desde la convicci\u00f3n personal y familiar se busque y exija vivir en tranquilidad.<\/p>\n","protected":false},"excerpt":{"rendered":"<p>Fanny Y\u00e9pezLa Columna Este a\u00f1o ser\u00e1 hist\u00f3rico, pues por primera vez dos mujeres, la presidenta Claudia Sheinbaum Pardo y la Gobernadora Roc\u00edo Nahle, encabezar\u00e1n los actos solemnes en los respectivos balcones de los palacios nacional y del estado, con motivo del 215 aniversario del inicio de la lucha independentista.Debemos recordar que el movimiento independentista inici\u00f3 [&hellip;]<\/p>\n","protected":false},"author":2,"featured_media":141383,"comment_status":"closed","ping_status":"closed","sticky":false,"template":"","format":"standard","meta":{"_jetpack_newsletter_access":"","_jetpack_dont_email_post_to_subs":false,"_jetpack_newsletter_tier_id":0,"_jetpack_memberships_contains_paywalled_content":false,"_jetpack_memberships_contains_paid_content":false,"footnotes":""},"categories":[70],"tags":[46050,1026,3578,195],"class_list":["post-152573","post","type-post","status-publish","format-standard","has-post-thumbnail","hentry","category-de-opinion","tag-el-grito","tag-morena","tag-rocio-nahle","tag-veracruz"],"jetpack_featured_media_url":"https:\/\/lospoliticosveracruz.com.mx\/wp-content\/uploads\/2025\/04\/Fanny-Yepez-Luna.jpg","jetpack_sharing_enabled":true,"jetpack_shortlink":"https:\/\/wp.me\/p4Qcd3-DGR","_links":{"self":[{"href":"https:\/\/lospoliticosveracruz.com.mx\/index.php?rest_route=\/wp\/v2\/posts\/152573","targetHints":{"allow":["GET"]}}],"collection":[{"href":"https:\/\/lospoliticosveracruz.com.mx\/index.php?rest_route=\/wp\/v2\/posts"}],"about":[{"href":"https:\/\/lospoliticosveracruz.com.mx\/index.php?rest_route=\/wp\/v2\/types\/post"}],"author":[{"embeddable":true,"href":"https:\/\/lospoliticosveracruz.com.mx\/index.php?rest_route=\/wp\/v2\/users\/2"}],"replies":[{"embeddable":true,"href":"https:\/\/lospoliticosveracruz.com.mx\/index.php?rest_route=%2Fwp%2Fv2%2Fcomments&post=152573"}],"version-history":[{"count":2,"href":"https:\/\/lospoliticosveracruz.com.mx\/index.php?rest_route=\/wp\/v2\/posts\/152573\/revisions"}],"predecessor-version":[{"id":152575,"href":"https:\/\/lospoliticosveracruz.com.mx\/index.php?rest_route=\/wp\/v2\/posts\/152573\/revisions\/152575"}],"wp:featuredmedia":[{"embeddable":true,"href":"https:\/\/lospoliticosveracruz.com.mx\/index.php?rest_route=\/wp\/v2\/media\/141383"}],"wp:attachment":[{"href":"https:\/\/lospoliticosveracruz.com.mx\/index.php?rest_route=%2Fwp%2Fv2%2Fmedia&parent=152573"}],"wp:term":[{"taxonomy":"category","embeddable":true,"href":"https:\/\/lospoliticosveracruz.com.mx\/index.php?rest_route=%2Fwp%2Fv2%2Fcategories&post=152573"},{"taxonomy":"post_tag","embeddable":true,"href":"https:\/\/lospoliticosveracruz.com.mx\/index.php?rest_route=%2Fwp%2Fv2%2Ftags&post=152573"}],"curies":[{"name":"wp","href":"https:\/\/api.w.org\/{rel}","templated":true}]}}