{"id":152581,"date":"2025-09-15T09:16:16","date_gmt":"2025-09-15T14:16:16","guid":{"rendered":"https:\/\/lospoliticosveracruz.com.mx\/?p=152581"},"modified":"2025-09-15T09:16:29","modified_gmt":"2025-09-15T14:16:29","slug":"guanajuato-desigualdad-y-violencia","status":"publish","type":"post","link":"https:\/\/lospoliticosveracruz.com.mx\/?p=152581","title":{"rendered":"GUANAJUATO: DESIGUALDAD Y VIOLENCIA"},"content":{"rendered":"\n\n\n<p><strong>Jorge Viveros Pasquel<\/strong><\/p>\n\n\n\n<p>El crecimiento de la delincuencia y de la violencia urbana no es solo un problema de polic\u00edas y estrategias de seguridad. Es el s\u00edntoma m\u00e1s evidente de un fracaso mayor; el de un sistema econ\u00f3mico que en lugar de reducir brechas, las ampli\u00f3 y que en lugar de garantizar paz, sembr\u00f3 condiciones para la violencia. Las cifras lo muestran con crudeza. En M\u00e9xico, el salario m\u00ednimo real perdi\u00f3 m\u00e1s del 70% de su poder adquisitivo entre 1976 y 2018, mientras los grandes grupos empresariales multiplicaban sus fortunas.<\/p>\n\n\n<div class=\"wp-block-image\">\n<figure class=\"alignleft size-thumbnail\"><a href=\"https:\/\/lospoliticosveracruz.com.mx\/wp-content\/uploads\/2025\/09\/IMG_7634.png\"><img loading=\"lazy\" decoding=\"async\" width=\"150\" height=\"150\" src=\"https:\/\/lospoliticosveracruz.com.mx\/wp-content\/uploads\/2025\/09\/IMG_7634-150x150.png\" alt=\"\" class=\"wp-image-152375\" srcset=\"https:\/\/lospoliticosveracruz.com.mx\/wp-content\/uploads\/2025\/09\/IMG_7634-150x150.png 150w, https:\/\/lospoliticosveracruz.com.mx\/wp-content\/uploads\/2025\/09\/IMG_7634-125x125.png 125w, https:\/\/lospoliticosveracruz.com.mx\/wp-content\/uploads\/2025\/09\/IMG_7634.png 300w\" sizes=\"auto, (max-width: 150px) 100vw, 150px\" \/><\/a><\/figure><\/div>\n\n\n<p>El caso de Guanajuato es un ejemplo paradigm\u00e1tico de este fracaso, pues pr\u00e1cticamente desde que Vicente Fox fuera su Gobernador, se present\u00f3 como un modelo de \u00e9xito econ\u00f3mico gracias al auge automotriz, la atracci\u00f3n de inversi\u00f3n extranjera y el dinamismo industrial, sin embargo, el crecimiento no se tradujo en desarrollo equitativo. Mientras los parques industriales generaban empleos t\u00e9cnicos y cadenas de exportaci\u00f3n, grandes sectores de la poblaci\u00f3n quedaron marginados, con salarios bajos y condiciones laborales precarias. El resultado ha sido devastador: Guanajuato pas\u00f3 de ser un estado pac\u00edfico a convertirse,&nbsp;&nbsp;desde hace muchos a\u00f1os a la actualidad, en el m\u00e1s violento del pa\u00eds, concentrando en ciertos a\u00f1os m\u00e1s del 10% de los homicidios dolosos de todo M\u00e9xico. La contradicci\u00f3n es evidente: hubo riqueza, pero no justicia social, y la desigualdad abri\u00f3 la puerta a la expansi\u00f3n del crimen organizado.<\/p>\n\n\n\n<p>Superar la inseguridad en Guanajuato implica m\u00e1s que aumentar patrullas o construir c\u00e1rceles. Requiere desmontar las bases de un modelo que normaliz\u00f3 la precariedad y la injusticia. Implica pensar en un Estado que no sea reh\u00e9n de los intereses de \u00e9lites econ\u00f3micas, sino garante de derechos para la mayor\u00eda. Solo con igualdad real, acceso a oportunidades y cohesi\u00f3n social podr\u00e1 construirse una seguridad duradera.<\/p>\n\n\n\n<p>En el fondo, la violencia que hoy les azota no es otra cosa que el reflejo del sistema econ\u00f3mico que la engendr\u00f3 y mientras no se rompa con esa l\u00f3gica de concentraci\u00f3n y exclusi\u00f3n, la inseguridad seguir\u00e1 siendo el precio que se paga por un modelo que benefici\u00f3 a unos pocos y dej\u00f3 en el abandono a las mayor\u00edas.<\/p>\n","protected":false},"excerpt":{"rendered":"<p>Jorge Viveros Pasquel El crecimiento de la delincuencia y de la violencia urbana no es solo un problema de polic\u00edas y estrategias de seguridad. Es el s\u00edntoma m\u00e1s evidente de un fracaso mayor; el de un sistema econ\u00f3mico que en lugar de reducir brechas, las ampli\u00f3 y que en lugar de garantizar paz, sembr\u00f3 condiciones [&hellip;]<\/p>\n","protected":false},"author":2,"featured_media":141391,"comment_status":"closed","ping_status":"closed","sticky":false,"template":"","format":"standard","meta":{"_jetpack_newsletter_access":"","_jetpack_dont_email_post_to_subs":false,"_jetpack_newsletter_tier_id":0,"_jetpack_memberships_contains_paywalled_content":false,"_jetpack_memberships_contains_paid_content":false,"footnotes":""},"categories":[70],"tags":[],"class_list":["post-152581","post","type-post","status-publish","format-standard","has-post-thumbnail","hentry","category-de-opinion"],"jetpack_featured_media_url":"https:\/\/lospoliticosveracruz.com.mx\/wp-content\/uploads\/2025\/04\/Jorge-Viveros-Pasquel.jpg","jetpack_sharing_enabled":true,"jetpack_shortlink":"https:\/\/wp.me\/p4Qcd3-DGZ","_links":{"self":[{"href":"https:\/\/lospoliticosveracruz.com.mx\/index.php?rest_route=\/wp\/v2\/posts\/152581","targetHints":{"allow":["GET"]}}],"collection":[{"href":"https:\/\/lospoliticosveracruz.com.mx\/index.php?rest_route=\/wp\/v2\/posts"}],"about":[{"href":"https:\/\/lospoliticosveracruz.com.mx\/index.php?rest_route=\/wp\/v2\/types\/post"}],"author":[{"embeddable":true,"href":"https:\/\/lospoliticosveracruz.com.mx\/index.php?rest_route=\/wp\/v2\/users\/2"}],"replies":[{"embeddable":true,"href":"https:\/\/lospoliticosveracruz.com.mx\/index.php?rest_route=%2Fwp%2Fv2%2Fcomments&post=152581"}],"version-history":[{"count":1,"href":"https:\/\/lospoliticosveracruz.com.mx\/index.php?rest_route=\/wp\/v2\/posts\/152581\/revisions"}],"predecessor-version":[{"id":152582,"href":"https:\/\/lospoliticosveracruz.com.mx\/index.php?rest_route=\/wp\/v2\/posts\/152581\/revisions\/152582"}],"wp:featuredmedia":[{"embeddable":true,"href":"https:\/\/lospoliticosveracruz.com.mx\/index.php?rest_route=\/wp\/v2\/media\/141391"}],"wp:attachment":[{"href":"https:\/\/lospoliticosveracruz.com.mx\/index.php?rest_route=%2Fwp%2Fv2%2Fmedia&parent=152581"}],"wp:term":[{"taxonomy":"category","embeddable":true,"href":"https:\/\/lospoliticosveracruz.com.mx\/index.php?rest_route=%2Fwp%2Fv2%2Fcategories&post=152581"},{"taxonomy":"post_tag","embeddable":true,"href":"https:\/\/lospoliticosveracruz.com.mx\/index.php?rest_route=%2Fwp%2Fv2%2Ftags&post=152581"}],"curies":[{"name":"wp","href":"https:\/\/api.w.org\/{rel}","templated":true}]}}