{"id":152584,"date":"2025-09-15T10:29:51","date_gmt":"2025-09-15T15:29:51","guid":{"rendered":"https:\/\/lospoliticosveracruz.com.mx\/?p=152584"},"modified":"2025-09-15T10:30:04","modified_gmt":"2025-09-15T15:30:04","slug":"las-muertas-2","status":"publish","type":"post","link":"https:\/\/lospoliticosveracruz.com.mx\/?p=152584","title":{"rendered":"LAS MUERTAS"},"content":{"rendered":"\n\n\n<p><strong>Oved Contreras&nbsp;<\/strong><\/p>\n\n\n\n<p><em>Secas Mecas<\/em><\/p>\n\n\n\n<p>SACAN DOCUMENTAL\u2026la dirigencia nacional de Movimiento Ciudadano hizo p\u00fablico anoche el documental donde exhibe pruebas y testimonios de c\u00f3mo Morena consum\u00f3 su primer gran fraude electoral en Veracruz, al manosear los paquetes electorales invalidando votos de los candidatos naranjas a las alcald\u00edas de Papantla y Poza Rica, que hab\u00edan ganado la elecci\u00f3n, para despu\u00e9s presionar a tribunales electorales a ordenar recuento de votos para forzar el triunfo de los candidatos de Morena contra la voluntad popular.<\/p>\n\n\n<div class=\"wp-block-image\">\n<figure class=\"alignleft size-thumbnail\"><a href=\"https:\/\/lospoliticosveracruz.com.mx\/wp-content\/uploads\/2025\/09\/IMG_7634.png\"><img loading=\"lazy\" decoding=\"async\" width=\"150\" height=\"150\" src=\"https:\/\/lospoliticosveracruz.com.mx\/wp-content\/uploads\/2025\/09\/IMG_7634-150x150.png\" alt=\"\" class=\"wp-image-152375\" srcset=\"https:\/\/lospoliticosveracruz.com.mx\/wp-content\/uploads\/2025\/09\/IMG_7634-150x150.png 150w, https:\/\/lospoliticosveracruz.com.mx\/wp-content\/uploads\/2025\/09\/IMG_7634-125x125.png 125w, https:\/\/lospoliticosveracruz.com.mx\/wp-content\/uploads\/2025\/09\/IMG_7634.png 300w\" sizes=\"auto, (max-width: 150px) 100vw, 150px\" \/><\/a><\/figure><\/div>\n\n\n<p>En el documental que ayer difundieron en redes, el partido naranja acusa que un grupo de delincuentes encabezados por Esteban \u201cLarra\u201d Zepeta, tras confirmar que los resultados electorales de los dos municipios eran adversos para ellos, ordenaron a sus huestes tomar las instalaciones municipales del OPLE para obligar el traslado de la paqueter\u00eda a la sede estatal en Xalapa, donde de manera deliberada se metieron unos desconocidos para abrir los paquetes y alterar las boletas.<\/p>\n\n\n\n<p>Al hacerse el conteo de votos, para el caso de Poza Rica, se document\u00f3 curiosamente que todos los votos anulados eran en perjuicio de Movimiento Ciudadano y no le quitaron ning\u00fan voto a la candidata de Morena. Fuera de tiempo, los morenos pidieron reapertura de paquetes y recuento, hicieron presi\u00f3n en los tribunales electorales que aunque saben que la petici\u00f3n era ilegal, validaron la petici\u00f3n de Morena y le dieron la espalda a la voluntad popular que se expres\u00f3 en las urnas y qued\u00f3 asentado en las actas firmadas por los representantes de partidos.<\/p>\n\n\n\n<p>El dirigente nacional de Movimiento Ciudadano, Jorge \u00c1lvarez Maynez, denunci\u00f3 que hoy Papantla y Poza Rica est\u00e1n viviendo el primer gran fraude electoral de Morena, porque la gente vot\u00f3 por una alternativa y gan\u00f3 Movimiento Ciudadano, pero Morena no est\u00e1 respetando la voluntad de ambos municipios: quieren robarse el triunfo de Mariano Romero en Papantla y Emilio Olvera en Poza Rica, y eso no lo vamos a permitir\u201d.<\/p>\n\n\n\n<p>A tres meses de la elecci\u00f3n, asegura que la gente de Papantla y Poza Rica sigue defendiendo su voto pero adelant\u00f3 que recurrir\u00e1n a todas las instancias electorales para que haya justicia y se respete la voluntad expresada en las urnas.<\/p>\n\n\n\n<p>LAS MUERTAS\u2026muy reveladora la charla que sostuvo Luis Estrada con el payaso Brozo, luego de que la plataforma Netflix estrenar\u00e1&nbsp;&nbsp;el pasado mi\u00e9rcoles la serie Las Muertas, basada en el libro del mismo nombre de Jorge Ibarg\u00fcengoitia donde se narra la historia de las hermanas Mar\u00eda del Jes\u00fas y Delfina Gonz\u00e1lez Valenzuela, conocidas como Las Poquianchis, que sembraron un imperio de terror en Jalisco y Guanajuato con el asesinato de mujeres a quienes sometieron a la prostituci\u00f3n.&nbsp;<\/p>\n\n\n\n<p>Luis Estrada recuerda que, en una ocasi\u00f3n, una compa\u00f1\u00eda estadounidense se acerc\u00f3 a \u00e9l con la propuesta de hacer la pel\u00edcula, pero quer\u00edan rodarla en ingl\u00e9s. \u201cEn ese momento me levant\u00e9 y me fui\u201d, confiesa. \u201cLes dije: se\u00f1oras, no entienden nada, no s\u00e9 por qu\u00e9 compran los derechos de la novela m\u00e1s mexicana de la historia, para querer hacer una pochada\u201d.<\/p>\n\n\n\n<p>Pasaron los a\u00f1os, lleg\u00f3 una pandemia y tambi\u00e9n lleg\u00f3 Netflix a tocar a las puertas de Estrada (con quien ya hab\u00edan hecho \u00a1Que viva M\u00e9xico!, que se convirti\u00f3 en una de las pel\u00edculas m\u00e1s vistas de la&nbsp;<\/p>\n\n\n\n<p>Plataforma aunque Timoteo dice que lo decepcion\u00f3 y que ojal\u00e1 y no decepcione con \u00abLas Muertas\u00bb que es una novelaza de Jorge Ibarguegoitia&#8230;.y que no haya invitado a Ana de la Reguera que ya demostr\u00f3 que es muy mala actriz&#8230;que est\u00e1 pior que la Hayek&#8230;juar juar &#8230;recado dado ni Dios lo quita &#8230;<\/p>\n\n\n\n<p>Las Muertas hasta el momento tiene muy buena cr\u00edtica y es una de las series con mayor expectativa de la plataforma Netflix, y dice Luis Estrada que ese M\u00e9xico de los 60\u2019s es muy parecido al actual con el problema de los desaparecidos y los feminicidios aunque a los morenos no les guste tocar el tema.<\/p>\n\n\n\n<p>La charla termina con una reverencia de Brozo quien le dice a Luis Estrada: \u201cEres un ching\u00f3n, hermano\u201d, por haber trasladado la historia lo m\u00e1s apegada a lo que describi\u00f3 el novelista Jorge Ibarg\u00fcengoitia.<\/p>\n\n\n\n<p>Por cierto, el puerto de Veracruz es uno de los escenarios principales de Las Muertas\u2026la producci\u00f3n, que comenz\u00f3 a grabarse en junio de 2024, aprovech\u00f3 varios espacios ic\u00f3nicos de la ciudad. Entre las locaciones que los espectadores pueden reconocer est\u00e1n el malec\u00f3n de Veracruz, el Hotel Mocambo, el centro hist\u00f3rico y la localidad de Ant\u00f3n Lizardo.<\/p>\n\n\n\n<p>Todos estos lugares se pueden observar desde el primer episodio de la miniserie, principalmente al final del capitulo tenemos escenas en el malec\u00f3n donde se puede observar que a\u00fan no se encuentra la Plaza del Hero\u00edsmo Veracruzano, debido a que las grabaciones fueron en 2024. Estas locaciones se suman a otras filmadas en San Luis Potos\u00ed, Guanajuato y los Estudios Churubusco en Ciudad de M\u00e9xico.<\/p>\n","protected":false},"excerpt":{"rendered":"<p>Oved Contreras&nbsp; Secas Mecas SACAN DOCUMENTAL\u2026la dirigencia nacional de Movimiento Ciudadano hizo p\u00fablico anoche el documental donde exhibe pruebas y testimonios de c\u00f3mo Morena consum\u00f3 su primer gran fraude electoral en Veracruz, al manosear los paquetes electorales invalidando votos de los candidatos naranjas a las alcald\u00edas de Papantla y Poza Rica, que hab\u00edan ganado la [&hellip;]<\/p>\n","protected":false},"author":2,"featured_media":141426,"comment_status":"closed","ping_status":"closed","sticky":false,"template":"","format":"standard","meta":{"_jetpack_newsletter_access":"","_jetpack_dont_email_post_to_subs":false,"_jetpack_newsletter_tier_id":0,"_jetpack_memberships_contains_paywalled_content":false,"_jetpack_memberships_contains_paid_content":false,"footnotes":""},"categories":[70],"tags":[],"class_list":["post-152584","post","type-post","status-publish","format-standard","has-post-thumbnail","hentry","category-de-opinion"],"jetpack_featured_media_url":"https:\/\/lospoliticosveracruz.com.mx\/wp-content\/uploads\/2025\/04\/Oved-Contreras.jpg","jetpack_sharing_enabled":true,"jetpack_shortlink":"https:\/\/wp.me\/p4Qcd3-DH2","_links":{"self":[{"href":"https:\/\/lospoliticosveracruz.com.mx\/index.php?rest_route=\/wp\/v2\/posts\/152584","targetHints":{"allow":["GET"]}}],"collection":[{"href":"https:\/\/lospoliticosveracruz.com.mx\/index.php?rest_route=\/wp\/v2\/posts"}],"about":[{"href":"https:\/\/lospoliticosveracruz.com.mx\/index.php?rest_route=\/wp\/v2\/types\/post"}],"author":[{"embeddable":true,"href":"https:\/\/lospoliticosveracruz.com.mx\/index.php?rest_route=\/wp\/v2\/users\/2"}],"replies":[{"embeddable":true,"href":"https:\/\/lospoliticosveracruz.com.mx\/index.php?rest_route=%2Fwp%2Fv2%2Fcomments&post=152584"}],"version-history":[{"count":1,"href":"https:\/\/lospoliticosveracruz.com.mx\/index.php?rest_route=\/wp\/v2\/posts\/152584\/revisions"}],"predecessor-version":[{"id":152585,"href":"https:\/\/lospoliticosveracruz.com.mx\/index.php?rest_route=\/wp\/v2\/posts\/152584\/revisions\/152585"}],"wp:featuredmedia":[{"embeddable":true,"href":"https:\/\/lospoliticosveracruz.com.mx\/index.php?rest_route=\/wp\/v2\/media\/141426"}],"wp:attachment":[{"href":"https:\/\/lospoliticosveracruz.com.mx\/index.php?rest_route=%2Fwp%2Fv2%2Fmedia&parent=152584"}],"wp:term":[{"taxonomy":"category","embeddable":true,"href":"https:\/\/lospoliticosveracruz.com.mx\/index.php?rest_route=%2Fwp%2Fv2%2Fcategories&post=152584"},{"taxonomy":"post_tag","embeddable":true,"href":"https:\/\/lospoliticosveracruz.com.mx\/index.php?rest_route=%2Fwp%2Fv2%2Ftags&post=152584"}],"curies":[{"name":"wp","href":"https:\/\/api.w.org\/{rel}","templated":true}]}}