{"id":15261,"date":"2015-03-11T09:05:31","date_gmt":"2015-03-11T15:05:31","guid":{"rendered":"http:\/\/www.lospoliticosveracruz.com.mx\/?p=15261"},"modified":"2015-03-11T09:09:28","modified_gmt":"2015-03-11T15:09:28","slug":"sefiplan-o-ssplan","status":"publish","type":"post","link":"https:\/\/lospoliticosveracruz.com.mx\/?p=15261","title":{"rendered":"\u00bfSefiplan o SSPlan?"},"content":{"rendered":"<p><a href=\"http:\/\/www.lospoliticosveracruz.com.mx\/wp-content\/uploads\/2015\/03\/Seguridad-P\u00fablica.jpg\"><img loading=\"lazy\" decoding=\"async\" class=\"alignnone size-medium wp-image-15260\" src=\"http:\/\/www.lospoliticosveracruz.com.mx\/wp-content\/uploads\/2015\/03\/Seguridad-P\u00fablica-300x200.jpg\" alt=\"Seguridad P\u00fablica\" width=\"300\" height=\"200\" \/><\/a><\/p>\n<p><strong>Salvador Mu\u00f1oz<\/strong><\/p>\n<p><em>Los Pol\u00edticos<\/em><\/p>\n<p>&nbsp;<\/p>\n<p>Las oficinas de Padr\u00f3n Vehicular, ubicadas en Banderilla, tuvieron un ingrediente nuevo la ma\u00f1ana de este martes: personal de Seguridad P\u00fablica as\u00ed como del C-4.<br \/>\nEsto no tendr\u00eda nada de extraordinario m\u00e1s cuando justo a las 20:47 horas de ayer, llega a mi bandeja de correo el comunicado 1700 de la Coordinaci\u00f3n de Comunicaci\u00f3n Social de Gobierno del Estado con el siguiente encabezado: Reconoce Sefiplan orden administrativo y correcta aplicaci\u00f3n de recursos en SSP.<br \/>\nParad\u00f3jico que la secretar\u00eda que est\u00e1 en el ojo del hurac\u00e1n por pensionados, proveedores y donde se habla con insistencia de la salida de su titular, hable bien del papel administrativo de otra dependencia.<br \/>\nY bueno, no tendr\u00eda que extra\u00f1arnos ya que Arturo Berm\u00fadez Zurita sabe del manejo de los dineros, tan es as\u00ed, que su carrera en Veracruz la inicia en Sefiplan, como secretario particular del Subsecretario de Finanzas y Administraci\u00f3n en el periodo de Miguel Alem\u00e1n\u2026 si la memoria no me falla, trabaj\u00f3 con Sergio Maya.<br \/>\nYa con Fidel Herrera asciende y se vuelve Ejecutivo de Proyectos para luego pasar como titular del C-4 donde tambi\u00e9n hac\u00eda lo mismo que en Sefiplan: bajar recursos para diversos programas.<br \/>\nPor eso, el cebollazo que le da Mauricio Audirac Murillo, titular de Sefiplan, no debe extra\u00f1ar\u2026 lo que s\u00ed debe extra\u00f1ar es el marco en que se da\u2026<br \/>\nEl pasado nueve, en el famoso Cuartel de San Jos\u00e9 (no el d\u00eda diez, como lo fecha el bolet\u00edn 1700), hubo una reuni\u00f3n fuera de lo com\u00fan\u2026 llamaron a 90 responsables de oficinas de Hacienda distribuidas a lo largo y ancho del estado, para que estuvieran presentes en punto de las 8 horas en dicho lugar. Igual asistieron, por supuesto, Mauricio Audirac, Jorge Fernando Ram\u00edrez Tubilla (subsecretario de Ingresos) y Carlos Aguirre Morales (subsecretario de Egresos).<br \/>\nLes mostraron las instalaciones de arriba para abajo, hicieron acto c\u00edvico propio de cada lunes con honores a la bandera y hasta hubo actividades recreativas\u2026 \u00a1vamos! los atendieron a estos 90 jefes de Hacienda a cuerpo de rey\u2026<br \/>\nPor supuesto\u2026 el bolet\u00edn cita que abordaron temas interinstitucionales encabezados por el Subsecretario de Log\u00edstica, Federico Rivas Vald\u00e9s, llamando la atenci\u00f3n que a cada Jefe de Hacienda le preguntaran la situaci\u00f3n en materia de seguridad que vive en su entorno, regi\u00f3n o comarca.<br \/>\nAll\u00ed, hasta sali\u00f3 a relucir el levant\u00f3n de un pariente de un jefe de Hacienda al que hasta el momento no se sabe nada de su paradero, o el comentario que son\u00f3 a chascarrillo del titular de Alvarado, que dijo que todo estaba bien en esa zona\u2026 \u00a1y c\u00f3mo no! \u00a1si su hermano es el alcalde!<br \/>\nY con casi siete horas de intensa actividad donde se dio a conocer el trabajo exhaustivo que ha hecho el Secretario de Seguridad P\u00fablica (quien por cierto, dio una teleconferencia), as\u00ed como la inversi\u00f3n en equipo, armamento, tecnolog\u00eda, \u00a1ah! y el manejo administrativo y la correcta aplicaci\u00f3n de los recursos \u00a1sali\u00f3 el peine!<br \/>\nYa casi para concluir, el subsecretario Rivas Vald\u00e9s les daba una noticia (\u00bfo era una orden?): Seguridad P\u00fablica se encargar\u00eda del emplacamiento.<br \/>\nLas dudas empezaron a desperdigarse ante el silencio de un Audirac, Ram\u00edrez Tubilla y Carlos Aguirre Morales: \u00bfEs decir que ahora s\u00ed van a resguardar las oficinas con sus elementos? \u00bfo entendieron mal y van a encargarse en lo administrativo de este procedimiento? Y si es as\u00ed, \u00bfno habr\u00e1 duplicidad de funciones? Y si las hay, \u00bfno implica recorte de personal? Y si dice Ram\u00edrez Tubilla que ahora \u201cellos\u201d se encargar\u00e1n de la recaudaci\u00f3n \u00bfqu\u00e9 no es recaudaci\u00f3n el emplacamiento? \u00bfPor qu\u00e9 esa decisi\u00f3n? \u00bfPor qu\u00e9 encandilar a los Jefes de Hacienda por muchas horas para al final darles esa noticia? \u00bfDuarte ha perdido la confianza en Audirac? \u00bfPor qu\u00e9 sacar de Sefiplan esos recursos? \u00bfO es que dejar\u00e1 de ser Sefiplan para convertirse en SSPlan? \u00bfO desaparecer\u00e1n las oficinas de Hacienda?<br \/>\nSe quisiera decir: \u201cHabr\u00e1 que esperar\u201d, pero el hecho de que ayer, en las oficinas de Padr\u00f3n Vehicular, ubicadas en Banderilla, apareciera personal de Seguridad P\u00fablica as\u00ed como del C-4, todo indica que Berm\u00fadez adem\u00e1s de plomo sabe manejar plata.<\/p>\n<p>smcainito@gmail.com<\/p>\n","protected":false},"excerpt":{"rendered":"<p>Salvador Mu\u00f1oz Los Pol\u00edticos &nbsp; Las oficinas de Padr\u00f3n Vehicular, ubicadas en Banderilla, tuvieron un ingrediente nuevo la ma\u00f1ana de este martes: personal de Seguridad P\u00fablica as\u00ed como del C-4. Esto no tendr\u00eda nada de extraordinario m\u00e1s cuando justo a las 20:47 horas de ayer, llega a mi bandeja de correo el comunicado 1700 de [&hellip;]<\/p>\n","protected":false},"author":2,"featured_media":0,"comment_status":"open","ping_status":"open","sticky":false,"template":"","format":"standard","meta":{"_jetpack_newsletter_access":"","_jetpack_dont_email_post_to_subs":false,"_jetpack_newsletter_tier_id":0,"_jetpack_memberships_contains_paywalled_content":false,"_jetpack_memberships_contains_paid_content":false,"footnotes":""},"categories":[70],"tags":[960,1900,2055,2054,2053,1899,177],"class_list":["post-15261","post","type-post","status-publish","format-standard","hentry","category-de-opinion","tag-arturo-bermudez-zurita","tag-carlos-aguirre-morales","tag-emplacamiento","tag-federico-rivas-valdes","tag-jorge-fernando-ramirez-tubilla","tag-mauricio-audirac-murillo","tag-seguridad-publica"],"jetpack_featured_media_url":"","jetpack_sharing_enabled":true,"jetpack_shortlink":"https:\/\/wp.me\/p4Qcd3-3Y9","_links":{"self":[{"href":"https:\/\/lospoliticosveracruz.com.mx\/index.php?rest_route=\/wp\/v2\/posts\/15261","targetHints":{"allow":["GET"]}}],"collection":[{"href":"https:\/\/lospoliticosveracruz.com.mx\/index.php?rest_route=\/wp\/v2\/posts"}],"about":[{"href":"https:\/\/lospoliticosveracruz.com.mx\/index.php?rest_route=\/wp\/v2\/types\/post"}],"author":[{"embeddable":true,"href":"https:\/\/lospoliticosveracruz.com.mx\/index.php?rest_route=\/wp\/v2\/users\/2"}],"replies":[{"embeddable":true,"href":"https:\/\/lospoliticosveracruz.com.mx\/index.php?rest_route=%2Fwp%2Fv2%2Fcomments&post=15261"}],"version-history":[{"count":1,"href":"https:\/\/lospoliticosveracruz.com.mx\/index.php?rest_route=\/wp\/v2\/posts\/15261\/revisions"}],"predecessor-version":[{"id":15262,"href":"https:\/\/lospoliticosveracruz.com.mx\/index.php?rest_route=\/wp\/v2\/posts\/15261\/revisions\/15262"}],"wp:attachment":[{"href":"https:\/\/lospoliticosveracruz.com.mx\/index.php?rest_route=%2Fwp%2Fv2%2Fmedia&parent=15261"}],"wp:term":[{"taxonomy":"category","embeddable":true,"href":"https:\/\/lospoliticosveracruz.com.mx\/index.php?rest_route=%2Fwp%2Fv2%2Fcategories&post=15261"},{"taxonomy":"post_tag","embeddable":true,"href":"https:\/\/lospoliticosveracruz.com.mx\/index.php?rest_route=%2Fwp%2Fv2%2Ftags&post=15261"}],"curies":[{"name":"wp","href":"https:\/\/api.w.org\/{rel}","templated":true}]}}