{"id":152779,"date":"2025-09-18T09:35:09","date_gmt":"2025-09-18T14:35:09","guid":{"rendered":"https:\/\/lospoliticosveracruz.com.mx\/?p=152779"},"modified":"2025-09-18T09:35:29","modified_gmt":"2025-09-18T14:35:29","slug":"arturo-gomez-pompa","status":"publish","type":"post","link":"https:\/\/lospoliticosveracruz.com.mx\/?p=152779","title":{"rendered":"ARTURO G\u00d3MEZ POMPA"},"content":{"rendered":"\n\n\n<p><strong>Sergio Gonz\u00e1lez Levet<\/strong><\/p>\n\n\n\n<p><em>Sin tacto<br><\/em><\/p>\n\n\n\n<p>Ayer me enter\u00e9 sin querer (y nunca hubiera querido enterarme) del fallecimiento del doctor Arturo G\u00f3mez Pompa a la f\u00e9rtil edad de 91 a\u00f1os. Don Arturo ha sido uno de los m\u00e1s reconocidos bot\u00e1nicos de M\u00e9xico, y desarroll\u00f3 buena parte en su carrera en los bosques y selvas de Veracruz.<\/p>\n\n\n\n\n\n<pre class=\"wp-block-code\"><code> Lo conoc\u00ed personalmente en 1978, cuando trabaj\u00e9 para \u00e9l como asesor editorial en el Instituto Nacional de Investigaciones sobre Recursos Bi\u00f3ticos (Inireb), asentado en Veracruz gracias al apoyo del gobernador Rafael Hern\u00e1ndez Ochoa de Veracruz y al entusiasmo por su trabajo del ingeniero Arturo M\u00e1rquez Gonz\u00e1lez, quien era el Director de Comunicaciones estatal y amigo muy cercano suyo.\n\n Don Arturo hab\u00eda construido un curr\u00edculum muy destacado a nivel internacional cuando a mediados de los a\u00f1os 70 del siglo pasado el ingeniero M\u00e1rquez entr\u00f3 a apoyar enf\u00e1ticamente su idea y logr\u00f3 conseguir los recursos presupuestales para que se instalara la sede del Inireb en Xalapa, desde donde se emprendieran innumerables investigaciones sobre la flora de nuestro estado, que es una de las m\u00e1s ricas y variada del mundo.\n\n En su \u00e9poca veracruzana, G\u00f3mez Pompa apoy\u00f3 la educaci\u00f3n biol\u00f3gica de varias generaciones de j\u00f3venes que estudiaron en la UV bajo su tutela. Del Inireb, de la Facultad de Biolog\u00eda, del Centro de Estudios Tropicales surgieron muchos trabajos que fueron la base para rescatar bosques y plantas, salvaguardar la seguridad de especies en peligro, desarrollar t\u00e9cnicas de cuidado y desarrollo de la ecolog\u00eda subtropical.\n\n Fue tambi\u00e9n un pionero en el uso de la inform\u00e1tica para crear bases de datos bot\u00e1nicos, con lo que se crearon archivos valios\u00edsimos que a la fecha siguen siendo una fuente constante de consulta.\n\n En mi relaci\u00f3n con Arturo G\u00f3mez Pompa, trabaj\u00e9 con \u00e9l en la edici\u00f3n de su libro Un viaje a China, que descubr\u00eda muchos secretos de la agricultura oriental que fueron aplicados en los cultivos mexicanos, sobre todo en la t\u00e9cnica de terrazas para aprovechar al m\u00e1ximo los terrenos escarpados.\n\n Cuando la ecolog\u00eda y el cuidado del medio ambiente empezaban a ser una preocupaci\u00f3n en todo el planeta, Arturo G\u00f3mez Pompa fue de los primeros conservacionistas de M\u00e9xico, y toda su fruct\u00edfera carrera cient\u00edfica de m\u00e1s de 40 a\u00f1os la utiliz\u00f3 como un medio para preservar especies y remediar un mundo que empez\u00f3 a agonizar en medio de la contaminaci\u00f3n.\n\n Muchos veracruzanos recuerdan con nostalgia a Arturo G\u00f3mez Pompa y muchos amigos suyos nos sentaremos a pensar en todo lo que logr\u00f3 este magn\u00edfico cient\u00edfico mexicano.\n\n Descanse en paz.<\/code><\/pre>\n\n\n\n<p>sglevet@gmail.com<\/p>\n","protected":false},"excerpt":{"rendered":"<p>Sergio Gonz\u00e1lez Levet Sin tacto Ayer me enter\u00e9 sin querer (y nunca hubiera querido enterarme) del fallecimiento del doctor Arturo G\u00f3mez Pompa a la f\u00e9rtil edad de 91 a\u00f1os. Don Arturo ha sido uno de los m\u00e1s reconocidos bot\u00e1nicos de M\u00e9xico, y desarroll\u00f3 buena parte en su carrera en los bosques y selvas de Veracruz. [&hellip;]<\/p>\n","protected":false},"author":2,"featured_media":141432,"comment_status":"closed","ping_status":"closed","sticky":false,"template":"","format":"standard","meta":{"_jetpack_newsletter_access":"","_jetpack_dont_email_post_to_subs":false,"_jetpack_newsletter_tier_id":0,"_jetpack_memberships_contains_paywalled_content":false,"_jetpack_memberships_contains_paid_content":false,"footnotes":""},"categories":[70],"tags":[],"class_list":["post-152779","post","type-post","status-publish","format-standard","has-post-thumbnail","hentry","category-de-opinion"],"jetpack_featured_media_url":"https:\/\/lospoliticosveracruz.com.mx\/wp-content\/uploads\/2025\/04\/Levet.jpg","jetpack_sharing_enabled":true,"jetpack_shortlink":"https:\/\/wp.me\/p4Qcd3-DKb","_links":{"self":[{"href":"https:\/\/lospoliticosveracruz.com.mx\/index.php?rest_route=\/wp\/v2\/posts\/152779","targetHints":{"allow":["GET"]}}],"collection":[{"href":"https:\/\/lospoliticosveracruz.com.mx\/index.php?rest_route=\/wp\/v2\/posts"}],"about":[{"href":"https:\/\/lospoliticosveracruz.com.mx\/index.php?rest_route=\/wp\/v2\/types\/post"}],"author":[{"embeddable":true,"href":"https:\/\/lospoliticosveracruz.com.mx\/index.php?rest_route=\/wp\/v2\/users\/2"}],"replies":[{"embeddable":true,"href":"https:\/\/lospoliticosveracruz.com.mx\/index.php?rest_route=%2Fwp%2Fv2%2Fcomments&post=152779"}],"version-history":[{"count":1,"href":"https:\/\/lospoliticosveracruz.com.mx\/index.php?rest_route=\/wp\/v2\/posts\/152779\/revisions"}],"predecessor-version":[{"id":152780,"href":"https:\/\/lospoliticosveracruz.com.mx\/index.php?rest_route=\/wp\/v2\/posts\/152779\/revisions\/152780"}],"wp:featuredmedia":[{"embeddable":true,"href":"https:\/\/lospoliticosveracruz.com.mx\/index.php?rest_route=\/wp\/v2\/media\/141432"}],"wp:attachment":[{"href":"https:\/\/lospoliticosveracruz.com.mx\/index.php?rest_route=%2Fwp%2Fv2%2Fmedia&parent=152779"}],"wp:term":[{"taxonomy":"category","embeddable":true,"href":"https:\/\/lospoliticosveracruz.com.mx\/index.php?rest_route=%2Fwp%2Fv2%2Fcategories&post=152779"},{"taxonomy":"post_tag","embeddable":true,"href":"https:\/\/lospoliticosveracruz.com.mx\/index.php?rest_route=%2Fwp%2Fv2%2Ftags&post=152779"}],"curies":[{"name":"wp","href":"https:\/\/api.w.org\/{rel}","templated":true}]}}