{"id":152782,"date":"2025-09-18T09:58:29","date_gmt":"2025-09-18T14:58:29","guid":{"rendered":"https:\/\/lospoliticosveracruz.com.mx\/?p=152782"},"modified":"2025-09-18T09:58:55","modified_gmt":"2025-09-18T14:58:55","slug":"mc-cuesta-arriba-en-caso-poza-rica","status":"publish","type":"post","link":"https:\/\/lospoliticosveracruz.com.mx\/?p=152782","title":{"rendered":"MC, CUESTA ARRIBA EN CASO POZA RICA"},"content":{"rendered":"\n\n\n<p><strong>Luis Alberto Romero<br><\/strong><\/p>\n\n\n\n<p><em>Hora cero<br><\/em><\/p>\n\n\n\n<p>Luego de que el Tribunal Electoral de Veracruz determinara revocar el resultado que daba ventaja a Movimiento Ciudadano en las elecciones municipales por la Presidencia Municipal de Poza Rica, el Organismo P\u00fablico Local Electoral acat\u00f3 el fallo y entreg\u00f3 a Adanely Rodr\u00edguez, candidata de la coalici\u00f3n Morena-PVEM, la constancia que le acredita como alcaldesa electa.<br>Con esa medida, qued\u00f3 sin efecto el documento entregado al candidato de MC, Emilio Olvera Andrade.<br>Tras el recuento de votos del pasado 10 de septiembre, y la anulaci\u00f3n de unos 700 sufragios, el pleno del TEV modific\u00f3 el resultado dado a conocer por el Programa de Resultados Electorales Preliminares; al final, Adanely Rodr\u00edguez obtuvo 14,823 votos; Emilio Olvera, 14,304. La diferencia entre ambos fue de 0.91%.<\/p>\n\n\n\n\n\n<p><br>Tania V\u00e1squez, magistrada del tribunal estatal, explic\u00f3 que en el recuento se encontraron discrepancias entre las actas y los paquetes electorales, lo que motiv\u00f3 la modificaci\u00f3n del resultado.<br>El TEV orden\u00f3 al OPLE emitir una nueva constancia de mayor\u00eda en un plazo de 24 horas; y en la sesi\u00f3n extraordinaria convocada para las 23:45 de este martes 16 de septiembre, el \u00f3rgano electoral dio cumplimiento a la sentencia.<br>En dicha sesi\u00f3n, el OPLE cambi\u00f3 la constancia de mayor\u00eda en los municipios de Ilamatl\u00e1n, Chicontepec, Chontla y Poza Rica.<br>De los cuatro, este \u00faltimo era, en el orden del d\u00eda, el municipio m\u00e1s importante en t\u00e9rminos demogr\u00e1ficos y presupuestales.<br>Tras esas modificaciones a los resultados electorales, MC se apresur\u00f3 a reclamar por un supuesto fraude en las elecciones municipales. Hubo acusaciones por parte del dirigente nacional, Jorge \u00c1lvarez M\u00e1ynez, contra el gobierno estatal, contra el \u00f3rgano electoral y contra los magistrados que integran el TEV.<br>El asunto, sin embargo, parece concluido con la entrega de una nueva constancia de mayor\u00eda que favorece a la candidata de la 4T; \u00bfQu\u00e9 falta? Con seguridad, MC recurrir\u00e1 tanto a la Sala Regional como a la Superior del Tribunal Electoral del Poder Judicial de la Federaci\u00f3n.<br>En esas dos instancias tendr\u00e1n que resolverse los recursos que sin duda presentar\u00e1 el partido naranja; sin embargo, se observa poco probable un escenario que revierta la sentencia del TEV.<br>Hay que recordar el cerrado margen entre Morena y MC, menor a un punto porcentual.<br>El problema para la causa naranja es que para hacer v\u00e1lidos sus reclamos, deber\u00e1 comprobar las irregularidades que denuncia; entre ellas, las supuestas violaciones a la cadena de custodia de la paqueter\u00eda electoral, en su paso de Poza Rica a Xalapa. Si no demuestra que las urnas fueron violadas, revertir la determinaci\u00f3n del tribunal electoral ser\u00e1 un camino cuesta arriba.<br>@luisromero<\/p>\n","protected":false},"excerpt":{"rendered":"<p>Luis Alberto Romero Hora cero Luego de que el Tribunal Electoral de Veracruz determinara revocar el resultado que daba ventaja a Movimiento Ciudadano en las elecciones municipales por la Presidencia Municipal de Poza Rica, el Organismo P\u00fablico Local Electoral acat\u00f3 el fallo y entreg\u00f3 a Adanely Rodr\u00edguez, candidata de la coalici\u00f3n Morena-PVEM, la constancia que [&hellip;]<\/p>\n","protected":false},"author":2,"featured_media":141436,"comment_status":"closed","ping_status":"closed","sticky":false,"template":"","format":"standard","meta":{"_jetpack_newsletter_access":"","_jetpack_dont_email_post_to_subs":false,"_jetpack_newsletter_tier_id":0,"_jetpack_memberships_contains_paywalled_content":false,"_jetpack_memberships_contains_paid_content":false,"footnotes":""},"categories":[70],"tags":[],"class_list":["post-152782","post","type-post","status-publish","format-standard","has-post-thumbnail","hentry","category-de-opinion"],"jetpack_featured_media_url":"https:\/\/lospoliticosveracruz.com.mx\/wp-content\/uploads\/2025\/04\/Luis-Romero-1.jpg","jetpack_sharing_enabled":true,"jetpack_shortlink":"https:\/\/wp.me\/p4Qcd3-DKe","_links":{"self":[{"href":"https:\/\/lospoliticosveracruz.com.mx\/index.php?rest_route=\/wp\/v2\/posts\/152782","targetHints":{"allow":["GET"]}}],"collection":[{"href":"https:\/\/lospoliticosveracruz.com.mx\/index.php?rest_route=\/wp\/v2\/posts"}],"about":[{"href":"https:\/\/lospoliticosveracruz.com.mx\/index.php?rest_route=\/wp\/v2\/types\/post"}],"author":[{"embeddable":true,"href":"https:\/\/lospoliticosveracruz.com.mx\/index.php?rest_route=\/wp\/v2\/users\/2"}],"replies":[{"embeddable":true,"href":"https:\/\/lospoliticosveracruz.com.mx\/index.php?rest_route=%2Fwp%2Fv2%2Fcomments&post=152782"}],"version-history":[{"count":2,"href":"https:\/\/lospoliticosveracruz.com.mx\/index.php?rest_route=\/wp\/v2\/posts\/152782\/revisions"}],"predecessor-version":[{"id":152784,"href":"https:\/\/lospoliticosveracruz.com.mx\/index.php?rest_route=\/wp\/v2\/posts\/152782\/revisions\/152784"}],"wp:featuredmedia":[{"embeddable":true,"href":"https:\/\/lospoliticosveracruz.com.mx\/index.php?rest_route=\/wp\/v2\/media\/141436"}],"wp:attachment":[{"href":"https:\/\/lospoliticosveracruz.com.mx\/index.php?rest_route=%2Fwp%2Fv2%2Fmedia&parent=152782"}],"wp:term":[{"taxonomy":"category","embeddable":true,"href":"https:\/\/lospoliticosveracruz.com.mx\/index.php?rest_route=%2Fwp%2Fv2%2Fcategories&post=152782"},{"taxonomy":"post_tag","embeddable":true,"href":"https:\/\/lospoliticosveracruz.com.mx\/index.php?rest_route=%2Fwp%2Fv2%2Ftags&post=152782"}],"curies":[{"name":"wp","href":"https:\/\/api.w.org\/{rel}","templated":true}]}}