{"id":152786,"date":"2025-09-18T10:28:33","date_gmt":"2025-09-18T15:28:33","guid":{"rendered":"https:\/\/lospoliticosveracruz.com.mx\/?p=152786"},"modified":"2025-09-18T10:28:50","modified_gmt":"2025-09-18T15:28:50","slug":"cuando-la-democracia-se-convierte-en-contradiccion","status":"publish","type":"post","link":"https:\/\/lospoliticosveracruz.com.mx\/?p=152786","title":{"rendered":"CUANDO LA DEMOCRACIA SE CONVIERTE EN CONTRADICCI\u00d3N"},"content":{"rendered":"\n<p><br><strong>Elena C\u00f3rdova Molina<\/strong><\/p>\n\n\n\n\n\n<p><em>Legislando Contigo<\/em><\/p>\n\n\n\n<p>El 16 de septiembre es, para millones de mexicanas y mexicanos, un d\u00eda que se vive con orgullo. Recordamos el valor de quienes lucharon por la libertad y la soberan\u00eda de este pa\u00eds. Nos abrazamos como naci\u00f3n en medio de gritos de independencia, banderas ondeando y la esperanza de un M\u00e9xico m\u00e1s justo.<\/p>\n\n\n\n\n\n<p>Y, sin embargo, este a\u00f1o, mientras en las plazas se celebraba la libertad conquistada hace m\u00e1s de dos siglos, en Veracruz la democracia recibi\u00f3 un golpe. Ese mismo d\u00eda, el Tribunal Electoral resolvi\u00f3 modificar el resultado de la elecci\u00f3n municipal en Poza Rica, revirtiendo el triunfo que ya se hab\u00eda reconocido a Movimiento Ciudadano y a Emilio Olvera.<\/p>\n\n\n\n<p>\u00bfQu\u00e9 significa esto para la ciudadan\u00eda? M\u00e1s all\u00e1 de nombres, colores o partidos, la decisi\u00f3n exhibe una incongruencia dolorosa: mientras en las calles celebramos la democracia, en los tribunales se ponen en duda las voces que deber\u00edan ser sagradas, las de las y los ciudadanos.<\/p>\n\n\n\n<p>No es casualidad que la gente hoy se sienta desconfiada, que diga \u201c\u00bfpara qu\u00e9 voto, si al final hacen lo que quieren?\u201d. Esa es la herida m\u00e1s peligrosa que puede tener una democracia: el desaliento, la desconfianza, la sensaci\u00f3n de que el esfuerzo de salir a votar no tiene sentido.<\/p>\n\n\n\n<p>Lo ocurrido en Poza Rica es m\u00e1s que un pleito pol\u00edtico, es un recordatorio de que la democracia no est\u00e1 garantizada. Requiere respeto a la voluntad ciudadana, instituciones imparciales y, sobre todo, coherencia. Porque resulta ofensivo que, mientras recordamos la lucha por la libertad y la justicia, tengamos decisiones que parecen caminar en sentido contrario.<\/p>\n\n\n\n<p>Como sociedad tenemos que hacernos preguntas inc\u00f3modas:<\/p>\n\n\n\n<p>\u00bfQu\u00e9 tan en serio respetamos el voto ciudadano?<br>\u00bfQu\u00e9 tan dispuestos estamos a defender la democracia cuando no nos favorece?\u00bfQueremos un pa\u00eds donde los resultados se deciden en las urnas o en los tribunales?<\/p>\n\n\n\n<p>La democracia no puede ser una celebraci\u00f3n de un d\u00eda y un simulacro el resto del a\u00f1o. Si de verdad honramos a quienes nos dieron patria, deber\u00edamos empezar por respetar la voz del pueblo.<\/p>\n\n\n\n<p>Y lo digo con conocimiento de causa: s\u00e9 lo que significa estar en una boleta. He sentido la tensi\u00f3n del conteo y tambi\u00e9n he vivido el momento de aceptar que los resultados no me favorecen. Lo he hecho con la frente en alto, porque as\u00ed se respeta a la ciudadan\u00eda.<\/p>\n\n\n\n<p>Por eso duele ver que, en pleno 16 de septiembre, mientras celebramos la libertad y el derecho a decidir, se ignore lo m\u00e1s sagrado: la voluntad del pueblo.<\/p>\n\n\n\n<p>Si queremos una democracia viva, necesitamos coherencia. Respetar el voto no deber\u00eda ser un acto de generosidad pol\u00edtica, sino la regla m\u00e1s b\u00e1sica de nuestro sistema. Y yo estoy convencida de algo: cuando se honra la voz ciudadana, se pierde o se gana con dignidad, pero siempre gana M\u00e9xico.<\/p>\n","protected":false},"excerpt":{"rendered":"<p>Elena C\u00f3rdova Molina Legislando Contigo El 16 de septiembre es, para millones de mexicanas y mexicanos, un d\u00eda que se vive con orgullo. Recordamos el valor de quienes lucharon por la libertad y la soberan\u00eda de este pa\u00eds. Nos abrazamos como naci\u00f3n en medio de gritos de independencia, banderas ondeando y la esperanza de un [&hellip;]<\/p>\n","protected":false},"author":2,"featured_media":141382,"comment_status":"closed","ping_status":"closed","sticky":false,"template":"","format":"standard","meta":{"_jetpack_newsletter_access":"","_jetpack_dont_email_post_to_subs":false,"_jetpack_newsletter_tier_id":0,"_jetpack_memberships_contains_paywalled_content":false,"_jetpack_memberships_contains_paid_content":false,"footnotes":""},"categories":[70],"tags":[4452,1026,1267,8317,195],"class_list":["post-152786","post","type-post","status-publish","format-standard","has-post-thumbnail","hentry","category-de-opinion","tag-elena-cordova","tag-morena","tag-poza-rica","tag-tev","tag-veracruz"],"jetpack_featured_media_url":"https:\/\/lospoliticosveracruz.com.mx\/wp-content\/uploads\/2025\/04\/Elena-Cordova-Molina.jpg","jetpack_sharing_enabled":true,"jetpack_shortlink":"https:\/\/wp.me\/p4Qcd3-DKi","_links":{"self":[{"href":"https:\/\/lospoliticosveracruz.com.mx\/index.php?rest_route=\/wp\/v2\/posts\/152786","targetHints":{"allow":["GET"]}}],"collection":[{"href":"https:\/\/lospoliticosveracruz.com.mx\/index.php?rest_route=\/wp\/v2\/posts"}],"about":[{"href":"https:\/\/lospoliticosveracruz.com.mx\/index.php?rest_route=\/wp\/v2\/types\/post"}],"author":[{"embeddable":true,"href":"https:\/\/lospoliticosveracruz.com.mx\/index.php?rest_route=\/wp\/v2\/users\/2"}],"replies":[{"embeddable":true,"href":"https:\/\/lospoliticosveracruz.com.mx\/index.php?rest_route=%2Fwp%2Fv2%2Fcomments&post=152786"}],"version-history":[{"count":1,"href":"https:\/\/lospoliticosveracruz.com.mx\/index.php?rest_route=\/wp\/v2\/posts\/152786\/revisions"}],"predecessor-version":[{"id":152788,"href":"https:\/\/lospoliticosveracruz.com.mx\/index.php?rest_route=\/wp\/v2\/posts\/152786\/revisions\/152788"}],"wp:featuredmedia":[{"embeddable":true,"href":"https:\/\/lospoliticosveracruz.com.mx\/index.php?rest_route=\/wp\/v2\/media\/141382"}],"wp:attachment":[{"href":"https:\/\/lospoliticosveracruz.com.mx\/index.php?rest_route=%2Fwp%2Fv2%2Fmedia&parent=152786"}],"wp:term":[{"taxonomy":"category","embeddable":true,"href":"https:\/\/lospoliticosveracruz.com.mx\/index.php?rest_route=%2Fwp%2Fv2%2Fcategories&post=152786"},{"taxonomy":"post_tag","embeddable":true,"href":"https:\/\/lospoliticosveracruz.com.mx\/index.php?rest_route=%2Fwp%2Fv2%2Ftags&post=152786"}],"curies":[{"name":"wp","href":"https:\/\/api.w.org\/{rel}","templated":true}]}}