{"id":152808,"date":"2025-09-18T22:29:00","date_gmt":"2025-09-19T03:29:00","guid":{"rendered":"https:\/\/lospoliticosveracruz.com.mx\/?p=152808"},"modified":"2025-09-18T21:18:21","modified_gmt":"2025-09-19T02:18:21","slug":"federica","status":"publish","type":"post","link":"https:\/\/lospoliticosveracruz.com.mx\/?p=152808","title":{"rendered":"FEDERICA?"},"content":{"rendered":"\n\n\n<p><strong>Salvador Mu\u00f1oz<br><\/strong><em>Los Pol\u00edticos<\/em><\/p>\n\n\n\n<p>Se confirma lo que se sab\u00eda: <strong>Federico Salom\u00f3n Molina<\/strong>, dirigente del <strong>PAN en Veracruz<\/strong>, est\u00e1 en la lista negra de violentadores pol\u00edticos.<br>Es como la cereza al pastel (siendo generosos con la comparaci\u00f3n) a uno de los episodios m\u00e1s grises que dirigencia azul alguna haya vivido en Veracruz.<\/p>\n\n\n<div class=\"wp-block-image\">\n<figure class=\"alignleft size-thumbnail\"><a href=\"https:\/\/lospoliticosveracruz.com.mx\/wp-content\/uploads\/2025\/09\/IMG_7634.png\"><img loading=\"lazy\" decoding=\"async\" width=\"150\" height=\"150\" src=\"https:\/\/lospoliticosveracruz.com.mx\/wp-content\/uploads\/2025\/09\/IMG_7634-150x150.png\" alt=\"\" class=\"wp-image-152375\" srcset=\"https:\/\/lospoliticosveracruz.com.mx\/wp-content\/uploads\/2025\/09\/IMG_7634-150x150.png 150w, https:\/\/lospoliticosveracruz.com.mx\/wp-content\/uploads\/2025\/09\/IMG_7634-125x125.png 125w, https:\/\/lospoliticosveracruz.com.mx\/wp-content\/uploads\/2025\/09\/IMG_7634.png 300w\" sizes=\"auto, (max-width: 150px) 100vw, 150px\" \/><\/a><\/figure><\/div>\n\n\n<p>Agregue los resultados electorales\u2026<br>Ya ser\u00eda el colmo que quisiera reelegirse como mandam\u00e1s en el blanquiazul! Y abusados! Porque seg\u00fan uno que otro panista, los estatutos hablan de que puede\u2026 s\u00f3lo faltar\u00eda ver si es demasiado cara dura para apoyarse en ello y hacerlo\u2026<\/p>\n\n\n\n<p>Aunque primero, lo primero\u2026 hay que esperar la convocatoria\u2026<br>Y segundo: recordar que, de acuerdo a la dirigencia nacional del <strong>PAN<\/strong>, ya es tiempo de mujeres!<\/p>\n\n\n\n<p>As\u00ed, Federico se podr\u00eda encontrar en una disyuntiva:<br>Los estatutos le conceden el derecho a la reelecci\u00f3n pero el <strong>PAN<\/strong> mayor dice que toca Mujer\u2026<\/p>\n\n\n\n<p>\u00bfTendremos a \u201cFederica\u201d compitiendo? Claro que no! Su misoginia pol\u00edtica no se lo permitir\u00eda.<\/p>\n\n\n\n<p>Sumemos otro punto en contra para <strong>Federico<\/strong>: sus magros resultados tanto en lo electoral como en la oposici\u00f3n\u2026<br>El papel que ha desempe\u00f1ado ante el <strong>Gobierno estatal<\/strong> es menos que tibio\u2026 ni cosquillas hace!<\/p>\n\n\n\n<p>Tan as\u00ed que la preferencia conforme pasan las elecciones van de azul a naranja! Vamos! Baste ver que si el <strong>Gobierno del Estado<\/strong> o <strong>Morena<\/strong> o ambos tienen un enemigo a confrontar, es su tocayo <strong>Movimiento<\/strong>\u2026 es decir <strong>Movimiento de Regeneraci\u00f3n Nacional<\/strong> contra <strong>Movimiento Ciudadano<\/strong>\u2026 en pocas palabras, <strong>Acci\u00f3n Nacional<\/strong>, ni a telonero!<\/p>\n\n\n\n<p>Ojal\u00e1 que cuando haya que elegir dirigente o dirigenta (tendremos que irnos acostumbrando a la palabrita), se le d\u00e9 voz a los panistas porque m\u00e1s decisiones unilaterales, de grupitos, de cuates, y no la cuenta el <strong>PAN<\/strong> pasado el 2027.<\/p>\n","protected":false},"excerpt":{"rendered":"<p>Salvador Mu\u00f1ozLos Pol\u00edticos Se confirma lo que se sab\u00eda: Federico Salom\u00f3n Molina, dirigente del PAN en Veracruz, est\u00e1 en la lista negra de violentadores pol\u00edticos.Es como la cereza al pastel (siendo generosos con la comparaci\u00f3n) a uno de los episodios m\u00e1s grises que dirigencia azul alguna haya vivido en Veracruz. Agregue los resultados electorales\u2026Ya ser\u00eda [&hellip;]<\/p>\n","protected":false},"author":2,"featured_media":141805,"comment_status":"closed","ping_status":"closed","sticky":false,"template":"","format":"standard","meta":{"_jetpack_newsletter_access":"","_jetpack_dont_email_post_to_subs":false,"_jetpack_newsletter_tier_id":0,"_jetpack_memberships_contains_paywalled_content":false,"_jetpack_memberships_contains_paid_content":false,"footnotes":""},"categories":[70],"tags":[46063,46065,46064,46062,2328,2646],"class_list":["post-152808","post","type-post","status-publish","format-standard","has-post-thumbnail","hentry","category-de-opinion","tag-dirigencia-accion-nacional","tag-federico-salomon-veracruz","tag-morena-vs-movimiento-ciudadano","tag-pan-elecciones-2027","tag-politica-veracruzana","tag-salvador-munoz"],"jetpack_featured_media_url":"https:\/\/lospoliticosveracruz.com.mx\/wp-content\/uploads\/2025\/04\/Chava-Munoz-1.jpg","jetpack_sharing_enabled":true,"jetpack_shortlink":"https:\/\/wp.me\/s4Qcd3-federica","_links":{"self":[{"href":"https:\/\/lospoliticosveracruz.com.mx\/index.php?rest_route=\/wp\/v2\/posts\/152808","targetHints":{"allow":["GET"]}}],"collection":[{"href":"https:\/\/lospoliticosveracruz.com.mx\/index.php?rest_route=\/wp\/v2\/posts"}],"about":[{"href":"https:\/\/lospoliticosveracruz.com.mx\/index.php?rest_route=\/wp\/v2\/types\/post"}],"author":[{"embeddable":true,"href":"https:\/\/lospoliticosveracruz.com.mx\/index.php?rest_route=\/wp\/v2\/users\/2"}],"replies":[{"embeddable":true,"href":"https:\/\/lospoliticosveracruz.com.mx\/index.php?rest_route=%2Fwp%2Fv2%2Fcomments&post=152808"}],"version-history":[{"count":1,"href":"https:\/\/lospoliticosveracruz.com.mx\/index.php?rest_route=\/wp\/v2\/posts\/152808\/revisions"}],"predecessor-version":[{"id":152809,"href":"https:\/\/lospoliticosveracruz.com.mx\/index.php?rest_route=\/wp\/v2\/posts\/152808\/revisions\/152809"}],"wp:featuredmedia":[{"embeddable":true,"href":"https:\/\/lospoliticosveracruz.com.mx\/index.php?rest_route=\/wp\/v2\/media\/141805"}],"wp:attachment":[{"href":"https:\/\/lospoliticosveracruz.com.mx\/index.php?rest_route=%2Fwp%2Fv2%2Fmedia&parent=152808"}],"wp:term":[{"taxonomy":"category","embeddable":true,"href":"https:\/\/lospoliticosveracruz.com.mx\/index.php?rest_route=%2Fwp%2Fv2%2Fcategories&post=152808"},{"taxonomy":"post_tag","embeddable":true,"href":"https:\/\/lospoliticosveracruz.com.mx\/index.php?rest_route=%2Fwp%2Fv2%2Ftags&post=152808"}],"curies":[{"name":"wp","href":"https:\/\/api.w.org\/{rel}","templated":true}]}}