{"id":152962,"date":"2025-09-21T22:59:17","date_gmt":"2025-09-22T03:59:17","guid":{"rendered":"https:\/\/lospoliticosveracruz.com.mx\/?p=152962"},"modified":"2025-09-21T22:59:28","modified_gmt":"2025-09-22T03:59:28","slug":"chinazo","status":"publish","type":"post","link":"https:\/\/lospoliticosveracruz.com.mx\/?p=152962","title":{"rendered":"CHINAZO"},"content":{"rendered":"\n\n\n<p><strong>Guadalupe H. Mar<\/strong><\/p>\n\n\n\n<p><em>Mira Pol\u00edtica&nbsp;<\/em><\/p>\n\n\n\n<p>LA HISTORIA SE REPITE \u2026 Desde hace m\u00e1s de quince d\u00edas, unos 60 autobuses de pasajeros, de los 102 adquiridos por el gobierno del estado de Veracruz a la empresa china Yutong Bus, permanecen estacionados en el patio del Auditorio Benito Ju\u00e1rez de la ciudad porte\u00f1a, en espera de que se concreten los acuerdos con permisionarios para que estas unidades circulen y den servicio.<\/p>\n\n\n\n\n\n<p>Poco se conoce de las rutas que cubrir\u00e1n estos autobuses, as\u00ed como qui\u00e9n o qui\u00e9nes ser\u00e1n los que se har\u00e1n cargo de ellos, independientemente de los funcionarios del gobierno del estado que integran por decreto el fideicomiso p\u00fablico, irrevocable de administraci\u00f3n, inversi\u00f3n y pagos para la modernizaci\u00f3n del sistema de transporte p\u00fablico de pasajeros que se formaliz\u00f3 el martes 20 de mayo de este a\u00f1o, el cual, por cierto, preside la gobernadora del estado, la ingeniera qu\u00edmica Norma Roc\u00edo Nahle Garc\u00eda.<\/p>\n\n\n\n<p>Tampoco se conoce y miren que hemos preguntado por aqu\u00ed y por all\u00e1, cu\u00e1nto pagar\u00e1 con dinero de nuestros impuestos el gobierno del estado de Veracruz por los 102 autobuses urbanos h\u00edbridos que dar\u00e1n el servicio de transporte p\u00fablico \u201cUl\u00faa\u201d para la zona de Veracruz-Boca del R\u00edo.<\/p>\n\n\n\n<p>As\u00ed est\u00e1bamos los veracruzanos hace seis a\u00f1os, al inicio de la administraci\u00f3n del ingeniero mec\u00e1nico electricista Cuitl\u00e1huac Garc\u00eda Jim\u00e9nez, quien adquiri\u00f3 tambi\u00e9n con recursos de nuestros impuestos 50 patrullas y arrend\u00f3 otras 110, con costos que nunca fueron claros, sobre todo porque dispuso que se reservara la informaci\u00f3n por cinco a\u00f1os, argumentando razones de seguridad.<\/p>\n\n\n\n<p>Investigaciones period\u00edsticas de hace seis a\u00f1os determinaron que, por compra y arrendamiento de patrullas, por cierto, compradas en Puebla, el gobierno del estado pag\u00f3 207.4 millones de pesos, cifra que nunca fue desmentida.<\/p>\n\n\n\n<p>Seis a\u00f1os despu\u00e9s la historia se repite. No sabemos cu\u00e1nto se pagar\u00e1 de nuestros impuestos por los autobuses chinos con los que se pretende modernizar el transporte p\u00fablico de pasajeros.<\/p>\n\n\n\n<p>Por cierto, especialistas del transporte p\u00fablico coinciden en que deben definirse con mucho cuidado las rutas por las que circular\u00e1n estos modernos autobuses, porque hay dos factores que ser\u00e1n determinantes para que estas unidades recorran las calles de Veracruz, los baches, cr\u00e1teres y hoyancos, as\u00ed como las estrechas calles que tenemos en la conurbaci\u00f3n.<\/p>\n\n\n\n<p>CLASE MUNDIAL \u2026 Nos comentaba hace unos d\u00edas una lectora, que estaba sumamente enojada en contra de la Comisi\u00f3n Federal de Electricidad, porque reci\u00e9n hab\u00eda recibido la factura por el consumo bimestral que ascend\u00eda a varios miles de pesos y ella sin poder reclamarle a la CFE por las consecuencias negativas de los constantes apagones, como es la descompostura de aparatos electrodom\u00e9sticos.<\/p>\n\n\n\n<p>La lectora refiri\u00f3 que hab\u00eda pagado casi dos mil pesos por la reparaci\u00f3n de su refrigerador, que se descompuso por los constantes apagones o suspensiones de energ\u00eda el\u00e9ctrica, as\u00ed como otra buena cantidad de dinero por su lavadora de ropa que sufri\u00f3 los embates de tanto apag\u00f3n.<\/p>\n\n\n\n<p>Es obvio que tantos apagones o inesperadas suspensiones del suministro el\u00e9ctrico son consecuencia de la falta de mantenimiento en los \u00faltimos a\u00f1os.<\/p>\n\n\n\n<p>Sin embargo y a pesar de que nos insisten en que primero el pueblo, no se ha legislado para que la Comisi\u00f3n Federal de Electricidad se haga responsable de los desperfectos que ocasionan sus apagones.<\/p>\n\n\n\n<p>Cuando se le obligue a la CFE a pagar la reparaci\u00f3n o reposici\u00f3n de aparatos electrodom\u00e9sticos da\u00f1ados por sus apagones, ser\u00e1 entonces cuando se aplicar\u00e1n para ofrecer un servicio de clase mundial.<\/p>\n\n\n\n<p>AD\u00cdOS A LOS ABRAZOS \u2026 El pasado viernes la Fiscal\u00eda General del Estado de Veracruz (FGEVER), emiti\u00f3 un comunicado en el que dio a conocer que junto con la Secretar\u00eda de la Defensa Nacional, Secretar\u00eda de Marina, Guardia Nacional y la Secretar\u00eda de Seguridad P\u00fablica Estatal, realizaron un cateo en el Fraccionamiento Privanzas, al norponiente de la ciudad de Veracruz, donde aseguraron motocicletas desvalijadas y motores de motocicletas, hierba verde con caracter\u00edsticas similares a las de la marihuana, placas vehiculares, cartuchos bal\u00edsticos, tarjetas bancarias, identificaciones y otras cosas m\u00e1s.<\/p>\n\n\n\n<p>En ese cateo autorizado por un juez, detuvieron a siete personas como probables responsables de los delitos contra las instituciones de seguridad p\u00fablica, contra la salud y robo de veh\u00edculo.<\/p>\n\n\n\n<p>Precisamente hace unos d\u00edas comentamos en este espacio que las autoridades dedicadas a la seguridad y procuraci\u00f3n de justicia para los veracruzanos, deb\u00edan empezar a meter en orden a los motociclistas, as\u00ed como combatir el robo de motocicletas porque datos del Secretariado Ejecutivo del Sistema Nacional de Seguridad P\u00fablica (SESNSP) del gobierno federal, indican que Veracruz es el octavo estado de la rep\u00fablica mexicana con el mayor n\u00famero de motocicletas robadas, al sumar en el a\u00f1o 2024, mil 852 unidades sustra\u00eddas ilegalmente.<\/p>\n\n\n\n<p>Bien. Que operativos como estos se repitan.<\/p>\n\n\n\n<p>D\u00cdGALO SIN MIEDO \u2026 Al correo electr\u00f3nico guadalupehmar@gmail.com<\/p>\n","protected":false},"excerpt":{"rendered":"<p>Guadalupe H. Mar Mira Pol\u00edtica&nbsp; LA HISTORIA SE REPITE \u2026 Desde hace m\u00e1s de quince d\u00edas, unos 60 autobuses de pasajeros, de los 102 adquiridos por el gobierno del estado de Veracruz a la empresa china Yutong Bus, permanecen estacionados en el patio del Auditorio Benito Ju\u00e1rez de la ciudad porte\u00f1a, en espera de que [&hellip;]<\/p>\n","protected":false},"author":2,"featured_media":141398,"comment_status":"closed","ping_status":"closed","sticky":false,"template":"","format":"standard","meta":{"_jetpack_newsletter_access":"","_jetpack_dont_email_post_to_subs":false,"_jetpack_newsletter_tier_id":0,"_jetpack_memberships_contains_paywalled_content":false,"_jetpack_memberships_contains_paid_content":false,"footnotes":""},"categories":[70],"tags":[],"class_list":["post-152962","post","type-post","status-publish","format-standard","has-post-thumbnail","hentry","category-de-opinion"],"jetpack_featured_media_url":"https:\/\/lospoliticosveracruz.com.mx\/wp-content\/uploads\/2025\/04\/Lupita-H-Mar.jpg","jetpack_sharing_enabled":true,"jetpack_shortlink":"https:\/\/wp.me\/s4Qcd3-chinazo","_links":{"self":[{"href":"https:\/\/lospoliticosveracruz.com.mx\/index.php?rest_route=\/wp\/v2\/posts\/152962","targetHints":{"allow":["GET"]}}],"collection":[{"href":"https:\/\/lospoliticosveracruz.com.mx\/index.php?rest_route=\/wp\/v2\/posts"}],"about":[{"href":"https:\/\/lospoliticosveracruz.com.mx\/index.php?rest_route=\/wp\/v2\/types\/post"}],"author":[{"embeddable":true,"href":"https:\/\/lospoliticosveracruz.com.mx\/index.php?rest_route=\/wp\/v2\/users\/2"}],"replies":[{"embeddable":true,"href":"https:\/\/lospoliticosveracruz.com.mx\/index.php?rest_route=%2Fwp%2Fv2%2Fcomments&post=152962"}],"version-history":[{"count":1,"href":"https:\/\/lospoliticosveracruz.com.mx\/index.php?rest_route=\/wp\/v2\/posts\/152962\/revisions"}],"predecessor-version":[{"id":152963,"href":"https:\/\/lospoliticosveracruz.com.mx\/index.php?rest_route=\/wp\/v2\/posts\/152962\/revisions\/152963"}],"wp:featuredmedia":[{"embeddable":true,"href":"https:\/\/lospoliticosveracruz.com.mx\/index.php?rest_route=\/wp\/v2\/media\/141398"}],"wp:attachment":[{"href":"https:\/\/lospoliticosveracruz.com.mx\/index.php?rest_route=%2Fwp%2Fv2%2Fmedia&parent=152962"}],"wp:term":[{"taxonomy":"category","embeddable":true,"href":"https:\/\/lospoliticosveracruz.com.mx\/index.php?rest_route=%2Fwp%2Fv2%2Fcategories&post=152962"},{"taxonomy":"post_tag","embeddable":true,"href":"https:\/\/lospoliticosveracruz.com.mx\/index.php?rest_route=%2Fwp%2Fv2%2Ftags&post=152962"}],"curies":[{"name":"wp","href":"https:\/\/api.w.org\/{rel}","templated":true}]}}