{"id":152973,"date":"2025-09-22T07:31:40","date_gmt":"2025-09-22T12:31:40","guid":{"rendered":"https:\/\/lospoliticosveracruz.com.mx\/?p=152973"},"modified":"2025-09-22T07:31:54","modified_gmt":"2025-09-22T12:31:54","slug":"victoria-gutierrez-y-la-burla-a-la-tribuna","status":"publish","type":"post","link":"https:\/\/lospoliticosveracruz.com.mx\/?p=152973","title":{"rendered":"VICTORIA GUTI\u00c9RREZ Y LA BURLA A LA TRIBUNA"},"content":{"rendered":"\n\n\n<p><strong>Yamiri Rodr\u00edguez Madrid<\/strong><\/p>\n\n\n\n<p><em>La vuelta a Veracruz en un teclazo<\/em><\/p>\n\n\n\n<p>En pol\u00edtica, si no te etiquetas, te etiquetan y con su reciente participaci\u00f3n en tribuna, la diputada local morenista, Victoria Guti\u00e9rrez P\u00e9rez logr\u00f3 la haza\u00f1a de etiquetarse y que la etiquetaran con el mismo concepto. &nbsp;Le doy el contexto.<\/p>\n\n\n\n<p>En pleno uso de sus facultades, sin estar bajo el influjo de ninguna sustancia, subi\u00f3 a la&nbsp;Tribuna, en&nbsp;su car\u00e1cter de presidenta de la Comisi\u00f3n Especial para la Atenci\u00f3n, Seguimiento y Desarrollo de la Cafeticultura de Veracruz,&nbsp;sin el m\u00ednimo respeto a ese espacio legislativo ni&nbsp;a la gente, para pronunciar zendo discurso en el que afirm\u00f3 que \u201ccient\u00edficos veracruzanos ya construyeron una nave espacial\u201d. &nbsp;As\u00ed como lo lee. &nbsp; Y ya encarrerada hacia el precipicio, la legisladora plurinominal enf\u00e1tica dijo que les ha pedido que en el viaje al \u201cespacio se aproveche a llevar el olor del caf\u00e9 veracruzano a Marte\u201d. &nbsp;Parece chiste, pero no lo es.<\/p>\n\n\n\n\n\n<p>Lo dicho-hecho por la diputada local es una muestra clara de que hay perfiles que no deber\u00edan estar ah\u00ed; son improvisados y, peor a\u00fan, no tienen la m\u00ednima idea de lo que se supone que est\u00e1n haciendo; vaya ni un m\u00ednimo de lectura, de acervo tienen.<\/p>\n\n\n\n<p>No hay informaci\u00f3n p\u00fablica que acredite la formaci\u00f3n de la se\u00f1ora, qu\u00e9 credenciales tiene para ocupar una curul plurinominal, pero s\u00ed preocupa que forme parte de comisiones tan importantes como&nbsp;Derechos Humanos y Atenci\u00f3n a Grupos Vulnerables; Protecci\u00f3n Civil; Transparencia, Acceso a la Informaci\u00f3n y Parlamento Abierto, sin conocimiento alguno.<\/p>\n\n\n\n<p>Si&nbsp;cree que Veracruz est\u00e1 en la carrera espacial, habr\u00eda que preguntarse qu\u00e9 tipo de lecturas hace, qui\u00e9nes y c\u00f3mo la asesoran&nbsp;y de d\u00f3nde sac\u00f3 su informaci\u00f3n.&nbsp;Y no, no fue un video hecho con Inteligencia Artificial, tampoco puede recurrir a la ya gastada bandera&nbsp;de&nbsp;violencia&nbsp;pol\u00edtica en raz\u00f3n&nbsp;de g\u00e9nero por las cr\u00edticas; es una burla a las y los veracruzanos asumirse como representante popular, cobrar lo que cobra, para el nivel de preparaci\u00f3n que se tiene.<\/p>\n\n\n\n<p>Lo peor que le puede pasar a las y los integrantes de la LVXII Legislatura Local es que por Victoria Guti\u00e9rrez P\u00e9rez, crean que todos son iguales.<\/p>\n\n\n\n<p>@YamiriRodriguez<\/p>\n","protected":false},"excerpt":{"rendered":"<p>Yamiri Rodr\u00edguez Madrid La vuelta a Veracruz en un teclazo En pol\u00edtica, si no te etiquetas, te etiquetan y con su reciente participaci\u00f3n en tribuna, la diputada local morenista, Victoria Guti\u00e9rrez P\u00e9rez logr\u00f3 la haza\u00f1a de etiquetarse y que la etiquetaran con el mismo concepto. &nbsp;Le doy el contexto. En pleno uso de sus facultades, [&hellip;]<\/p>\n","protected":false},"author":2,"featured_media":141413,"comment_status":"closed","ping_status":"closed","sticky":false,"template":"","format":"standard","meta":{"_jetpack_newsletter_access":"","_jetpack_dont_email_post_to_subs":false,"_jetpack_newsletter_tier_id":0,"_jetpack_memberships_contains_paywalled_content":false,"_jetpack_memberships_contains_paid_content":false,"footnotes":""},"categories":[70],"tags":[819,1026,195],"class_list":["post-152973","post","type-post","status-publish","format-standard","has-post-thumbnail","hentry","category-de-opinion","tag-congreso-local","tag-morena","tag-veracruz"],"jetpack_featured_media_url":"https:\/\/lospoliticosveracruz.com.mx\/wp-content\/uploads\/2025\/04\/Yamiri-Rodriguez-Madrid.jpg","jetpack_sharing_enabled":true,"jetpack_shortlink":"https:\/\/wp.me\/p4Qcd3-DNj","_links":{"self":[{"href":"https:\/\/lospoliticosveracruz.com.mx\/index.php?rest_route=\/wp\/v2\/posts\/152973","targetHints":{"allow":["GET"]}}],"collection":[{"href":"https:\/\/lospoliticosveracruz.com.mx\/index.php?rest_route=\/wp\/v2\/posts"}],"about":[{"href":"https:\/\/lospoliticosveracruz.com.mx\/index.php?rest_route=\/wp\/v2\/types\/post"}],"author":[{"embeddable":true,"href":"https:\/\/lospoliticosveracruz.com.mx\/index.php?rest_route=\/wp\/v2\/users\/2"}],"replies":[{"embeddable":true,"href":"https:\/\/lospoliticosveracruz.com.mx\/index.php?rest_route=%2Fwp%2Fv2%2Fcomments&post=152973"}],"version-history":[{"count":1,"href":"https:\/\/lospoliticosveracruz.com.mx\/index.php?rest_route=\/wp\/v2\/posts\/152973\/revisions"}],"predecessor-version":[{"id":152975,"href":"https:\/\/lospoliticosveracruz.com.mx\/index.php?rest_route=\/wp\/v2\/posts\/152973\/revisions\/152975"}],"wp:featuredmedia":[{"embeddable":true,"href":"https:\/\/lospoliticosveracruz.com.mx\/index.php?rest_route=\/wp\/v2\/media\/141413"}],"wp:attachment":[{"href":"https:\/\/lospoliticosveracruz.com.mx\/index.php?rest_route=%2Fwp%2Fv2%2Fmedia&parent=152973"}],"wp:term":[{"taxonomy":"category","embeddable":true,"href":"https:\/\/lospoliticosveracruz.com.mx\/index.php?rest_route=%2Fwp%2Fv2%2Fcategories&post=152973"},{"taxonomy":"post_tag","embeddable":true,"href":"https:\/\/lospoliticosveracruz.com.mx\/index.php?rest_route=%2Fwp%2Fv2%2Ftags&post=152973"}],"curies":[{"name":"wp","href":"https:\/\/api.w.org\/{rel}","templated":true}]}}