{"id":152976,"date":"2025-09-22T08:01:15","date_gmt":"2025-09-22T13:01:15","guid":{"rendered":"https:\/\/lospoliticosveracruz.com.mx\/?p=152976"},"modified":"2025-09-22T08:01:46","modified_gmt":"2025-09-22T13:01:46","slug":"repudio-al-espurio","status":"publish","type":"post","link":"https:\/\/lospoliticosveracruz.com.mx\/?p=152976","title":{"rendered":"REPUDIO AL ESPURIO"},"content":{"rendered":"\n\n\n<p><strong>Omar Z\u00fa\u00f1iga<\/strong><\/p>\n\n\n\n<p><em>De Primera Mano<\/em><\/p>\n\n\n\n<p>El conflicto en la Universidad Veracruzana que la tiene sumida en la peor crisis de su historia por el berrinche de un sujeto que busca a como d\u00e9 lugar mantenerse como rector, violentando la ley, no&nbsp;se detiene, por el contrario, crece a cada minuto.<\/p>\n\n\n\n<p>El pasado s\u00e1bado 20 de septiembre, se celebr\u00f3 el 50 aniversario del Ballet Folcl\u00f3rico de la UV en el Teatro del Estado, en Xalapa.<\/p>\n\n\n\n\n\n<p>Como era de esperarse, la ovaci\u00f3n del respetable qued\u00f3 de manifiesto cuando la persona que fung\u00eda como maestra de ceremonias, mencion\u00f3 al director del Ballet,&nbsp;<strong>Julio C\u00e9sar Flores Prado<\/strong>, pero el Teatro pr\u00e1cticamente se ca\u00eda cunado mencionaron a su director musical,&nbsp;el gran Maestro&nbsp;<strong>Alberto de la Rosa<\/strong>.<\/p>\n\n\n\n<p>Honor a quien honor merece, al final se cosecha lo que se siembra, es un m\u00e1xima de vida.<\/p>\n\n\n\n<p>Previo a la ceremonia oficial, la misma conductora, \u201capel\u00f3\u201d al p\u00fablico asistente \u201cde la manera m\u00e1s cordial, para que nos brinden su respeto; que esta velada transcurra&nbsp;con una&nbsp;cultura de paz y armon\u00eda, (\u2026) les&nbsp;pido por favor su comprensi\u00f3n&nbsp;(sic)\u201d.<\/p>\n\n\n\n<p>Resulta evidente con este mensaje que esperaba lo que&nbsp;ven\u00eda, era el preludio de la debacle.<\/p>\n\n\n\n<p>Lleg\u00f3 el momento ineludible de presentar a los invitados de \u201chonor\u201d y tuvieron que mencionar a un tal&nbsp;<strong>Gerardo Mart\u00edn Aguilar<\/strong>, el espurio que busca mantenerse en la Rector\u00eda;&nbsp;el abucheo de la sala, fue apote\u00f3sico, pero &nbsp;tambi\u00e9n espont\u00e1neo.<\/p>\n\n\n\n<p>Fue ese momento en que los asistentes mostraron su repudio al personaje que vulnera la legalidad universitaria.<\/p>\n\n\n\n<p>Gritos de \u201c\u00a1fuera!, \u00a1que respete a la Universidad Veracruzana!\u201d, retumbaron en la conocida sala grande (o Emilio Carballido) del Teatro del Estado Ignacio de la Llave,&nbsp;el mismo escenario donde fue abucheado tambi\u00e9n el entonces gobernador&nbsp;<strong>Javier Duarte<\/strong>.<\/p>\n\n\n\n<p>El espurio, aunque seguramente&nbsp;esperaba alg\u00fan acto que manifestara el&nbsp;encabronamiento&nbsp;de la gente, a juzgar por su cara, nunca esper\u00f3 el sonoro abucheo de que fue objeto.<\/p>\n\n\n\n<p>M\u00e1s all\u00e1 de saber si quienes asistieron eran universitarios o no, sin lugar a dudas es sintom\u00e1tico del sentimiento de repudio que existe entre la comunidad contra&nbsp;una \u201cautoridad\u201d que insiste en mantenerse&nbsp;aferrado a la ubre del presupuesto, sin respetar eso extra\u00f1o&nbsp;conocido como ley,&nbsp;que jur\u00f3 guardar y hacer guardar hace cuatro a\u00f1os y&nbsp;que lo llev\u00f3 a la silla rectoral hace cuatro a\u00f1os, en el periodo&nbsp;que fue rector.<\/p>\n\n\n\n<p>Hoy&nbsp;<strong>Gerardo Mart\u00edn Aguilar<\/strong>&nbsp;es un remedo, que se deber\u00e1 enfrentar a este tipo de manifestaciones cuando salga a la calle, cuando est\u00e9 fuera del capelo que busca mantener a toda costa para que no sea molestado ni con el p\u00e9talo de una rosa.<\/p>\n\n\n\n<p>Esos espacios se acotar\u00e1n a cada momento, que ser\u00e1 directamente proporcional al repudio de la gente y de la comunidad universitaria&nbsp;hacia&nbsp;su persona, que adem\u00e1s crecer\u00e1 de manera exponencial cuando empiece a conocerse lo que ha hecho con el presupuesto universitario.<\/p>\n\n\n\n<p>Este tipo de manifestaciones, aunque existan puristas que argumenten que no son \u201cvinculantes\u201d, en definitiva son el retrato de lo que ocurre al interior de la UV, que adem\u00e1s depende de ellos en tornarlas vinculantes, para que el rector espurio no permanezca en la toma de decisiones de la UV y contin\u00fae infligi\u00e9ndole un da\u00f1o del que sea imposible salir.<\/p>\n\n\n\n<p>\u00a1Qu\u00e9 barbaridad!<\/p>\n\n\n\n<p>deprimera.mano2020@gmail.com<\/p>\n","protected":false},"excerpt":{"rendered":"<p>Omar Z\u00fa\u00f1iga De Primera Mano El conflicto en la Universidad Veracruzana que la tiene sumida en la peor crisis de su historia por el berrinche de un sujeto que busca a como d\u00e9 lugar mantenerse como rector, violentando la ley, no&nbsp;se detiene, por el contrario, crece a cada minuto. El pasado s\u00e1bado 20 de septiembre, [&hellip;]<\/p>\n","protected":false},"author":2,"featured_media":141427,"comment_status":"closed","ping_status":"closed","sticky":false,"template":"","format":"standard","meta":{"_jetpack_newsletter_access":"","_jetpack_dont_email_post_to_subs":false,"_jetpack_newsletter_tier_id":0,"_jetpack_memberships_contains_paywalled_content":false,"_jetpack_memberships_contains_paid_content":false,"footnotes":""},"categories":[70],"tags":[1026,172,195],"class_list":["post-152976","post","type-post","status-publish","format-standard","has-post-thumbnail","hentry","category-de-opinion","tag-morena","tag-uv","tag-veracruz"],"jetpack_featured_media_url":"https:\/\/lospoliticosveracruz.com.mx\/wp-content\/uploads\/2025\/04\/Omar-Zuniga.jpg","jetpack_sharing_enabled":true,"jetpack_shortlink":"https:\/\/wp.me\/p4Qcd3-DNm","_links":{"self":[{"href":"https:\/\/lospoliticosveracruz.com.mx\/index.php?rest_route=\/wp\/v2\/posts\/152976","targetHints":{"allow":["GET"]}}],"collection":[{"href":"https:\/\/lospoliticosveracruz.com.mx\/index.php?rest_route=\/wp\/v2\/posts"}],"about":[{"href":"https:\/\/lospoliticosveracruz.com.mx\/index.php?rest_route=\/wp\/v2\/types\/post"}],"author":[{"embeddable":true,"href":"https:\/\/lospoliticosveracruz.com.mx\/index.php?rest_route=\/wp\/v2\/users\/2"}],"replies":[{"embeddable":true,"href":"https:\/\/lospoliticosveracruz.com.mx\/index.php?rest_route=%2Fwp%2Fv2%2Fcomments&post=152976"}],"version-history":[{"count":2,"href":"https:\/\/lospoliticosveracruz.com.mx\/index.php?rest_route=\/wp\/v2\/posts\/152976\/revisions"}],"predecessor-version":[{"id":152978,"href":"https:\/\/lospoliticosveracruz.com.mx\/index.php?rest_route=\/wp\/v2\/posts\/152976\/revisions\/152978"}],"wp:featuredmedia":[{"embeddable":true,"href":"https:\/\/lospoliticosveracruz.com.mx\/index.php?rest_route=\/wp\/v2\/media\/141427"}],"wp:attachment":[{"href":"https:\/\/lospoliticosveracruz.com.mx\/index.php?rest_route=%2Fwp%2Fv2%2Fmedia&parent=152976"}],"wp:term":[{"taxonomy":"category","embeddable":true,"href":"https:\/\/lospoliticosveracruz.com.mx\/index.php?rest_route=%2Fwp%2Fv2%2Fcategories&post=152976"},{"taxonomy":"post_tag","embeddable":true,"href":"https:\/\/lospoliticosveracruz.com.mx\/index.php?rest_route=%2Fwp%2Fv2%2Ftags&post=152976"}],"curies":[{"name":"wp","href":"https:\/\/api.w.org\/{rel}","templated":true}]}}