{"id":153112,"date":"2025-09-23T23:53:45","date_gmt":"2025-09-24T04:53:45","guid":{"rendered":"https:\/\/lospoliticosveracruz.com.mx\/?p=153112"},"modified":"2025-09-23T23:54:16","modified_gmt":"2025-09-24T04:54:16","slug":"el-pelo-chino","status":"publish","type":"post","link":"https:\/\/lospoliticosveracruz.com.mx\/?p=153112","title":{"rendered":"EL PELO CHINO"},"content":{"rendered":"\n\n\n<p><strong>Jos\u00e9 Luis Ortega Vidal<\/strong><\/p>\n\n\n\n<p><em>Claroscuros<\/em><br>(1)<br>A Jos\u00e9 Gil Caro Quintero (a) \u201cEl pelo chino\u201d lo detuvieron en Tulum, Quintana Roo, el 12 de octubre del 2023.<br>Casi dos a\u00f1os despu\u00e9s, el jueves pasado, elementos de la Marina-Armada de M\u00e9xico y del Ej\u00e9rcito catearon un rancho de \u201cEl pelo chino\u201d en Vega de Alatorre, municipio del centro de Veracruz con salida al mar, cerca de Costa Esmeralda.<\/p>\n\n\n\n\n\n<p><br>El gabinete de seguridad del ex presidente Andr\u00e9s Manuel L\u00f3pez Obrador \u201cconfirm\u00f3 que agentes de la Fiscal\u00eda General de Quintana Roo dejaron ir a Jos\u00e9 Gil Caro Quintero, sobrino del capo Rafael Caro Quintero, y uno de los l\u00edderes del C\u00e1rtel de Caborca, a cambio de un millonario soborno\u201d. El Universal \/Nota de Manuel Espino\/13 de octubre del 2023.<br>(2)<br>En octubre del 2023 -tras su captura en Tulum- Jos\u00e9 Gil Caro no se fug\u00f3; fue dejado libre por polic\u00edas ministeriales a cambio de un \u201cpago\u201d por quince millones de pesos, de acuerdo a la informaci\u00f3n difundida por el diario El Universal y otros medios.<br>La semana pasada, en territorio veracruzano donde resulta una persona muy conocida, al presunto capo simplemente no se le captur\u00f3; se habr\u00eda escapado ante el arribo de las fuerzas armadas federales.<br>(3)<br>A diferencia de la fuga de \u201cEl pelo chino\u201d o \u201cDon Jos\u00e9\u201d en Quintana Roo, donde la \u201ccompra\u201d de su libertad fue noticia nacional vinculada a la Fiscal\u00eda de aquella entidad, el operativo fallido desplegado el jueves 18 de septiembre en Vega de Alatorre se ha convertido en esc\u00e1ndalo pol\u00edtico estatal, cuyas repercusiones en el \u00e1mbito federal se habr\u00e1n de ver\u2026o no.<br>(4)<br>La presencia de marinos y soldados en un rancho del sobrino de Rafael Caro Quintero constituye un hecho noticioso que reitera la b\u00fasqueda de un presunto delincuente de muy alto perfil en el pa\u00eds y a nivel internacional y al no lograrse el objetivo queda sembrada la idea de que lo seguir\u00e1n buscando hasta dar con \u00e9l\u2026<br>(5)<br>Por otra parte, el esc\u00e1ndalo pol\u00edtico es un tema de alcance distinto -pero tambi\u00e9n de peso- y surge a partir de la presumible presencia de la alcaldesa de Colipa \u2013municipio aleda\u00f1o a Vega de Alatorre- en el rancho propiedad de Jos\u00e9 Gil Caro Quintero (a) \u201cEl pelo chino\u201d.<br>\u00bfEstuvo en ese rancho o no estuvo ah\u00ed, la edil Gabriela Alejandra Ortega Molina?<br>La gobernadora Roc\u00edo Nahle Garc\u00eda a trav\u00e9s del secretario de Gobierno, Ricardo Ahued Bardahuil, ha informado oficialmente que Gabriela Alejandra Ortega Molina no estuvo en el rancho del presunto narcotraficante a quien las fuerzas federales intentaron detener el jueves.<br>(6)<br>Es decir, la presidenta municipal no estuvo, no fue hallada en esa propiedad en el momento del operativo, por lo menos\u2026<br>\u00bfExiste alguna relaci\u00f3n personal, social o pol\u00edtica entre Gabriela Alejandra Ortega Molina y Jos\u00e9 Gil Caro Quintero, m\u00e1s all\u00e1 de ser vecinos?<br>No hay pruebas de que as\u00ed sea, pero existen rumores al respecto\u2026<br>(7)<br>Hay hechos corroborados en torno a Vega de Alatorre, Colipa, Juchique de Ferrer y otros municipios de la llamada sierra de Misantla, cuyos caminos est\u00e1n ligados a municipios como Alto Lucero de Guti\u00e9rrez Barrios y Actopan, desde donde se arriba a Xalapa.<br>-En esta regi\u00f3n la violencia se ha convertido en un c\u00e1ncer sin freno, como en la mayor parte del territorio de Veracruz.<br>-Otro hecho firme resulta de las declaraciones contradictorias, vagas, de parte del secretario de Gobierno Ricardo Ahued con respecto al operativo de b\u00fasqueda del \u201cPelo chino\u201d, en torno al cual las primeras versiones medi\u00e1ticas arrojaron la presunta presencia de la alcaldesa colipense Gabriela Alejandra Ortega Molina, de quien se afirm\u00f3 habr\u00eda sido retenida varias horas por marinos y soldados.<\/p>\n\n\n\n<p>El domingo, Ricardo Ahued declar\u00f3 a reporteros:<\/p>\n\n\n\n<p>\u201cEst\u00e1 bien, pero no quisiera\u2026porque ahorita est\u00e1 el proceso, las declaraciones y no quiero adelantar y pueda desvirtuar la investigaci\u00f3n\u201d.<br>\u201cLas investigaciones siguen, hay carpetas abiertas y despu\u00e9s del lunes se dar\u00e1 un reporte puntual\u201d<br>(8)<br>El operativo de marras ocurri\u00f3 el jueves 18; desde el viernes 19 circulaba en redes sociales y medios de comunicaci\u00f3n la presunta presencia de la alcaldesa de Colipa en el rancho de su vecino Jos\u00e9 Gil Caro Quintero, sobrino de Rafael Caro Quintero quien fue cofundador del C\u00e1rtel de Guadalajara y se encuentra preso en una c\u00e1rcel de Estados Unidos acusado por el asesinato del agente de la DEA, Enrique \u201cKiki\u201d Camarena, ocurrido en 1985.<br>El domingo 21, cuando hab\u00edan pasado m\u00e1s de 60 horas luego del cateo en Vega de Alatorre, el secretario de Gobierno hizo declaraciones que lejos de aclarar la situaci\u00f3n \u2013de ubicaci\u00f3n y condici\u00f3n legal de la alcaldesa de Colipa- condujeron a m\u00e1s especulaciones sobre el tema.<br>Fue hasta el lunes 22 de septiembre \u2013m\u00e1s de 80 horas despu\u00e9s del operativo en Vega de Alatorre- que Ricardo Ahued abord\u00f3 nuevamente el tema, ahora en compa\u00f1\u00eda de la gobernadora Roc\u00edo Nahle Garc\u00eda, para confirmar oficialmente que Gabriela Alejandra Ortega Molina no fue hallada en el rancho del presunto integrante del c\u00e1rtel de Caborca ni fue retenida por fuerzas federales.<br>(9)<br>Frente a esta afirmaci\u00f3n del secretario de Gobierno queda sin respuesta un cuestionamiento clave:<br>Si bien, en esta ocasi\u00f3n Gabriela Alejandra Ortega no estuvo en el rancho de \u201cEl pelo chino\u201d \u00bfOtras veces s\u00ed ha estado ah\u00ed?<br>La vida privada de la alcaldesa es respetable; sin embargo, se convierte en asunto de inter\u00e9s p\u00fablico cuando existen sospechas de su v\u00ednculo directo con hechos sujetos a una investigaci\u00f3n policiaca.<br>(10)<br>-Otro dato confirmado refiere a Neftal\u00ed Gonz\u00e1lez L\u00f3pez, empresario y vecino de Colipa, quien fue levantado por delincuentes el 18 de julio del 2025 en un restaurante de Vega de Alatorre.<br>A poco m\u00e1s de dos meses de aquel secuestro, Neftal\u00ed Gonz\u00e1lez L\u00f3pez no aparece y fuentes consultadas por este reportero indican que su familia presuntamente solicit\u00f3 el apoyo de autoridades federales ante la falta de resultados por parte de las instancias estatales de investigaci\u00f3n y procuraci\u00f3n de justicia en Veracruz.<br>De hecho la presencia de marinos y militares en el rancho propiedad de Jos\u00e9 Gil Caro Quintero el pasado jueves, habr\u00eda tenido un segundo objetivo adem\u00e1s de su captura: la ubicaci\u00f3n de Neftal\u00ed Gonz\u00e1lez L\u00f3pez.<br>(11)<br>A Rafael Caro Quintero lo detuvieron el 4 de abril de 1985 en San Rafael de Ojo de Agua, en Alajuela, Costa Rica.<br>Se hallaba en el rancho \u201cEl Castillo\u201d, acompa\u00f1ado de su pareja: Sara Cristina Coss\u00edo Vidaurri Mart\u00ednez, de 17 a\u00f1os e integrante de una poderosa familia de pol\u00edticos en Jalisco, entre ellos el entonces gobernador Emilio Coss\u00edo Vidaurri, su t\u00edo.<br>Si bien a Rafael Caro Quintero lo buscaban polic\u00edas mexicanos y de la DEA por narcotr\u00e1fico y sobre todo por el asesinato de Enrique \u201cKiki\u201d Camarena, el amor y la pasi\u00f3n entre el capo y la joven menor de edad se ubica como factor clave para su captura.<br>Y es que Sara Coss\u00edo llam\u00f3 a sus familiares \u2013quienes la cre\u00edan secuestrada- antes de subir a un avi\u00f3n y salir de M\u00e9xico junto a su amante\u2026<br>A Jos\u00e9 Gil Caro Quintero lo describen como alguien muy parecido a su t\u00edo.<\/p>\n","protected":false},"excerpt":{"rendered":"<p>Jos\u00e9 Luis Ortega Vidal Claroscuros(1)A Jos\u00e9 Gil Caro Quintero (a) \u201cEl pelo chino\u201d lo detuvieron en Tulum, Quintana Roo, el 12 de octubre del 2023.Casi dos a\u00f1os despu\u00e9s, el jueves pasado, elementos de la Marina-Armada de M\u00e9xico y del Ej\u00e9rcito catearon un rancho de \u201cEl pelo chino\u201d en Vega de Alatorre, municipio del centro de [&hellip;]<\/p>\n","protected":false},"author":2,"featured_media":141392,"comment_status":"closed","ping_status":"closed","sticky":false,"template":"","format":"standard","meta":{"_jetpack_newsletter_access":"","_jetpack_dont_email_post_to_subs":false,"_jetpack_newsletter_tier_id":0,"_jetpack_memberships_contains_paywalled_content":false,"_jetpack_memberships_contains_paid_content":false,"footnotes":""},"categories":[70],"tags":[18449,46079,46093,876,195],"class_list":["post-153112","post","type-post","status-publish","format-standard","has-post-thumbnail","hentry","category-de-opinion","tag-colipa","tag-gabriela-ortega-molina","tag-jose-gil-caro-quintero","tag-ricardo-ahued","tag-veracruz"],"jetpack_featured_media_url":"https:\/\/lospoliticosveracruz.com.mx\/wp-content\/uploads\/2025\/04\/Jose-Luis-Ortega-Vidal.jpg","jetpack_sharing_enabled":true,"jetpack_shortlink":"https:\/\/wp.me\/p4Qcd3-DPy","_links":{"self":[{"href":"https:\/\/lospoliticosveracruz.com.mx\/index.php?rest_route=\/wp\/v2\/posts\/153112","targetHints":{"allow":["GET"]}}],"collection":[{"href":"https:\/\/lospoliticosveracruz.com.mx\/index.php?rest_route=\/wp\/v2\/posts"}],"about":[{"href":"https:\/\/lospoliticosveracruz.com.mx\/index.php?rest_route=\/wp\/v2\/types\/post"}],"author":[{"embeddable":true,"href":"https:\/\/lospoliticosveracruz.com.mx\/index.php?rest_route=\/wp\/v2\/users\/2"}],"replies":[{"embeddable":true,"href":"https:\/\/lospoliticosveracruz.com.mx\/index.php?rest_route=%2Fwp%2Fv2%2Fcomments&post=153112"}],"version-history":[{"count":2,"href":"https:\/\/lospoliticosveracruz.com.mx\/index.php?rest_route=\/wp\/v2\/posts\/153112\/revisions"}],"predecessor-version":[{"id":153114,"href":"https:\/\/lospoliticosveracruz.com.mx\/index.php?rest_route=\/wp\/v2\/posts\/153112\/revisions\/153114"}],"wp:featuredmedia":[{"embeddable":true,"href":"https:\/\/lospoliticosveracruz.com.mx\/index.php?rest_route=\/wp\/v2\/media\/141392"}],"wp:attachment":[{"href":"https:\/\/lospoliticosveracruz.com.mx\/index.php?rest_route=%2Fwp%2Fv2%2Fmedia&parent=153112"}],"wp:term":[{"taxonomy":"category","embeddable":true,"href":"https:\/\/lospoliticosveracruz.com.mx\/index.php?rest_route=%2Fwp%2Fv2%2Fcategories&post=153112"},{"taxonomy":"post_tag","embeddable":true,"href":"https:\/\/lospoliticosveracruz.com.mx\/index.php?rest_route=%2Fwp%2Fv2%2Ftags&post=153112"}],"curies":[{"name":"wp","href":"https:\/\/api.w.org\/{rel}","templated":true}]}}