{"id":153115,"date":"2025-09-24T06:17:53","date_gmt":"2025-09-24T11:17:53","guid":{"rendered":"https:\/\/lospoliticosveracruz.com.mx\/?p=153115"},"modified":"2025-09-24T06:18:12","modified_gmt":"2025-09-24T11:18:12","slug":"mc-y-sus-derrotas","status":"publish","type":"post","link":"https:\/\/lospoliticosveracruz.com.mx\/?p=153115","title":{"rendered":"MC Y SUS DERROTAS"},"content":{"rendered":"\n\n\n<p><br><strong>Ricardo Chua<\/strong><\/p>\n\n\n\n<p><em>Sale y Vale<\/em><\/p>\n\n\n\n<p>El destino, las circunstancias o la suerte, le puso de nuevo a Movimiento Ciudadano en Veracruz la GRAN OPORTUNIDAD de darle un \u00abgolpe\u00bb directo al partido MORENA.. Al cual en las \u00faltimas semanas se ha cansado de se\u00f1alar.. Que de manera \u00abtramposa e ilegal\u00bb.. Le quiere \u00abROBAR\u00bb la elecci\u00f3n municipal del pasado 1 de junio en Poza Rica y Papantla.. Y esa oportunidad, se la dio precisamente el gobierno federal de Claudia Shienbaum y la Fiscal\u00eda General de la Rep\u00fablica (FGR) con el cateo del rancho en el municipio de Colipa, propiedad de un familiar del capo Rafael Caro Quintero.. Y la presunta \u00abretenci\u00f3n\u00bb de la alcaldesa de este lugar, Gabriela Ortega Molina, porque seg\u00fan estaba en ese rancho cuando ocurri\u00f3 el operativo de fuerzas federales.. Y qu\u00e9 sucedi\u00f3: MC SE QUED\u00d3 CALLADO..<\/p>\n\n\n\n\n\n<p>Ya que independientemente del tema legal, judicial y de presuntos v\u00ednculos de autoridades municipales en Veracruz con grupos fuera de la ley, en esa peque\u00f1a ciudad como lo es Colipa, ubicada en la zona serrana del centro de la capital del Estado, Xalapa.. El tema en lo pol\u00edtico, era la OPORTUNIDAD ID\u00d3NEA que ten\u00eda Movimiento Ciudadano para \u00abarmar\u00bb toda una estrateg\u00eda medi\u00e1tica y pol\u00edtica en contra partido, que presuntamente los ha \u00abda\u00f1ado\u00bb con todo en los \u00faltimos meses en la entidad, como lo ha sido MORENA.. Dado que la alcaldesa se\u00f1alada es miembro de este organismo pol\u00edtico.. Pero nadie de MC sali\u00f3 a decir nada al respecto.. Mantuvo un silencio \u00absepulcral\u00bb.. Ni una declaraci\u00f3n al respecto.. No al menos visible..<\/p>\n\n\n\n<p>Esa situaci\u00f3n en Veracruz.. Desat\u00f3 serias discusiones en grupos de whatsapp tanto de grupos de la sociedad civil organizada, pol\u00edticos de todos los partidos hasta de empresarios ligados a MC.. Ya que no se entiende la postura de la dirigencia nacional y estatal del partido \u00abnaranja\u00bb sobre este caso en particular en Colipa.. Ten\u00edan en sus manos una \u00abbomba\u00bb que le pudo haber \u00abexplotado\u00bb en las manos al gobierno de Roc\u00edo Nahle.. Pero permanecieron callados tanto diputados locales en Veracruz, legisladores federales y hasta los senadores que despu\u00e9s andan trayendo a Veracruz a puro \u00abturismo\u00bb pol\u00edtico.. Como dec\u00eda el cronista deportivo Enrique \u00abEl Perro\u00bb Bermudez: \u00abLa ten\u00eda, era suya y la dej\u00f3 ir\u00bb.. Despu\u00e9s se andan quejando de las derrotas que no saben defender..<\/p>\n\n\n\n<p>Lo del caso Colipa era la oportunidad para MC.. Para hacer ver como en MORENA tienen en sus filas a pol\u00edticos, que se relacionan con personajes que tienen dudosa reputaci\u00f3n.. Sobre todo porque el operativo en aquella ciudad, el pasado jueves, no fue un simple cateo a un rancho en com\u00fan.. Sino en contra de personajes, que presuntamente, tienen pendientes con la ley y que hasta en Estados Unidos de Am\u00e9rica (EEUU) los andan buscando como se\u00f1ala los v\u00eddeos de la periodista Anabel Hern\u00e1ndez.. Y todo ese \u00abbagaje\u00bb lo tuvo en sus manos MC para hacer el escarnio pol\u00edtico que necesitan en Veracruz.. Ante lo que presuntamente le est\u00e1 sucediendo en Poza Rica y Papantla.. Pero pareciera que todo esto, les pas\u00f3 de \u00abnoche\u00bb..<\/p>\n\n\n\n<p>Lo m\u00e1s grave es que fueron varios d\u00edas metidos en ese esc\u00e1ndalo y los pol\u00edticos del partido \u00abnaranja\u00bb, \u00abbrillaron\u00bb por su ausencia.. Los medios nacionales y veracruzanos hicieron el trabajo medi\u00e1tico y hasta pol\u00edtico que MC no quiso realizar.. Ya que periodistas fueron los que cuestionaron todos estos hechos y la defensa que hizo el gobierno estatal a trav\u00e9s de Ricardo Ahued a la alcaldesa de ese sitio, presuntamente involucrada en el tema.. Y eso que los pol\u00edticos de MC tienen fuero constitucional para hacer se\u00f1alamientos, sin caer en ning\u00fan conflicto legal, pero no lo hicieron, todo fue silencio.. A qu\u00e9 se debi\u00f3.. S\u00f3lo ellos lo sabr\u00e1n.. Pero qu\u00e9 mal parados quedaron ante la ciudadan\u00eda.. Se esperaba m\u00e1s de ellos, pero quedaron de nuevo como \u00abagachones\u00bb ante Roc\u00edo Nahle y su partido..<\/p>\n\n\n\n<p>Este asunto le daba toda la ventaja a la dirigencia nacional y estatal de MC.. De FUSTIGAR pol\u00edticamente con todo al partido MORENA y a su dirigente estatal, Esteban Ram\u00edrez Zepeta, quien varias veces los ha acusado de postular candidatos a cargos de elecci\u00f3n popular de dudosa reputaci\u00f3n.. Y no lo hicieron.. Zepeta 1 y Carbonell 0.. Tambi\u00e9n les daba la oportunidad de revirar las declaraciones a la gobernadora Nahle, que pasadas las elecciones municipales, se\u00f1al\u00f3 que varios de sus pol\u00edticos postulados ten\u00edan dudosa procedencia y que no se iba a sentar con ellos, as\u00ed fueran autoridades electas porque no iba a \u00abmanchar\u00bb su gobierno.. Pero tampoco comentaron nada, ni refutaron nada, los \u00abnaranjas\u00bb callaron.. Nahle 2 y M\u00e1ynez 0.. TODO ESTABA DICHO..<\/p>\n\n\n\n<p>Si alguien pregunta directamente por qu\u00e9 esta actitud de los pol\u00edticos de MC en Veracruz.. Ante un caso tan medi\u00e1tico como es el asunto del operativo y cateo del rancho en Colipa.. Que ya se le volvi\u00f3 una crisis al gobierno del Estado.. Que bien pudieron \u00ababonar\u00bb a su causa en su presunta lucha que tienen con MORENA en la entidad.. Es algo que se puede contestar o por lo menos sospechar.. Y es que pese a lo que se diga y a lo que digan, es m\u00e1s, pese a lo que se puedan hacer jur\u00eddicamente.. Hay un PRESUNTO acuerdo entre el gobierno de Veracruz, el partido MORENA y Movimiento Ciudadano.. Y ante el p\u00fablico podr\u00e1n \u00abara\u00f1arse\u00bb pero jam\u00e1s se har\u00e1n da\u00f1o.. Al menos, esa es la evidencia que dejan..<\/p>\n\n\n\n<p>Finalmente, ya la opini\u00f3n p\u00fablica en Veracruz, la que est\u00e1 interesada en la cuesti\u00f3n de partidos pol\u00edticos y temas de gobierno, tiene la PERCEPCI\u00d3N que MC s\u00f3lo hace un \u00abesc\u00e1ndalo\u00bb para el tema Poza Rica y Papantla.. Pero que el acuerdo con MORENA es tan grande, que no se meten para nada.. Ni para bien o para mal, en temas o asuntos que puedan \u00abDESHACER\u00bb la buena figura que debe tener el gobierno del Estado.. Esos casos como el de Colipa, lo dejan ver y lo dejan pasar.. Para qu\u00e9 se meten.. No vaya a ser la de malas, que hoy se investigan a autoridades \u00abmorenos\u00bb y ma\u00f1ana puedan ser sus alcaldes \u00abnaranjas\u00bb electos, los investigados.. Mejor se quedan callados, no sea que al dejarse ver a la FGR se le \u00abantoje\u00bb.. AMEN..<\/p>\n\n\n\n<p>REFLEXI\u00d3N.. Movimiento Ciudadano ten\u00eda todo puesto desde el viernes que ocurri\u00f3 el esc\u00e1ndalo en Colipa.. Para llevarse \u00aboreja y rabo\u00bb, pero decidieron quedarse \u00abmudos\u00bb.. Esteban Ram\u00edrez Zepeta, dirigente estatal de MORENA, result\u00f3 ser m\u00e1s listo que el secretario de Gobierno, Ricardo Ahued, y no se meti\u00f3, tambi\u00e9n se qued\u00f3 callado y fue el partido el que sali\u00f3 \u00abembarrado\u00bb, pero Zepeta no.. El PAN en el Estado anda tan \u00abagachado\u00bb, que tampoco dice nada y su dirigencia es tan \u00abgris\u00bb, que ya ni al gobierno estatal les importa.. Y el PRI de Adolfo Ram\u00edrez Arana, al\u00edas \u00abFofo\u00bb, ya est\u00e1 \u00abmuerto\u00bb pero s\u00f3lo \u00e9l no se ha dado cuenta.. En s\u00edntesis: La oposici\u00f3n en Veracruz est\u00e1 \u00abcolapsada\u00bb, acordada o casi a punto de desaparecer.. Por eso a Roc\u00edo Nahle, ni le preocupa lo que digan de ella en el Estado, SU REAL OPOSICI\u00d3N est\u00e1 en CDMX, MORENA nacional y Palacio Nacional.. Esa es la que a ella le interesa y con raz\u00f3n.. En Veracruz.. CONSUMATUM EST..<\/p>\n","protected":false},"excerpt":{"rendered":"<p>Ricardo Chua Sale y Vale El destino, las circunstancias o la suerte, le puso de nuevo a Movimiento Ciudadano en Veracruz la GRAN OPORTUNIDAD de darle un \u00abgolpe\u00bb directo al partido MORENA.. Al cual en las \u00faltimas semanas se ha cansado de se\u00f1alar.. Que de manera \u00abtramposa e ilegal\u00bb.. Le quiere \u00abROBAR\u00bb la elecci\u00f3n municipal [&hellip;]<\/p>\n","protected":false},"author":2,"featured_media":141434,"comment_status":"closed","ping_status":"closed","sticky":false,"template":"","format":"standard","meta":{"_jetpack_newsletter_access":"","_jetpack_dont_email_post_to_subs":false,"_jetpack_newsletter_tier_id":0,"_jetpack_memberships_contains_paywalled_content":false,"_jetpack_memberships_contains_paid_content":false,"footnotes":""},"categories":[70],"tags":[17053,30633,23734,1026,3578,195],"class_list":["post-153115","post","type-post","status-publish","format-standard","has-post-thumbnail","hentry","category-de-opinion","tag-esteban-ramirez-zepeta","tag-jorge-alvarez-maynez-2","tag-luis-carbonell-de-la-hoz","tag-morena","tag-rocio-nahle","tag-veracruz"],"jetpack_featured_media_url":"https:\/\/lospoliticosveracruz.com.mx\/wp-content\/uploads\/2025\/04\/Chua-e1761364658706.jpg","jetpack_sharing_enabled":true,"jetpack_shortlink":"https:\/\/wp.me\/p4Qcd3-DPB","_links":{"self":[{"href":"https:\/\/lospoliticosveracruz.com.mx\/index.php?rest_route=\/wp\/v2\/posts\/153115","targetHints":{"allow":["GET"]}}],"collection":[{"href":"https:\/\/lospoliticosveracruz.com.mx\/index.php?rest_route=\/wp\/v2\/posts"}],"about":[{"href":"https:\/\/lospoliticosveracruz.com.mx\/index.php?rest_route=\/wp\/v2\/types\/post"}],"author":[{"embeddable":true,"href":"https:\/\/lospoliticosveracruz.com.mx\/index.php?rest_route=\/wp\/v2\/users\/2"}],"replies":[{"embeddable":true,"href":"https:\/\/lospoliticosveracruz.com.mx\/index.php?rest_route=%2Fwp%2Fv2%2Fcomments&post=153115"}],"version-history":[{"count":2,"href":"https:\/\/lospoliticosveracruz.com.mx\/index.php?rest_route=\/wp\/v2\/posts\/153115\/revisions"}],"predecessor-version":[{"id":153117,"href":"https:\/\/lospoliticosveracruz.com.mx\/index.php?rest_route=\/wp\/v2\/posts\/153115\/revisions\/153117"}],"wp:featuredmedia":[{"embeddable":true,"href":"https:\/\/lospoliticosveracruz.com.mx\/index.php?rest_route=\/wp\/v2\/media\/141434"}],"wp:attachment":[{"href":"https:\/\/lospoliticosveracruz.com.mx\/index.php?rest_route=%2Fwp%2Fv2%2Fmedia&parent=153115"}],"wp:term":[{"taxonomy":"category","embeddable":true,"href":"https:\/\/lospoliticosveracruz.com.mx\/index.php?rest_route=%2Fwp%2Fv2%2Fcategories&post=153115"},{"taxonomy":"post_tag","embeddable":true,"href":"https:\/\/lospoliticosveracruz.com.mx\/index.php?rest_route=%2Fwp%2Fv2%2Ftags&post=153115"}],"curies":[{"name":"wp","href":"https:\/\/api.w.org\/{rel}","templated":true}]}}