{"id":153184,"date":"2025-09-24T23:05:01","date_gmt":"2025-09-25T04:05:01","guid":{"rendered":"https:\/\/lospoliticosveracruz.com.mx\/?p=153184"},"modified":"2025-09-24T23:05:10","modified_gmt":"2025-09-25T04:05:10","slug":"11-ejecuciones-de-lunes-a-miercoles","status":"publish","type":"post","link":"https:\/\/lospoliticosveracruz.com.mx\/?p=153184","title":{"rendered":"11 EJECUCIONES DE LUNES A MI\u00c9RCOLES"},"content":{"rendered":"\n\n\n<p><\/p>\n\n\n\n<p><strong>Jos\u00e9 Luis Ortega Vidal<br><\/strong><em>Claroscuros<\/em><\/p>\n\n\n\n<p>Durante el periodo Enero-Agosto del 2025, en Veracruz se han registrado 641 homicidios dolosos seg\u00fan registros del Secretariado Ejecutivo del Sistema Nacional de Seguridad P\u00fablica.<br>Esta cifra coloca a la entidad veracruzana en el d\u00e9cimo lugar del pa\u00eds dentro del rubro de violencia que encabeza Guanajuato, con 1934 homicidios dolosos durante el mismo periodo.<br>Hasta el octavo mes de este a\u00f1o, Veracruz concentra el 3.9 % de los asesinatos intencionales a nivel nacional.<\/p>\n\n\n\n\n\n<p><br>(2)<br>Solo esta semana, a partir del lunes veintid\u00f3s y hasta el mi\u00e9rcoles veinticuatro de septiembre, medios de comunicaci\u00f3n han reportado once cr\u00edmenes en distintas regiones de la entidad; particularmente en las zonas centro y norte.<br>La noche del lunes veintid\u00f3s murieron abatidos dos empleados, Juli\u00e1n \u201cN\u201d y Aida \u201cN\u201d, en el bar \u201cLa brocheta\u201d sobre la avenida 20 de noviembre, colonia Cazones, de Poza Rica de Hidalgo; el due\u00f1o del lugar result\u00f3 herido y fue hospitalizado.<br>Poco tiempo despu\u00e9s, en \u00c1lamo Temapache, fue asesinado Luis Alberto \u201cN\u201d en el bar Maryboo; donde se reportaron dos masculinos heridos.<br>Luis Alberto \u201cN\u201d trabaj\u00f3 en la Direcci\u00f3n de Transporte P\u00fablico de Veracruz pero se dio de baja del organismo estatal apenas en marzo.<br>Cabe se\u00f1alar que el s\u00e1bado veinte de septiembre fue asesinado un agente de tr\u00e1nsito de la delegaci\u00f3n Poza Rica, cuando realizaba un operativo en la poblaci\u00f3n de Entabladero, municipio de Espinal, en la sierra del Totonacapan; un compa\u00f1ero suyo result\u00f3 herido de gravedad.<br>La madrugada del martes veintitr\u00e9s, sicarios dispararon contra el bar \u201cLa copa de Oro\u201d, en Cerro Azul, donde result\u00f3 herida y muri\u00f3 la se\u00f1ora Ana Silva \u201cN\u201d, de 54 a\u00f1os de edad.<br>Al mediod\u00eda del mi\u00e9rcoles veinticuatro, cerca de la una de la tarde, dos hombres j\u00f3venes fueron privados de la vida cuando caminaban cerca del \u201cParque Deportivo 7 de enero\u201d en la colonia Benito Ju\u00e1rez de R\u00edo Blanco, municipio cercano a Orizaba.<br>Ayer, tambi\u00e9n, en Rafael Delgado -municipio enclavado en la sierra de Zongolica- a partir de las diez horas ocurrieron dos hechos violentos en distintos lugares de la misma cabecera; en un caso, los atacantes se introdujeron a un domicilio particular y mataron a un hombre adem\u00e1s de herir a una mujer; en otro ataque fueron asesinados dos masculinos sobre la carretera Rafael Delgado-Magdalena.<br>Ixtaczoquitl\u00e1n es un municipio colindante con Orizaba; ah\u00ed fue encontrado el cad\u00e1ver de un hombre que presentaba dos impactos de bala: en el pecho y en la cabeza.<br>En Atzalan, municipio ubicado en la zona central y colindante con Tlapacoyan y Mart\u00ednez de la Torre fue encontrado el cad\u00e1ver de un hombre ejecutado, con huellas de tortura.<br>(3)<br>El martes veintid\u00f3s, luego de los asesinatos en bares de Poza Rica, \u00c1lamo y Cerro Azul, los secretarios de Gobierno \u2013Ricardo Ahued Bardahuil- y de Seguridad P\u00fablica \u2013Alfonso Reyes Garc\u00e9s- se reunieron en privado con el alcalde pozarricense Fernando Remes Garza en el palacio municipal de la otrora capital petrolera de M\u00e9xico.<br>El mismo d\u00eda los funcionarios en el gabinete de la gobernadora Roc\u00edo Nahle Garc\u00eda, dejaron la ciudad de Poza Rica y no hubo informes p\u00fablicos sobre lo abordado en el encuentro oficial.<\/p>\n","protected":false},"excerpt":{"rendered":"<p>Jos\u00e9 Luis Ortega VidalClaroscuros Durante el periodo Enero-Agosto del 2025, en Veracruz se han registrado 641 homicidios dolosos seg\u00fan registros del Secretariado Ejecutivo del Sistema Nacional de Seguridad P\u00fablica.Esta cifra coloca a la entidad veracruzana en el d\u00e9cimo lugar del pa\u00eds dentro del rubro de violencia que encabeza Guanajuato, con 1934 homicidios dolosos durante el [&hellip;]<\/p>\n","protected":false},"author":2,"featured_media":141392,"comment_status":"closed","ping_status":"closed","sticky":false,"template":"","format":"standard","meta":{"_jetpack_newsletter_access":"","_jetpack_dont_email_post_to_subs":false,"_jetpack_newsletter_tier_id":0,"_jetpack_memberships_contains_paywalled_content":false,"_jetpack_memberships_contains_paid_content":false,"footnotes":""},"categories":[70],"tags":[],"class_list":["post-153184","post","type-post","status-publish","format-standard","has-post-thumbnail","hentry","category-de-opinion"],"jetpack_featured_media_url":"https:\/\/lospoliticosveracruz.com.mx\/wp-content\/uploads\/2025\/04\/Jose-Luis-Ortega-Vidal.jpg","jetpack_sharing_enabled":true,"jetpack_shortlink":"https:\/\/wp.me\/p4Qcd3-DQI","_links":{"self":[{"href":"https:\/\/lospoliticosveracruz.com.mx\/index.php?rest_route=\/wp\/v2\/posts\/153184","targetHints":{"allow":["GET"]}}],"collection":[{"href":"https:\/\/lospoliticosveracruz.com.mx\/index.php?rest_route=\/wp\/v2\/posts"}],"about":[{"href":"https:\/\/lospoliticosveracruz.com.mx\/index.php?rest_route=\/wp\/v2\/types\/post"}],"author":[{"embeddable":true,"href":"https:\/\/lospoliticosveracruz.com.mx\/index.php?rest_route=\/wp\/v2\/users\/2"}],"replies":[{"embeddable":true,"href":"https:\/\/lospoliticosveracruz.com.mx\/index.php?rest_route=%2Fwp%2Fv2%2Fcomments&post=153184"}],"version-history":[{"count":1,"href":"https:\/\/lospoliticosveracruz.com.mx\/index.php?rest_route=\/wp\/v2\/posts\/153184\/revisions"}],"predecessor-version":[{"id":153185,"href":"https:\/\/lospoliticosveracruz.com.mx\/index.php?rest_route=\/wp\/v2\/posts\/153184\/revisions\/153185"}],"wp:featuredmedia":[{"embeddable":true,"href":"https:\/\/lospoliticosveracruz.com.mx\/index.php?rest_route=\/wp\/v2\/media\/141392"}],"wp:attachment":[{"href":"https:\/\/lospoliticosveracruz.com.mx\/index.php?rest_route=%2Fwp%2Fv2%2Fmedia&parent=153184"}],"wp:term":[{"taxonomy":"category","embeddable":true,"href":"https:\/\/lospoliticosveracruz.com.mx\/index.php?rest_route=%2Fwp%2Fv2%2Fcategories&post=153184"},{"taxonomy":"post_tag","embeddable":true,"href":"https:\/\/lospoliticosveracruz.com.mx\/index.php?rest_route=%2Fwp%2Fv2%2Ftags&post=153184"}],"curies":[{"name":"wp","href":"https:\/\/api.w.org\/{rel}","templated":true}]}}