{"id":153239,"date":"2025-09-25T20:54:28","date_gmt":"2025-09-26T01:54:28","guid":{"rendered":"https:\/\/lospoliticosveracruz.com.mx\/?p=153239"},"modified":"2025-09-25T20:54:59","modified_gmt":"2025-09-26T01:54:59","slug":"escenarios-economicos-para-mexico-en-corto-y-mediano-plazo","status":"publish","type":"post","link":"https:\/\/lospoliticosveracruz.com.mx\/?p=153239","title":{"rendered":"ESCENARIOS ECON\u00d3MICOS para M\u00e9xico en corto y mediano plazo"},"content":{"rendered":"\n\n\n<p><strong>Carlos Miguel Acosta Bravo*<\/strong><\/p>\n\n\n\n<p><em>Impronta<\/em><\/p>\n\n\n\n<p>La prospectiva de la econom\u00eda mexicana luego del aumento en la deuda externa para sostener programas sociales y su impacto en la generaci\u00f3n de empleo tiene varios aspectos clave en el corto, mediano y largo plazo:<\/p>\n\n\n\n<p><strong>Perspectiva econ\u00f3mica a corto plazo (2025)<\/strong><strong>&nbsp;<\/strong>se espera un crecimiento moderado del PIB de alrededor del 2.1%, impulsado principalmente por el consumo privado, recuperaci\u00f3n del mercado laboral y fortalecimiento de exportaciones a Estados Unidos.<\/p>\n\n\n\n<p>El d\u00e9ficit del sector p\u00fablico podr\u00eda mantenerse elevado en torno al 3.9% del PIB, con un saldo de deuda p\u00fablica estable en 51.4% del PIB, pero existe incertidumbre por la volatilidad externa y factores internos como cambios regulatorios y clima de inversi\u00f3n.<\/p>\n\n\n\n<p>Los programas sociales han contribuido a sacar a 13 millones de personas de la pobreza, pero su costo fiscal incrementa la deuda, generando un riesgo de ajuste fiscal futuro y presi\u00f3n para contener el gasto p\u00fablico.<\/p>\n\n\n\n<p><strong>Perspectiva a mediano plazo (2026-2028)<\/strong>habr\u00e1 un esfuerzo por consolidar la disciplina fiscal y reducir el d\u00e9ficit, buscando estabilizar la raz\u00f3n deuda\/PIB. La sostenibilidad depender\u00e1 de si el crecimiento econ\u00f3mico puede mantenerse y si se mejora la certidumbre jur\u00eddica y marco regulatorio.<\/p>\n\n\n\n<p>Se prev\u00e9 un fortalecimiento gradual de la productividad y modernizaci\u00f3n del sector productivo, con pol\u00edticas para atraer inversi\u00f3n extranjera y apoyar infraestructuras estrat\u00e9gicas hacia la integraci\u00f3n en cadenas globales de suministro.<\/p>\n\n\n\n<p>Perspectiva a largo plazo, la econom\u00eda mexicana apunta a una trayectoria sostenible, pero en gran medida condicionada a reformas estructurales que incentiven inversi\u00f3n, innovaci\u00f3n y competitividad.<\/p>\n\n\n\n<p>El equilibrio fiscal, reducci\u00f3n de la desigualdad y calidad de la democracia ser\u00e1n factores determinantes para mantener estabilidad macroecon\u00f3mica y evitar que la deuda se convierta en una carga insostenible.<\/p>\n\n\n\n<p>En 2025, el mercado laboral mexicano muestra recuperaci\u00f3n sostenida con incremento en la tasa de empleo formal, apoyada por programas sociales y crecimiento en sectores como manufactura avanzada, servicios y construcci\u00f3n.<\/p>\n\n\n\n<p>La tasa de desempleo ha disminuido modestamente, pero persisten retos como empleos informales y desigualdad salarial.<\/p>\n\n\n\n<p>Programas gubernamentales y pol\u00edticas p\u00fablicas buscan incrementar la capacitaci\u00f3n laboral y promover empleo digno con crecimiento salarial, diversificando la oferta laboral.<\/p>\n\n\n\n<p>En resumen, la econom\u00eda mexicana enfrenta un escenario de crecimiento moderado y consolidaci\u00f3n fiscal con riesgos derivados del endeudamiento y la necesidad de mantener los programas sociales para combatir la pobreza. La generaci\u00f3n de empleo ha mejorado pero requiere continuar esfuerzos para formalizar y mejorar la calidad del trabajo.<\/p>\n\n\n\n<p>En el primer semestre de 2025 se crearon aproximadamente 848,530 nuevos empleos formales seg\u00fan el IMSS, con un crecimiento mensual promedio de 141,422 empleos formales.<\/p>\n\n\n\n<p>El sector informal fue el que encabez\u00f3 la creaci\u00f3n de empleos, con casi 1,127,000 nuevos puestos en el primer semestre, compensando la p\u00e9rdida de 278,470 empleos formales.<\/p>\n\n\n\n<p>Los sectores con mayor generaci\u00f3n de empleo formal incluyen transporte y comunicaciones, servicios para empresas y hogares, con un fuerte aumento en trabajos independientes y de plataformas digitales, principalmente en Ciudad de M\u00e9xico.<\/p>\n\n\n\n<p>En contraste, sectores como construcci\u00f3n y agropecuario mostraron p\u00e9rdidas de empleo, debido a cambios estructurales y condiciones econ\u00f3micas espec\u00edficas.<\/p>\n\n\n\n<p>Estudios indican que programas sociales tienen un efecto significativo en la preferencia y comportamiento electoral en M\u00e9xico.&nbsp;La mejor referencia lo es el \u00edndice de popularidad de la presidenta mexicana Claudia Sheinbaum que tiene una aceptaci\u00f3n del 80% entre la poblaci\u00f3n mexicana.<\/p>\n\n\n\n<p>La entrega de beneficios sociales ha sido vinculada con un aumento en la votaci\u00f3n favorable hacia Morena, reflejando que la expectativa de mejoras econ\u00f3micas y el respaldo institucional influyen en el voto (Parametr\u00eda, 2024).<\/p>\n\n\n\n<p>En elecciones previas, se observ\u00f3 que la poblaci\u00f3n beneficiada por programas sociales mostr\u00f3 un mayor apoyo al partido en el gobierno, con un incremento de hasta 4 puntos porcentuales en la preferencia electoral en zonas con mayor cobertura de dichos programas (Fundar, 2010).<\/p>\n\n\n\n<p>El impacto electoral se ha atribuido a factores econ\u00f3micos tangibles m\u00e1s que a variables como seguridad o calidad de gobierno, destacando la importancia de la atenci\u00f3n social.<\/p>\n\n\n\n<p>En&nbsp;s\u00edntesis, la generaci\u00f3n de empleo formal se mantiene con crecimiento, pero con dependencia importante de la informalidad; los programas sociales contin\u00faan siendo un factor clave en la movilizaci\u00f3n del voto y el apoyo pol\u00edtico en M\u00e9xico.<\/p>\n\n\n\n<p>Comente u opine a:<\/p>\n\n\n\n<p><a href=\"mailto:cacostabravo@yahoo.com.mx\">cacostabravo@yahoo.com.mx<\/a><\/p>\n\n\n\n<p>Maestro en comunicaci\u00f3n por la Universidad Iberoamericana, de la cual form\u00f3 parte del cuerpo acad\u00e9mico de la Licenciatura en comunicaci\u00f3n, as\u00ed como de la Universidad An\u00e1huac, camp\u00fas norte de la CDMX.<\/p>\n","protected":false},"excerpt":{"rendered":"<p>Carlos Miguel Acosta Bravo* Impronta La prospectiva de la econom\u00eda mexicana luego del aumento en la deuda externa para sostener programas sociales y su impacto en la generaci\u00f3n de empleo tiene varios aspectos clave en el corto, mediano y largo plazo: Perspectiva econ\u00f3mica a corto plazo (2025)&nbsp;se espera un crecimiento moderado del PIB de alrededor [&hellip;]<\/p>\n","protected":false},"author":2,"featured_media":141377,"comment_status":"closed","ping_status":"closed","sticky":false,"template":"","format":"standard","meta":{"_jetpack_newsletter_access":"","_jetpack_dont_email_post_to_subs":false,"_jetpack_newsletter_tier_id":0,"_jetpack_memberships_contains_paywalled_content":false,"_jetpack_memberships_contains_paid_content":false,"footnotes":""},"categories":[70],"tags":[9627,2228,3624],"class_list":["post-153239","post","type-post","status-publish","format-standard","has-post-thumbnail","hentry","category-de-opinion","tag-claudia-sheinbaum","tag-economia","tag-empleos"],"jetpack_featured_media_url":"https:\/\/lospoliticosveracruz.com.mx\/wp-content\/uploads\/2025\/04\/Carlos-Miguel-Acosta-Bravo.jpg","jetpack_sharing_enabled":true,"jetpack_shortlink":"https:\/\/wp.me\/p4Qcd3-DRB","_links":{"self":[{"href":"https:\/\/lospoliticosveracruz.com.mx\/index.php?rest_route=\/wp\/v2\/posts\/153239","targetHints":{"allow":["GET"]}}],"collection":[{"href":"https:\/\/lospoliticosveracruz.com.mx\/index.php?rest_route=\/wp\/v2\/posts"}],"about":[{"href":"https:\/\/lospoliticosveracruz.com.mx\/index.php?rest_route=\/wp\/v2\/types\/post"}],"author":[{"embeddable":true,"href":"https:\/\/lospoliticosveracruz.com.mx\/index.php?rest_route=\/wp\/v2\/users\/2"}],"replies":[{"embeddable":true,"href":"https:\/\/lospoliticosveracruz.com.mx\/index.php?rest_route=%2Fwp%2Fv2%2Fcomments&post=153239"}],"version-history":[{"count":2,"href":"https:\/\/lospoliticosveracruz.com.mx\/index.php?rest_route=\/wp\/v2\/posts\/153239\/revisions"}],"predecessor-version":[{"id":153241,"href":"https:\/\/lospoliticosveracruz.com.mx\/index.php?rest_route=\/wp\/v2\/posts\/153239\/revisions\/153241"}],"wp:featuredmedia":[{"embeddable":true,"href":"https:\/\/lospoliticosveracruz.com.mx\/index.php?rest_route=\/wp\/v2\/media\/141377"}],"wp:attachment":[{"href":"https:\/\/lospoliticosveracruz.com.mx\/index.php?rest_route=%2Fwp%2Fv2%2Fmedia&parent=153239"}],"wp:term":[{"taxonomy":"category","embeddable":true,"href":"https:\/\/lospoliticosveracruz.com.mx\/index.php?rest_route=%2Fwp%2Fv2%2Fcategories&post=153239"},{"taxonomy":"post_tag","embeddable":true,"href":"https:\/\/lospoliticosveracruz.com.mx\/index.php?rest_route=%2Fwp%2Fv2%2Ftags&post=153239"}],"curies":[{"name":"wp","href":"https:\/\/api.w.org\/{rel}","templated":true}]}}