{"id":153268,"date":"2025-09-26T08:28:11","date_gmt":"2025-09-26T13:28:11","guid":{"rendered":"https:\/\/lospoliticosveracruz.com.mx\/?p=153268"},"modified":"2025-09-26T08:28:20","modified_gmt":"2025-09-26T13:28:20","slug":"el-segundo-aire-del-pirata-fuente","status":"publish","type":"post","link":"https:\/\/lospoliticosveracruz.com.mx\/?p=153268","title":{"rendered":"EL SEGUNDO AIRE DEL PIRATA FUENTE"},"content":{"rendered":"\n\n\n<p><strong>Yamiri Rodr\u00edguez Madrid<\/strong><\/p>\n\n\n\n<p><em>La vuelta a Veracruz en un&nbsp;teclazo<\/em><\/p>\n\n\n\n<p>La noche de este mi\u00e9rcoles 24 de septiembre, el Pirata Fuente dio muestra de que ya empez\u00f3 su segundo aire. Sus puertas se abrieron para recibir a la cantante colombiana Shakira que abarrot\u00f3 el estadio, con m\u00e1s de 30 mil personas que se dieron cita en un espect\u00e1culo del primer mundo.<\/p>\n\n\n\n<p>Quienes&nbsp;conocimos el estadio antes de su remodelaci\u00f3n pudimos constatar que es una instalaci\u00f3n moderna, que puede darle otro motor econ\u00f3mico a la zona conurbada con la realizaci\u00f3n constante de eventos deportivos y art\u00edsticos.<\/p>\n\n\n\n\n\n<p>Si bien en este momento&nbsp;Veracruz&nbsp;no tiene&nbsp;equipo de futbol en primera divisi\u00f3n, no se puede desperdiciar un recinto de esta magnitud,&nbsp;teni\u00e9ndolo vac\u00edo en lo que se da una definici\u00f3n;&nbsp;el concierto de Shakira fue muestra de ello.<\/p>\n\n\n\n<p>Las 30 mil personas que acudieron al concierto dejaron una importante derrama econ\u00f3mica que no se limit\u00f3 exclusivamente a la cobra de su boleto; en toda la periferia del Pirata hab\u00eda un centenar de comerciantes y taxistas. Desde los que vend\u00edan la playera, el sombrero, la peluca morada y el&nbsp;<em>shakid\u00f3lar<\/em>, hasta el&nbsp;<em>volovanero<\/em>, los carritos de&nbsp;<em>hotdogs<\/em>&nbsp;y hamburguesas, los&nbsp;<em>restaurancitos<\/em>&nbsp;vecinos sacaron sus mesas para que, el que no alcanz\u00f3 boleto, pudiera escuchar el concierto tom\u00e1ndose un caf\u00e9 o una cerveza y ver los juegos pirot\u00e9cnicos. &nbsp; Y no, no eran pocos, eran m\u00e1s de un centenar de personas que se tuvieron&nbsp;que conformar con solo escuchar a su \u00eddolo,&nbsp;aunque no la vieran&nbsp;bailar.<\/p>\n\n\n\n<p>El nuevo estadio tiene instalaciones de primera para la venta de comida: arepas, pambazos, aguas, refrescos, cervezas y botanas; unos muy buenos palcos con su \u00e1rea climatizada, su ba\u00f1o propio, una barra y un mesero por palco para atender; los accesos, muy modernos, con chapas de seguridad que se activan con tarjeta.<\/p>\n\n\n\n<p>Un espect\u00e1culo como el de Shakira implica toneladas y toneladas de equipo, todo montado profesionalmente, sin da\u00f1ar el c\u00e9sped de la cancha. 30 mil almas es todo un reto y no hubo un solo incidente; por el contrario, todo fue perfectamente ordenado. &nbsp; &nbsp;<\/p>\n\n\n\n<p>Ojal\u00e1 y el nuevo Pirata Fuente est\u00e9 siempre ocupado. Falta vestirlo,&nbsp;<em>brandearlo<\/em><em>&nbsp;<\/em>como dicen los mercad\u00f3logos, pero para eso hay que esperar a que tengamos equipo. &nbsp;Por eso&nbsp;ha causado expectativa la declaraci\u00f3n de la gobernadora Roc\u00edo Nahle de su inter\u00e9s porque el f\u00fatbol profesional regrese al Pirata. Mientras eso pasa, ya qued\u00f3 demostrado que los jarochos, los veracruzanos y vecinos de otros estados, quieren seguir disfrutando de espect\u00e1culos de primera, sean art\u00edsticos o deportivos; un motor econ\u00f3mico, insisto, para la conurbaci\u00f3n.<\/p>\n\n\n\n<p>@YamiriRodriguez<\/p>\n","protected":false},"excerpt":{"rendered":"<p>Yamiri Rodr\u00edguez Madrid La vuelta a Veracruz en un&nbsp;teclazo La noche de este mi\u00e9rcoles 24 de septiembre, el Pirata Fuente dio muestra de que ya empez\u00f3 su segundo aire. Sus puertas se abrieron para recibir a la cantante colombiana Shakira que abarrot\u00f3 el estadio, con m\u00e1s de 30 mil personas que se dieron cita en [&hellip;]<\/p>\n","protected":false},"author":2,"featured_media":141413,"comment_status":"closed","ping_status":"closed","sticky":false,"template":"","format":"standard","meta":{"_jetpack_newsletter_access":"","_jetpack_dont_email_post_to_subs":false,"_jetpack_newsletter_tier_id":0,"_jetpack_memberships_contains_paywalled_content":false,"_jetpack_memberships_contains_paid_content":false,"footnotes":""},"categories":[70,1],"tags":[11986],"class_list":["post-153268","post","type-post","status-publish","format-standard","has-post-thumbnail","hentry","category-de-opinion","category-sin-categoria","tag-luis-pirata-fuente"],"jetpack_featured_media_url":"https:\/\/lospoliticosveracruz.com.mx\/wp-content\/uploads\/2025\/04\/Yamiri-Rodriguez-Madrid.jpg","jetpack_sharing_enabled":true,"jetpack_shortlink":"https:\/\/wp.me\/p4Qcd3-DS4","_links":{"self":[{"href":"https:\/\/lospoliticosveracruz.com.mx\/index.php?rest_route=\/wp\/v2\/posts\/153268","targetHints":{"allow":["GET"]}}],"collection":[{"href":"https:\/\/lospoliticosveracruz.com.mx\/index.php?rest_route=\/wp\/v2\/posts"}],"about":[{"href":"https:\/\/lospoliticosveracruz.com.mx\/index.php?rest_route=\/wp\/v2\/types\/post"}],"author":[{"embeddable":true,"href":"https:\/\/lospoliticosveracruz.com.mx\/index.php?rest_route=\/wp\/v2\/users\/2"}],"replies":[{"embeddable":true,"href":"https:\/\/lospoliticosveracruz.com.mx\/index.php?rest_route=%2Fwp%2Fv2%2Fcomments&post=153268"}],"version-history":[{"count":1,"href":"https:\/\/lospoliticosveracruz.com.mx\/index.php?rest_route=\/wp\/v2\/posts\/153268\/revisions"}],"predecessor-version":[{"id":153269,"href":"https:\/\/lospoliticosveracruz.com.mx\/index.php?rest_route=\/wp\/v2\/posts\/153268\/revisions\/153269"}],"wp:featuredmedia":[{"embeddable":true,"href":"https:\/\/lospoliticosveracruz.com.mx\/index.php?rest_route=\/wp\/v2\/media\/141413"}],"wp:attachment":[{"href":"https:\/\/lospoliticosveracruz.com.mx\/index.php?rest_route=%2Fwp%2Fv2%2Fmedia&parent=153268"}],"wp:term":[{"taxonomy":"category","embeddable":true,"href":"https:\/\/lospoliticosveracruz.com.mx\/index.php?rest_route=%2Fwp%2Fv2%2Fcategories&post=153268"},{"taxonomy":"post_tag","embeddable":true,"href":"https:\/\/lospoliticosveracruz.com.mx\/index.php?rest_route=%2Fwp%2Fv2%2Ftags&post=153268"}],"curies":[{"name":"wp","href":"https:\/\/api.w.org\/{rel}","templated":true}]}}