{"id":153339,"date":"2025-09-28T11:46:39","date_gmt":"2025-09-28T16:46:39","guid":{"rendered":"https:\/\/lospoliticosveracruz.com.mx\/?p=153339"},"modified":"2025-09-28T11:46:46","modified_gmt":"2025-09-28T16:46:46","slug":"cobaev-ya-se-aloco","status":"publish","type":"post","link":"https:\/\/lospoliticosveracruz.com.mx\/?p=153339","title":{"rendered":"COBAEV: YA SE ALOC\u00d3"},"content":{"rendered":"\n\n\n<p><strong>Juan de Dios S\u00e1nchez Abreu<\/strong><\/p>\n\n\n\n<p><em>El Gordito de Oro<br><\/em><\/p>\n\n\n\n<p>La Asociaci\u00f2n Mexicana de Comunicadores y Periodistas de Veracruz (Amecope-Veracruz), nos solidarizamos con el compa\u00f1eros Comunicador Eli Ferrer Cortez, due\u00f1o de la p\u00e1gina de informaci\u00f3n \u201cEli Ferrer Perote Noticias \u201c ya que una funcionaria p\u00f9blica lo demand\u00f3 por violencia pol\u00edtica contra las mujeres en raz\u00f3n de g\u00e9nero, por lo que con estos hechos est\u00e1n atacando el derecho de libertad de prensa, esperemos que la Comisi\u00f3n Estatal para la Atenci\u00f3n y Protecci\u00f2n de los Periodistas (CEAPP), apoye como siempre a los compa\u00f1eros periodista que requieren de ellos, estaremos muy atentos con nuestro amigo Eli Ferrer, como Amecope-Veracruz.<\/p>\n\n\n\n\n\n<p>Apenas tiene tres meses que lleg\u00f3 de directora general del Colegio de Bachilleres del Estado de Veracruz (COBAEV) Lorena Mart\u00ecnez Cabrera, quien anteriormente era la directora del tecnol\u00f3gico de Coatzacoalcos (por cierto lo dejo de cabeza), y sin comprar boleto se sac\u00f3 la loter\u00eda., fue nombrada presume ella por su amiga la Gobernadora Roc\u00eco Nahle, directora general del COBAEV, donde por cierto le qued\u00f3 grande el puesto, porque anda con una soberbia total, muchos de los trabajadores y directores de planteles en el estado (que no quieren dar sus nombres por represalias), se quejan de su prepotencia y como siempre presumiendo su amistad con la gobernadora, en estos tres meses que lleva al frente del COBAEV, a ingresado a trabajar un sin n\u00famero de amigos de su confianza, pero ninguno de ellos con experiencia acad\u00e9mica, solo porque ella los propone entran sin problema, y la gente de experiencia le est\u00e1n pidiendo su renuncia, as\u00ed las cosas en el COBAEV que este a\u00f1os de ejercicio estatal, ya lleva tres directores generales que por cierto han salido chafas, chafas\u2026, que estar\u00e0n pagando los maestros y alumnos de este excelente plantel. \u00a1Pobre COBAEV!<\/p>\n\n\n\n<p>***Dicen las malas lenguas que tarde o temprano el tema del huachicol fiscal, va llegar hasta Veracruz, ya que ciertos personajes de la pol\u00edtica, est\u00e1n metidos en este asunto, con la detenci\u00f3n y deportaci\u00f3n a M\u00e8xico de Hern\u00e0n Berm\u00fadez (jefe del grupo la barredora), saldr\u00e1n a relucir nombres y m\u00e0s nombres de Veracruzanos, que de una manera u otra tienen que ver con el tema del huachicol, ojala el pueblo sabio se de cuenta de todo lo que est\u00e1 pasando en el pa\u00eds, cada d\u00eda se descubren temas muy tenebroso y mucha gente del partido oficial, est\u00e1 involucrados, no es los mismos ser oposici\u00f3n y criticar que ya cuando llegas al poder y ves todo lo que hay y te deslumbras, caes en todo lo que criticabas o peor, dijera el viejo refr\u00e0n \u201cno es lo mismo ser borracho, que cantinero\u201d, por eso todav\u00eda vamos a ver mucha podredumbre que existen desde haces algunos a\u00f1os atr\u00e1s. La presidenta Claudia Sheinbaum, se encuentra entre la espada y la pared, porque tiene que aguantar muchas cosas que ella no se comi\u00f3, pero s\u00ed se comprometi\u00f3 a tapar, sin saber la dimensi\u00f3n del gran problema que se avecina en el pa\u00eds. \u00a1Tiempo al tiempo!<\/p>\n\n\n\n<p>***La diputada de Morena Victoria Gut\u00ecerrez P\u00e8rez, se avent\u00f3 un diez en el congreso de Veracruz, al subir a tribuna y declarar que en la entidad veracruzana se cuenta con naves espaciales, que podr\u00edan llevar caf\u00e8 jarocho a Marte, la diputada que apenas tiene estudios de primaria asegura que la entidad cuenta con tecnolog\u00eda de primer mundo, asegurando que en Veracruz se construy\u00f3 una nave espacial para llevar caf\u00e8 a Marte., y defendi\u00f3 la importancia de la bebida tradicional, diciendo que el ser humano se toma su cafecito diario, por lo que le pidi\u00f3 a sus compa\u00f1eros diputados, su apoyo para aprobar esa locura y demostrar que en la ciencia y en el espacio, tiene que estar el aroma de caf\u00e8 jarocho, la verdad que en el congreso del estado, han pasado diversos personajes como diputados de varios partidos, pero nunca ninguno hab\u00eda propuesto tanta lo\u2026.., y menos llegar hasta Marte\u2026.as\u00ed las cosas. \u00a1Veracruz como siempre, esta en las noticias nacionales!<\/p>\n\n\n\n<p>**Nos leemos la pr\u00f3xima semana te invitamos a que nos sigas en todas nuestras plataformas y redes digitales, con entrevistas y noticias en INNOVA DIGITAL-L\u00daDICO, con el \u201cel Gordito de Oro\u201d, y la revista impresa y digital INNOVA DIGITAL, nuestro portal de noticia, www.agenciainnovadigital.com.mx<\/p>\n","protected":false},"excerpt":{"rendered":"<p>Juan de Dios S\u00e1nchez Abreu El Gordito de Oro La Asociaci\u00f2n Mexicana de Comunicadores y Periodistas de Veracruz (Amecope-Veracruz), nos solidarizamos con el compa\u00f1eros Comunicador Eli Ferrer Cortez, due\u00f1o de la p\u00e1gina de informaci\u00f3n \u201cEli Ferrer Perote Noticias \u201c ya que una funcionaria p\u00f9blica lo demand\u00f3 por violencia pol\u00edtica contra las mujeres en raz\u00f3n de [&hellip;]<\/p>\n","protected":false},"author":2,"featured_media":141259,"comment_status":"closed","ping_status":"closed","sticky":false,"template":"","format":"standard","meta":{"_jetpack_newsletter_access":"","_jetpack_dont_email_post_to_subs":false,"_jetpack_newsletter_tier_id":0,"_jetpack_memberships_contains_paywalled_content":false,"_jetpack_memberships_contains_paid_content":false,"footnotes":""},"categories":[70],"tags":[],"class_list":["post-153339","post","type-post","status-publish","format-standard","has-post-thumbnail","hentry","category-de-opinion"],"jetpack_featured_media_url":"https:\/\/lospoliticosveracruz.com.mx\/wp-content\/uploads\/2025\/04\/Juan-Sanchez-Abreu.jpg","jetpack_sharing_enabled":true,"jetpack_shortlink":"https:\/\/wp.me\/p4Qcd3-DTd","_links":{"self":[{"href":"https:\/\/lospoliticosveracruz.com.mx\/index.php?rest_route=\/wp\/v2\/posts\/153339","targetHints":{"allow":["GET"]}}],"collection":[{"href":"https:\/\/lospoliticosveracruz.com.mx\/index.php?rest_route=\/wp\/v2\/posts"}],"about":[{"href":"https:\/\/lospoliticosveracruz.com.mx\/index.php?rest_route=\/wp\/v2\/types\/post"}],"author":[{"embeddable":true,"href":"https:\/\/lospoliticosveracruz.com.mx\/index.php?rest_route=\/wp\/v2\/users\/2"}],"replies":[{"embeddable":true,"href":"https:\/\/lospoliticosveracruz.com.mx\/index.php?rest_route=%2Fwp%2Fv2%2Fcomments&post=153339"}],"version-history":[{"count":2,"href":"https:\/\/lospoliticosveracruz.com.mx\/index.php?rest_route=\/wp\/v2\/posts\/153339\/revisions"}],"predecessor-version":[{"id":153341,"href":"https:\/\/lospoliticosveracruz.com.mx\/index.php?rest_route=\/wp\/v2\/posts\/153339\/revisions\/153341"}],"wp:featuredmedia":[{"embeddable":true,"href":"https:\/\/lospoliticosveracruz.com.mx\/index.php?rest_route=\/wp\/v2\/media\/141259"}],"wp:attachment":[{"href":"https:\/\/lospoliticosveracruz.com.mx\/index.php?rest_route=%2Fwp%2Fv2%2Fmedia&parent=153339"}],"wp:term":[{"taxonomy":"category","embeddable":true,"href":"https:\/\/lospoliticosveracruz.com.mx\/index.php?rest_route=%2Fwp%2Fv2%2Fcategories&post=153339"},{"taxonomy":"post_tag","embeddable":true,"href":"https:\/\/lospoliticosveracruz.com.mx\/index.php?rest_route=%2Fwp%2Fv2%2Ftags&post=153339"}],"curies":[{"name":"wp","href":"https:\/\/api.w.org\/{rel}","templated":true}]}}