{"id":153387,"date":"2025-09-29T08:22:07","date_gmt":"2025-09-29T13:22:07","guid":{"rendered":"https:\/\/lospoliticosveracruz.com.mx\/?p=153387"},"modified":"2025-09-29T08:22:37","modified_gmt":"2025-09-29T13:22:37","slug":"tsj-en-la-boca-del-lobo","status":"publish","type":"post","link":"https:\/\/lospoliticosveracruz.com.mx\/?p=153387","title":{"rendered":"TSJ, \u00bfEN LA BOCA DEL LOBO?"},"content":{"rendered":"\n\n\n<p><strong>Yamiri Rodr\u00edguez Madrid<\/strong><\/p>\n\n\n\n<p><em>La vuelta a Veracruz en un\u00a0teclazo<\/em><\/p>\n\n\n\n<p>Nadie duda de la formaci\u00f3n acad\u00e9mica de la presidenta del Tribunal Superior de Justicia (TSJ), Rosalba Hern\u00e1ndez&nbsp;Hern\u00e1ndez, ni de que conoce al derecho y al rev\u00e9s c\u00f3mo funciona el poder judicial; sin embargo, su falta de pericia pol\u00edtica podr\u00eda llevarla derechito a la boca del lobo.<\/p>\n\n\n\n<p>Su\u00a0equipo es m\u00e1s que elocuente\u00a0y le pongo unos cuantos ejemplos.\u00a0Alfredo Ni\u00f1o Flores. \u00a0Ex presidente del PRI en Xalapa, regidor y\u00a0diputado\u00a0local en la LXI legislatura; ex administrador del CDE del PRI\u00a0y operador durante el sexenio de Javier Duarte, hoy es su asesor. \u00a0Lo que m\u00e1s llama la atenci\u00f3n es que dicen que su nombre tambi\u00e9n aparece en contratos controvertidos de la empresa Urbanizadora y Constructora CAFX S.A. de C.V., se\u00f1alada por presuntos desv\u00edos de recursos de la Comisi\u00f3n Ind\u00edgena.\u00a0<br><\/p>\n\n\n\n\n\n<p>Otro caso es&nbsp;el de&nbsp;Eduardo Ignacio Lagos Rodr\u00edguez, quien enfrenta acusaciones por&nbsp;presunto&nbsp;acoso laboral a una proyectista de la Tercera Sala Penal, adem\u00e1s de supuestos se\u00f1alamientos de hostigamiento contra una jueza en el norte del estado.<\/p>\n\n\n\n<p>Un tercer ejemplo es el de&nbsp;Jes\u00fas Roberto Cabrera Mart\u00ednez, quien se dice&nbsp;ahijado pol\u00edtico del diputado local priista,H\u00e9ctor Yunes Landa. De ser ciertos los presuntos se\u00f1alamientos,&nbsp;contaminar\u00edan la imagen y el prestigio pol\u00edtico que apenas intenta construir Rosalba Hern\u00e1ndez.<\/p>\n\n\n\n<p>Estos nombres no son menores. Representan un frente de oposici\u00f3n enquistado en la administraci\u00f3n de justicia, disfrazado de neutralidad institucional, pero con claras motivaciones pol\u00edticas.&nbsp;Hace presumir&nbsp;un frente orquestado contra Veracruz desde la c\u00fapula judicial.<\/p>\n\n\n\n<p>Reci\u00e9n llegada a dicho cargo, no puede darse el lujo de que&nbsp;se diga que el&nbsp;Tribunal Superior de Justicia se presta como plataforma de revancha pol\u00edtica, porque lo que deber\u00eda ser un contrapeso institucional y garante de imparcialidad,&nbsp;podr\u00edaconvertirse&nbsp;en un espacio para las negociaciones en lo oscurito y los pagos de favores entre grupos que nada tienen que ver con los intereses del pueblo veracruzano.<\/p>\n\n\n\n<p>Y ojo: mientras desde el gobierno estatal se apuesta por la coordinaci\u00f3n institucional y la cercan\u00eda con la ciudadan\u00eda, la presidencia del TSJ&nbsp;no puede permitirse que se crea que se tejen&nbsp;alianzas con personajes que representan lo m\u00e1s rancio del pasado pol\u00edtico priista.<\/p>\n\n\n\n<p>Si algo queda claro con esta revelaci\u00f3n es que la justicia en Veracruz enfrenta un nuevo reto: librarse de los intereses oscuros que pretenden convertirla en moneda de cambio. Y la sociedad veracruzana tiene derecho a exigirlo.<\/p>\n\n\n\n<p>@YamiriRodriguez<\/p>\n","protected":false},"excerpt":{"rendered":"<p>Yamiri Rodr\u00edguez Madrid La vuelta a Veracruz en un\u00a0teclazo Nadie duda de la formaci\u00f3n acad\u00e9mica de la presidenta del Tribunal Superior de Justicia (TSJ), Rosalba Hern\u00e1ndez&nbsp;Hern\u00e1ndez, ni de que conoce al derecho y al rev\u00e9s c\u00f3mo funciona el poder judicial; sin embargo, su falta de pericia pol\u00edtica podr\u00eda llevarla derechito a la boca del lobo. [&hellip;]<\/p>\n","protected":false},"author":2,"featured_media":141413,"comment_status":"closed","ping_status":"closed","sticky":false,"template":"","format":"standard","meta":{"_jetpack_newsletter_access":"","_jetpack_dont_email_post_to_subs":false,"_jetpack_newsletter_tier_id":0,"_jetpack_memberships_contains_paywalled_content":false,"_jetpack_memberships_contains_paid_content":false,"footnotes":""},"categories":[70],"tags":[1026,251,44127,10798,195],"class_list":["post-153387","post","type-post","status-publish","format-standard","has-post-thumbnail","hentry","category-de-opinion","tag-morena","tag-pri","tag-rosalba-hernandez","tag-tribunal-superior-de-justicia","tag-veracruz"],"jetpack_featured_media_url":"https:\/\/lospoliticosveracruz.com.mx\/wp-content\/uploads\/2025\/04\/Yamiri-Rodriguez-Madrid.jpg","jetpack_sharing_enabled":true,"jetpack_shortlink":"https:\/\/wp.me\/p4Qcd3-DTZ","_links":{"self":[{"href":"https:\/\/lospoliticosveracruz.com.mx\/index.php?rest_route=\/wp\/v2\/posts\/153387","targetHints":{"allow":["GET"]}}],"collection":[{"href":"https:\/\/lospoliticosveracruz.com.mx\/index.php?rest_route=\/wp\/v2\/posts"}],"about":[{"href":"https:\/\/lospoliticosveracruz.com.mx\/index.php?rest_route=\/wp\/v2\/types\/post"}],"author":[{"embeddable":true,"href":"https:\/\/lospoliticosveracruz.com.mx\/index.php?rest_route=\/wp\/v2\/users\/2"}],"replies":[{"embeddable":true,"href":"https:\/\/lospoliticosveracruz.com.mx\/index.php?rest_route=%2Fwp%2Fv2%2Fcomments&post=153387"}],"version-history":[{"count":2,"href":"https:\/\/lospoliticosveracruz.com.mx\/index.php?rest_route=\/wp\/v2\/posts\/153387\/revisions"}],"predecessor-version":[{"id":153389,"href":"https:\/\/lospoliticosveracruz.com.mx\/index.php?rest_route=\/wp\/v2\/posts\/153387\/revisions\/153389"}],"wp:featuredmedia":[{"embeddable":true,"href":"https:\/\/lospoliticosveracruz.com.mx\/index.php?rest_route=\/wp\/v2\/media\/141413"}],"wp:attachment":[{"href":"https:\/\/lospoliticosveracruz.com.mx\/index.php?rest_route=%2Fwp%2Fv2%2Fmedia&parent=153387"}],"wp:term":[{"taxonomy":"category","embeddable":true,"href":"https:\/\/lospoliticosveracruz.com.mx\/index.php?rest_route=%2Fwp%2Fv2%2Fcategories&post=153387"},{"taxonomy":"post_tag","embeddable":true,"href":"https:\/\/lospoliticosveracruz.com.mx\/index.php?rest_route=%2Fwp%2Fv2%2Ftags&post=153387"}],"curies":[{"name":"wp","href":"https:\/\/api.w.org\/{rel}","templated":true}]}}