{"id":153394,"date":"2025-09-29T09:16:55","date_gmt":"2025-09-29T14:16:55","guid":{"rendered":"https:\/\/lospoliticosveracruz.com.mx\/?p=153394"},"modified":"2025-09-29T09:17:11","modified_gmt":"2025-09-29T14:17:11","slug":"inteligencia-ciudadana","status":"publish","type":"post","link":"https:\/\/lospoliticosveracruz.com.mx\/?p=153394","title":{"rendered":"INTELIGENCIA CIUDADANA"},"content":{"rendered":"\n\n\n<p><strong>Jorge Viveros Pasquel<\/strong><\/p>\n\n\n\n<p>En las \u00faltimas d\u00e9cadas, la seguridad p\u00fablica ha dejado de ser un asunto exclusivo de los cuerpos policiales para convertirse en un tema transversal donde la participaci\u00f3n comunitaria resulta clave, en ese sentido, el modelo de los Comit\u00e9s de Defensa de la Revoluci\u00f3n (CDR) de Cuba que han sido uno de los mecanismos de organizaci\u00f3n vecinal m\u00e1s eficaces de Am\u00e9rica Latina y el Mundo, particularmente como herramienta para obtener inteligencia ciudadana y como consecuencia de altos niveles de seguridad en sus comunidades. Aunque su origen y fines respondieron a un proyecto pol\u00edtico espec\u00edfico, muy diferente al de la actualidad mexicana, su experiencia puede ofrecer aprendizajes valiosos para los municipios que enfrentan cotidianamente delitos del fuero com\u00fan.<\/p>\n\n\n\n\n\n<p>Los CDR fueron creados en 1960 como una red de vigilancia comunitaria con presencia en pr\u00e1cticamente todas las cuadras de Cuba. Su \u00e9xito radic\u00f3 en dos elementos fundamentales:<br>1. Cobertura territorial: cada manzana cuenta con un comit\u00e9 encargado de conocer cu\u00e1les son las din\u00e1micas de convivencia y qu\u00e9 situaciones pudieran generar riesgos.<br>2. Participaci\u00f3n vecinal activa: son los propios ciudadanos quienes asumen la responsabilidad de informar y prevenir, lo que les otorga alta legitimidad en su entorno inmediato.<\/p>\n\n\n\n<p>En M\u00e9xico, los delitos del fuero com\u00fan; robos, asaltos, violencia familiar, da\u00f1os en propiedad ajena, entre otros, son los que m\u00e1s afectan la percepci\u00f3n de inseguridad y estos il\u00edcitos suceden en la colonia, en el transporte o en la v\u00eda p\u00fablica, es decir, en los espacios m\u00e1s cercanos a la vida cotidiana de las personas. A lo anterior se suma un factor determinante: las condiciones orogr\u00e1ficas de muchos municipios mexicanos, como Xalapa, dificultan la reacci\u00f3n policial. Muchas zonas asentadas en laderas, el tr\u00e1fico de veh\u00edculos, colonias irregulares con calles estrechas, caminos de terracer\u00eda, escalinatas muy empinadas, callejones, as\u00ed como comunidades rurales con dif\u00edcil acceso, ralentizan la llegada de las patrullas al lugar de los hechos. Esta realidad genera que, en muchos casos, la comisi\u00f3n de un delito termine en impunidad debido al tiempo que le toma a la polic\u00eda arribar a la zona. Aqu\u00ed cobra relevancia el contar con inteligencia ciudadana, pues permite anticipar patrones, prevenir hechos y compensar las limitaciones f\u00edsicas y geogr\u00e1ficas que retrasan la respuesta de las autoridades. Por otro lado, particularmente las polic\u00edas municipales, que son la primera l\u00ednea de contacto con la ciudadan\u00eda, suelen enfrentar tambi\u00e9n otras limitaciones; insuficiencia de elementos, falta de recursos materiales y, en algunos casos, un d\u00e9bil v\u00ednculo con la comunidad y es donde un esquema de proximidad inspirado en la inteligencia ciudadana podr\u00eda tener un impacto transformador muy positivo con algunas de estas l\u00edneas de acci\u00f3n:<br>\u2022 Comit\u00e9s de Seguridad Vecinal: c\u00e9lulas organizadas por colonia, reconocidas por el ayuntamiento, que funcionen como interlocutores directos de la polic\u00eda municipal.<br>\u2022 Oficiales de proximidad asignados: polic\u00edas que no solo atiendan reportes, sino que conozcan a los vecinos, sus problem\u00e1ticas y los puntos de riesgo de cada zona.<br>\u2022 Canales de comunicaci\u00f3n \u00e1giles: uso de plataformas digitales y grupos comunitarios verificados para reportar incidentes en tiempo real.<br>\u2022 Prevenci\u00f3n social: adem\u00e1s de vigilar, estos comit\u00e9s pueden promover actividades culturales, deportivas o de recuperaci\u00f3n de espacios p\u00fablicos que reduzcan factores de riesgo.<\/p>\n\n\n\n<p>En otros pa\u00edses, la inteligencia ciudadana ha demostrado la eficacia de la organizaci\u00f3n comunitaria para generar cohesi\u00f3n social. Adaptar sus elementos positivos a las realidades de las polic\u00edas municipales, particularmente en Xalapa, en un marco de proximidad ciudadana, podr\u00eda seguramente fortalecer la prevenci\u00f3n de los delitos del fuero com\u00fan y mejorar la confianza entre sociedad y autoridad y si este modelo se implementa con transparencia y mecanismos de rendici\u00f3n de cuentas, podr\u00eda convertirse en una de las herramientas m\u00e1s innovadoras para devolver la seguridad a los espacios donde la vida cotidiana ocurre; las calles y las casas de Xalapa.<\/p>\n","protected":false},"excerpt":{"rendered":"<p>Jorge Viveros Pasquel En las \u00faltimas d\u00e9cadas, la seguridad p\u00fablica ha dejado de ser un asunto exclusivo de los cuerpos policiales para convertirse en un tema transversal donde la participaci\u00f3n comunitaria resulta clave, en ese sentido, el modelo de los Comit\u00e9s de Defensa de la Revoluci\u00f3n (CDR) de Cuba que han sido uno de los [&hellip;]<\/p>\n","protected":false},"author":2,"featured_media":141391,"comment_status":"closed","ping_status":"closed","sticky":false,"template":"","format":"standard","meta":{"_jetpack_newsletter_access":"","_jetpack_dont_email_post_to_subs":false,"_jetpack_newsletter_tier_id":0,"_jetpack_memberships_contains_paywalled_content":false,"_jetpack_memberships_contains_paid_content":false,"footnotes":""},"categories":[70],"tags":[15820],"class_list":["post-153394","post","type-post","status-publish","format-standard","has-post-thumbnail","hentry","category-de-opinion","tag-jorge-viveros-pasquel"],"jetpack_featured_media_url":"https:\/\/lospoliticosveracruz.com.mx\/wp-content\/uploads\/2025\/04\/Jorge-Viveros-Pasquel.jpg","jetpack_sharing_enabled":true,"jetpack_shortlink":"https:\/\/wp.me\/p4Qcd3-DU6","_links":{"self":[{"href":"https:\/\/lospoliticosveracruz.com.mx\/index.php?rest_route=\/wp\/v2\/posts\/153394","targetHints":{"allow":["GET"]}}],"collection":[{"href":"https:\/\/lospoliticosveracruz.com.mx\/index.php?rest_route=\/wp\/v2\/posts"}],"about":[{"href":"https:\/\/lospoliticosveracruz.com.mx\/index.php?rest_route=\/wp\/v2\/types\/post"}],"author":[{"embeddable":true,"href":"https:\/\/lospoliticosveracruz.com.mx\/index.php?rest_route=\/wp\/v2\/users\/2"}],"replies":[{"embeddable":true,"href":"https:\/\/lospoliticosveracruz.com.mx\/index.php?rest_route=%2Fwp%2Fv2%2Fcomments&post=153394"}],"version-history":[{"count":1,"href":"https:\/\/lospoliticosveracruz.com.mx\/index.php?rest_route=\/wp\/v2\/posts\/153394\/revisions"}],"predecessor-version":[{"id":153395,"href":"https:\/\/lospoliticosveracruz.com.mx\/index.php?rest_route=\/wp\/v2\/posts\/153394\/revisions\/153395"}],"wp:featuredmedia":[{"embeddable":true,"href":"https:\/\/lospoliticosveracruz.com.mx\/index.php?rest_route=\/wp\/v2\/media\/141391"}],"wp:attachment":[{"href":"https:\/\/lospoliticosveracruz.com.mx\/index.php?rest_route=%2Fwp%2Fv2%2Fmedia&parent=153394"}],"wp:term":[{"taxonomy":"category","embeddable":true,"href":"https:\/\/lospoliticosveracruz.com.mx\/index.php?rest_route=%2Fwp%2Fv2%2Fcategories&post=153394"},{"taxonomy":"post_tag","embeddable":true,"href":"https:\/\/lospoliticosveracruz.com.mx\/index.php?rest_route=%2Fwp%2Fv2%2Ftags&post=153394"}],"curies":[{"name":"wp","href":"https:\/\/api.w.org\/{rel}","templated":true}]}}