{"id":153396,"date":"2025-09-29T09:28:59","date_gmt":"2025-09-29T14:28:59","guid":{"rendered":"https:\/\/lospoliticosveracruz.com.mx\/?p=153396"},"modified":"2025-09-29T09:29:37","modified_gmt":"2025-09-29T14:29:37","slug":"pan-y-mc-en-alianza","status":"publish","type":"post","link":"https:\/\/lospoliticosveracruz.com.mx\/?p=153396","title":{"rendered":"\u00bfPAN Y MC EN ALIANZA?"},"content":{"rendered":"\n<p><\/p>\n\n\n\n\n\n<p><strong>Sergio Gonz\u00e1lez Levet<\/strong><\/p>\n\n\n\n<p><em>Sin tacto<\/em><\/p>\n\n\n\n<p>Desde su misma ma\u00f1anera, la presidenta Sheinbaum solt\u00f3 la especie, y sus repetidoras de inmediato la replicaron y trataron de fabricar una nota viral: el PAN y Movimiento Ciudadano est\u00e1n en pl\u00e1ticas para ir en alianza en las pr\u00f3ximas elecciones.<\/p>\n\n\n\n<p>&nbsp;&nbsp;&nbsp;&nbsp; A todas luces, la noticia ven\u00eda totalmente de la f\u00e1brica de sue\u00f1os que construy\u00f3 Jes\u00fas Ram\u00edrez para que AMLO pudiera desviar la atenci\u00f3n de los mexicanos y que no se fijaran en temas que ten\u00edan a mal traer a la Cuarta Transformaci\u00f3n y al partido que se quiere hacer pasar como un Movimiento de Regeneraci\u00f3n Nacional.<\/p>\n\n\n\n\n\n<p>&nbsp;&nbsp;&nbsp;&nbsp; Entre tantos se\u00f1alamientos de corrupci\u00f3n y de complicidad con el crimen organizado para el Gobierno concluido de L\u00f3pez Obrador y la naciente administraci\u00f3n de Claudia Sheinbaum, la Presidenta se agarra una oreja y no se llega a la otra en su af\u00e1n de explicar lo inexplicable cada ma\u00f1ana, lo que la agota sensiblemente, al grado de que ya no le quedan fuerzas para gobernar bien -o aunque sea mal- al pa\u00eds.<\/p>\n\n\n\n<p>&nbsp;&nbsp;&nbsp;&nbsp; Y de ah\u00ed las invenciones, las medidas desesperadas para que ya no se hable en los medios y en las benditas\/malditas redes de tantos temas que golpean como torpedos a la fr\u00e1gil e inestable barca en la que navegan las ansias morenas de quedarse con todo el poder, para siempre.<\/p>\n\n\n\n<p>&nbsp;&nbsp;&nbsp;&nbsp; El hecho de que dos partidos pol\u00edticos platiquen sobre alguna posible alianza no tiene nada extraordinario y est\u00e1 contemplado en las leyes electorales. Sin embargo, Claudia Sheinbaum lo quiere hacer ver como una jugada oscura y clandestina de dos agrupaciones pol\u00edticas que se oponen al partido en el poder. Ah\u00ed, en su remedo de conferencia de prensa, arropada por sus incondicionales, por reporteros que c\u00ednicamente no hacen preguntas propias, sino que leen desde sus celulares las que les dictan desde la oficina de prensa oficial, la Presidenta lanz\u00f3 a los cuatro vientos la acusaci\u00f3n tronante: MC y el PAN se quieren aliar.<\/p>\n\n\n\n<p>&nbsp;&nbsp;&nbsp;&nbsp; \u00bfY qu\u00e9? \u00bfEs algo indebido? \u00bfLo proh\u00edben las leyes? \u00bfCu\u00e1l es el problema?<\/p>\n\n\n\n<p>&nbsp;&nbsp;&nbsp;&nbsp; El problema es que al Gobierno de la Cuatrot\u00e9 ya se le est\u00e1n acabando los pretextos para cambiar el tema y que dejen de hablar de sus cada vez m\u00e1s expuestas corruptelas e ineficiencias. Y por eso echa mano de cualquier ocurrencia, como \u00e9sa de la alianza de sus dos partidos opositores m\u00e1s fuertes.<\/p>\n\n\n\n<p>&nbsp;&nbsp;&nbsp;&nbsp; Lo m\u00e1s chistoso de todo es que esa coalici\u00f3n es m\u00e1s imposible que tomar un caf\u00e9 jarocho en marte. El PAN se debate en las aguas procelosas de sus broncas internas y no querr\u00eda entrar en negociaciones y discusiones con otro partido, que tiene intereses diferentes.<\/p>\n\n\n\n<p>&nbsp;&nbsp;&nbsp;&nbsp; Y a MC le han salido las cosas de maravilla. Est\u00e1 colocado ya como la segunda fuerza electoral y no tendr\u00eda por qu\u00e9 cambiar una estrategia que ha sido tan exitosa.<\/p>\n\n\n\n<p>&nbsp;&nbsp;&nbsp;&nbsp; As\u00ed que do\u00f1a Claudia y sus gentes tendr\u00e1n que buscar otras mentiras m\u00e1s cre\u00edbles.<\/p>\n\n\n\n<p>sglevet@gmail.com<\/p>\n","protected":false},"excerpt":{"rendered":"<p>Sergio Gonz\u00e1lez Levet Sin tacto Desde su misma ma\u00f1anera, la presidenta Sheinbaum solt\u00f3 la especie, y sus repetidoras de inmediato la replicaron y trataron de fabricar una nota viral: el PAN y Movimiento Ciudadano est\u00e1n en pl\u00e1ticas para ir en alianza en las pr\u00f3ximas elecciones. &nbsp;&nbsp;&nbsp;&nbsp; A todas luces, la noticia ven\u00eda totalmente de la [&hellip;]<\/p>\n","protected":false},"author":2,"featured_media":141432,"comment_status":"closed","ping_status":"closed","sticky":false,"template":"","format":"standard","meta":{"_jetpack_newsletter_access":"","_jetpack_dont_email_post_to_subs":false,"_jetpack_newsletter_tier_id":0,"_jetpack_memberships_contains_paywalled_content":false,"_jetpack_memberships_contains_paid_content":false,"footnotes":""},"categories":[70],"tags":[],"class_list":["post-153396","post","type-post","status-publish","format-standard","has-post-thumbnail","hentry","category-de-opinion"],"jetpack_featured_media_url":"https:\/\/lospoliticosveracruz.com.mx\/wp-content\/uploads\/2025\/04\/Levet.jpg","jetpack_sharing_enabled":true,"jetpack_shortlink":"https:\/\/wp.me\/p4Qcd3-DU8","_links":{"self":[{"href":"https:\/\/lospoliticosveracruz.com.mx\/index.php?rest_route=\/wp\/v2\/posts\/153396","targetHints":{"allow":["GET"]}}],"collection":[{"href":"https:\/\/lospoliticosveracruz.com.mx\/index.php?rest_route=\/wp\/v2\/posts"}],"about":[{"href":"https:\/\/lospoliticosveracruz.com.mx\/index.php?rest_route=\/wp\/v2\/types\/post"}],"author":[{"embeddable":true,"href":"https:\/\/lospoliticosveracruz.com.mx\/index.php?rest_route=\/wp\/v2\/users\/2"}],"replies":[{"embeddable":true,"href":"https:\/\/lospoliticosveracruz.com.mx\/index.php?rest_route=%2Fwp%2Fv2%2Fcomments&post=153396"}],"version-history":[{"count":2,"href":"https:\/\/lospoliticosveracruz.com.mx\/index.php?rest_route=\/wp\/v2\/posts\/153396\/revisions"}],"predecessor-version":[{"id":153398,"href":"https:\/\/lospoliticosveracruz.com.mx\/index.php?rest_route=\/wp\/v2\/posts\/153396\/revisions\/153398"}],"wp:featuredmedia":[{"embeddable":true,"href":"https:\/\/lospoliticosveracruz.com.mx\/index.php?rest_route=\/wp\/v2\/media\/141432"}],"wp:attachment":[{"href":"https:\/\/lospoliticosveracruz.com.mx\/index.php?rest_route=%2Fwp%2Fv2%2Fmedia&parent=153396"}],"wp:term":[{"taxonomy":"category","embeddable":true,"href":"https:\/\/lospoliticosveracruz.com.mx\/index.php?rest_route=%2Fwp%2Fv2%2Fcategories&post=153396"},{"taxonomy":"post_tag","embeddable":true,"href":"https:\/\/lospoliticosveracruz.com.mx\/index.php?rest_route=%2Fwp%2Fv2%2Ftags&post=153396"}],"curies":[{"name":"wp","href":"https:\/\/api.w.org\/{rel}","templated":true}]}}