{"id":153401,"date":"2025-09-29T10:15:27","date_gmt":"2025-09-29T15:15:27","guid":{"rendered":"https:\/\/lospoliticosveracruz.com.mx\/?p=153401"},"modified":"2025-09-29T10:15:52","modified_gmt":"2025-09-29T15:15:52","slug":"las-alianzas-rumbo-al-2027","status":"publish","type":"post","link":"https:\/\/lospoliticosveracruz.com.mx\/?p=153401","title":{"rendered":"LAS ALIANZAS RUMBO AL 2027"},"content":{"rendered":"\n\n\n<p><strong>Luis Alberto Romero<\/strong><\/p>\n\n\n\n<p><em>Hora cero<\/em><br>A dos a\u00f1os del proceso electoral intermedio para renovar la C\u00e1mara de Diputados, el centro del debate pol\u00edtico nacional est\u00e1 en la conformaci\u00f3n de las alianzas.<br>Todo apunta a que Morena repetir\u00e1 la f\u00f3rmula que le ha permitido controlar con amplitud la C\u00e1mara Baja. Actualmente, la suma de diputados de Morena, PVEM y PT asciende a 364, muy por encima de los 334 que marcan la mayor\u00eda calificada. Bajo este panorama, una fractura con verdes y petistas parece improbable.<br>Donde s\u00ed podr\u00edan darse cambios es en la oposici\u00f3n. Movimiento Ciudadano ha mantenido desde su origen una postura de distanciamiento del PRI. En 2023, cuando se gestaba el Frente Amplio por M\u00e9xico, el dirigente nacional de MC, Dante Delgado, fue claro: \u201ccon el PRI, ni a la esquina\u201d, y opt\u00f3 por lanzar a Jorge \u00c1lvarez M\u00e1ynez como candidato presidencial en solitario.<br>El resultado de esa elecci\u00f3n fue desastroso para la coalici\u00f3n PAN-PRI-PRD: X\u00f3chitl G\u00e1lvez apenas alcanz\u00f3 el 27 por ciento, Acci\u00f3n Nacional redujo su presencia en el Congreso, el PRI qued\u00f3 con una representaci\u00f3n m\u00ednima y el PRD perdi\u00f3 el registro.<\/p>\n\n\n\n\n\n<p><br>Hoy, los liderazgos locales de MC en estados como Puebla reiteran su negativa a sumar al PRI en una eventual alianza. Todo indica que el tricolor, convertido en el \u201caliado inc\u00f3modo\u201d, competir\u00e1 en solitario en 2027, lo que anticipa un nuevo rev\u00e9s electoral; y probablemente aun peor que el de 2018, 2021 y 2024.<br>En contraste, la posibilidad de un pacto PAN-MC cobra fuerza. El dirigente albiazul, Jorge Romero, ha reconocido que explora esa ruta, mientras que MC evita pronunciarse de manera abierta. Desde Morena, la dirigente nacional Luisa Mar\u00eda Alcalde y la propia presidenta Claudia Sheinbaum han criticado con dureza esa opci\u00f3n, recordando que ambos partidos ya se unieron en 2018 para impulsar a Ricardo Anaya.<br>Una alianza entre PAN y MC tendr\u00eda efectos inmediatos: aumentar\u00eda la presencia del partido naranja en los cuatro estados gobernados por Acci\u00f3n Nacional y desplazar\u00eda al PRI como tercera fuerza pol\u00edtica nacional. De confirmarse, el tricolor quedar\u00eda reducido a una presencia testimonial en el escenario nacional.<br>M\u00e1s all\u00e1 de la elecci\u00f3n intermedia, la coalici\u00f3n PAN-MC podr\u00eda convertirse en un laboratorio para probar f\u00f3rmulas y medir fuerzas rumbo a 2030. La pregunta es si ese bloque alcanzar\u00e1 a representar una verdadera alternativa frente al poder consolidado de Morena, o si terminar\u00e1 siendo solo un reacomodo m\u00e1s en el mapa pol\u00edtico, como el de 2024, cuando la oposici\u00f3n representada por PAN, PRI y PRD termin\u00f3 por desdibujarse muy r\u00e1pido.<br>Al final, lo que se define actualmente es la recomposici\u00f3n de las fuerzas pol\u00edticas nacionales rumbo al proceso de 2027, que es la antesala de la pr\u00f3xima sucesi\u00f3n; adem\u00e1s, hay que recordar que en 2027 se renovar\u00e1n 17 gubernaturas.<br>En el plano local, ese cambio en el escenario pol\u00edtico nacional inevitablemente tendr\u00e1 repercusiones; de hecho, ya se observa el impacto con la inminente salida del PRI de un grupo que muy probablemente se sume a la nueva alianza opositora.<br>@luisromero85<\/p>\n","protected":false},"excerpt":{"rendered":"<p>Luis Alberto Romero Hora ceroA dos a\u00f1os del proceso electoral intermedio para renovar la C\u00e1mara de Diputados, el centro del debate pol\u00edtico nacional est\u00e1 en la conformaci\u00f3n de las alianzas.Todo apunta a que Morena repetir\u00e1 la f\u00f3rmula que le ha permitido controlar con amplitud la C\u00e1mara Baja. Actualmente, la suma de diputados de Morena, PVEM [&hellip;]<\/p>\n","protected":false},"author":2,"featured_media":141436,"comment_status":"closed","ping_status":"closed","sticky":false,"template":"","format":"standard","meta":{"_jetpack_newsletter_access":"","_jetpack_dont_email_post_to_subs":false,"_jetpack_newsletter_tier_id":0,"_jetpack_memberships_contains_paywalled_content":false,"_jetpack_memberships_contains_paid_content":false,"footnotes":""},"categories":[70],"tags":[1026,2327,266,251,195],"class_list":["post-153401","post","type-post","status-publish","format-standard","has-post-thumbnail","hentry","category-de-opinion","tag-morena","tag-movimiento-ciudadano","tag-pan","tag-pri","tag-veracruz"],"jetpack_featured_media_url":"https:\/\/lospoliticosveracruz.com.mx\/wp-content\/uploads\/2025\/04\/Luis-Romero-1.jpg","jetpack_sharing_enabled":true,"jetpack_shortlink":"https:\/\/wp.me\/p4Qcd3-DUd","_links":{"self":[{"href":"https:\/\/lospoliticosveracruz.com.mx\/index.php?rest_route=\/wp\/v2\/posts\/153401","targetHints":{"allow":["GET"]}}],"collection":[{"href":"https:\/\/lospoliticosveracruz.com.mx\/index.php?rest_route=\/wp\/v2\/posts"}],"about":[{"href":"https:\/\/lospoliticosveracruz.com.mx\/index.php?rest_route=\/wp\/v2\/types\/post"}],"author":[{"embeddable":true,"href":"https:\/\/lospoliticosveracruz.com.mx\/index.php?rest_route=\/wp\/v2\/users\/2"}],"replies":[{"embeddable":true,"href":"https:\/\/lospoliticosveracruz.com.mx\/index.php?rest_route=%2Fwp%2Fv2%2Fcomments&post=153401"}],"version-history":[{"count":1,"href":"https:\/\/lospoliticosveracruz.com.mx\/index.php?rest_route=\/wp\/v2\/posts\/153401\/revisions"}],"predecessor-version":[{"id":153402,"href":"https:\/\/lospoliticosveracruz.com.mx\/index.php?rest_route=\/wp\/v2\/posts\/153401\/revisions\/153402"}],"wp:featuredmedia":[{"embeddable":true,"href":"https:\/\/lospoliticosveracruz.com.mx\/index.php?rest_route=\/wp\/v2\/media\/141436"}],"wp:attachment":[{"href":"https:\/\/lospoliticosveracruz.com.mx\/index.php?rest_route=%2Fwp%2Fv2%2Fmedia&parent=153401"}],"wp:term":[{"taxonomy":"category","embeddable":true,"href":"https:\/\/lospoliticosveracruz.com.mx\/index.php?rest_route=%2Fwp%2Fv2%2Fcategories&post=153401"},{"taxonomy":"post_tag","embeddable":true,"href":"https:\/\/lospoliticosveracruz.com.mx\/index.php?rest_route=%2Fwp%2Fv2%2Ftags&post=153401"}],"curies":[{"name":"wp","href":"https:\/\/api.w.org\/{rel}","templated":true}]}}