{"id":153403,"date":"2025-09-29T10:22:56","date_gmt":"2025-09-29T15:22:56","guid":{"rendered":"https:\/\/lospoliticosveracruz.com.mx\/?p=153403"},"modified":"2025-09-29T10:23:28","modified_gmt":"2025-09-29T15:23:28","slug":"como-en-las-poquianchis","status":"publish","type":"post","link":"https:\/\/lospoliticosveracruz.com.mx\/?p=153403","title":{"rendered":"COMO EN \u00abLAS POQUIANCHIS\u00bb"},"content":{"rendered":"\n\n\n<p><strong>Oved Contreras<\/strong><br><em>Secas Mecas<\/em><\/p>\n\n\n\n<p>Las mujeres en Veracruz terminan en fosas clandestinas y otra vez \u00c1lamo resuena a nivel nacional luego de que la Fiscal\u00eda General del Estado confirm\u00f3 la identidad de dos mujeres, cuyos restos fueron localizados en fosas clandestinas dentro del rancho Santa Rosal\u00eda, ubicado en la comunidad de Tepetzintlilla, en los l\u00edmites entre \u00c1lamo Temapache y Cerro Azul.<\/p>\n\n\n\n<p>Se trata de X\u00f3chitl Ivette Villar Barrios, de 33 a\u00f1os, originaria de Tuxpan, Veracruz, y Jimena Hern\u00e1ndez Hern\u00e1ndez, de 21 a\u00f1os, oriunda de Huejutla de Reyes, Hidalgo. X\u00f3chitl Ivette Villar Barrios fue reportada como desaparecida el 15 de marzo de 2025 por la Comisi\u00f3n Estatal de B\u00fasqueda de Veracruz. Era reconocida en Tuxpan por su barber\u00eda \u201cUnderground BarberShop\u201d, donde adem\u00e1s de atender a clientes ofrec\u00eda cursos de capacitaci\u00f3n a j\u00f3venes. Mientras que Jimena Hern\u00e1ndez Hern\u00e1ndez se report\u00f3 como desaparecida el pasado 6 de abril, seg\u00fan ficha emitida por la Fiscal\u00eda de Hidalgo.<\/p>\n\n\n\n\n\n<p>Los cuerpos fueron exhumados como parte de las diligencias iniciadas en agosto, tras el asesinato de la maestra jubilada y taxista Irma Hern\u00e1ndez Cruz, quien fue privada de la libertad el 18 de julio y localizada sin vida seis d\u00edas despu\u00e9s en el mismo predio. Desde entonces, el rancho Santa Rosal\u00eda permanece asegurado por la Fiscal\u00eda, y se ha convertido en un punto clave en la investigaci\u00f3n sobre operaciones criminales en la regi\u00f3n.<\/p>\n\n\n\n<p>Con estas identificaciones, suman ya tres las v\u00edctimas plenamente reconocidas en el rancho Santa Rosal\u00eda: Irma, X\u00f3chitl y Jimena. Permanecen en calidad de no identificados al menos dos cuerpos m\u00e1s, aunque se presume que podr\u00edan existir hasta seis v\u00edctimas adicionales.<\/p>\n\n\n\n<p>Pues no que la T\u00eda Ch\u00edo las iba a defender y proteger? Como que no lo est\u00e1 haciendo bien o mejor dicho no est\u00e1 haciendo nada ni defendiendo a nadie\u2026eso s\u00ed ya la copi\u00f3 las formas a Cuitl\u00e1huac Garc\u00eda y su fiscal\u00eda\u2026festina que las cifras de feminicidios van para abajo, que Veracruz registra en 2025 el \u201c\u00edndice m\u00e1s bajo\u201d de feminicidios en a\u00f1os recientes, con 17 casos en lo que va del a\u00f1o.<\/p>\n\n\n\n<p>Nahle record\u00f3 que en 2017, Veracruz ocupaba el primer lugar nacional en feminicidios, lo que, dijo, impuls\u00f3 la creaci\u00f3n de pol\u00edticas p\u00fablicas enfocadas en la protecci\u00f3n de las mujeres. Entre ellas, destac\u00f3 la aplicaci\u00f3n m\u00f3vil \u201cVeracruzana Protegida\u201d, que permite solicitar auxilio en situaciones de riesgo. Desde su lanzamiento el 8 de marzo, ha recibido m\u00e1s de 800 llamadas de emergencia.<\/p>\n\n\n\n<p>Sin embargo, organismos como el Observatorio Universitario de Violencias contra las Mujeres (OUVM), hasta septiembre de 2025, registraba 42 feminicidios en Veracruz,&nbsp; lo que refleja una grave crisis de violencia de g\u00e9nero en la regi\u00f3n lo que ubica a Veracruz entre los estados con mayores \u00edndices de feminicidios en M\u00e9xico.<\/p>\n\n\n\n<p>NO APLAUDIRLE AL GOBIERNO\u2026.sino cuestionarlo y evaluarlo\u2026pide el obispo de Orizaba, Don Lalo Cervantes\u2026.que nada de echarle flores de a grapas a Do\u00f1a Zacatecas ni a su secre de Seguridad\u2026el Poncho Reyes\u2026mejor que los eval\u00faen y les exijan resultados<\/p>\n\n\n\n<p>Y Don Lalo\u2026no habla por hablar porque hasta \u00e9l ha sufrido de los latigazos del crimen\u2026.en abril del a\u00f1o pasado le dieron un susto los malosos cuando le robaron su camioneta a punta de pistola\u2026y dado lo que dice ahora con el gobierno de la T\u00eda Ch\u00edo nada ha cambiado\u2026todo sigue igualito que con el Kuicar\u00e1s\u2026.<\/p>\n\n\n\n<p>En abril del a\u00f1o pasado, el Obispo de Orizaba relat\u00f3 que \u00e9l y dos sacerdotes sufrieron un asalto cuando transitaban por la autopista de Puebla-Veracruz y les arrebataron sus pertenencias, entre ellas, una insignia episcopal.<\/p>\n\n\n\n<p>Refiri\u00e9ndose al hecho como una situaci\u00f3n dolorosa y triste, Monse\u00f1or Cervantes Merino dijo que el asalto ocurri\u00f3 despu\u00e9s de pasar la caseta del tramo de Esperanza, y que no hizo ninguna declaraci\u00f3n ni una denuncia formal porque \u201cson parte del pueblo\u201d, y que \u00e9l y los sacerdotes viven situaciones dolorosas junto con toda la comunidad. Sin embargo, reconoci\u00f3 que s\u00ed sinti\u00f3 impotencia y miedo al ser v\u00edctima de un asalto.<\/p>\n\n\n\n<p>CON LOS DE CASA\u2026.pa acompletar de amolarla\u2026la gobernadora anunci\u00f3 que la Guardia Nacional instalar\u00e1 un cuartel en Coyutla y que el terreno lo van a donar los Picazooooo\u2026.o sease el mismo Cartel del Totonacapan\u2026.no pos est\u00e1n fregados todos los totonacas y de m\u00e1s all\u00e1\u2026.que no la amuele.<\/p>\n\n\n\n<p>Tiene la boca llena de raz\u00f3n y verdades\u2026el maestro Raymundo Jim\u00e9nez que la semana pasada escribi\u00f3 en su columna \u00abAl pie de la letra\u00bb que la T\u00eda Zacatecas se est\u00e1 embarcando con los Picazos y estos le est\u00e1n viendo la cara y pisando la sombra\u2026.que combatir\u00e1 el fuego arroj\u00e1ndole gasolina\u2026<\/p>\n\n\n\n<p>\u00bfAcaso no le informaron a Nahle del historial de tan \u201chonorable\u201d familia que ha gobernado ese municipio cinco veces en 20 a\u00f1os, y uno de cuyos miembros, Basilio Picazo, l\u00edder de esa dinast\u00eda caciquil, se encuentra actualmente pr\u00f3fugo al estar indiciado como presunto autor intelectual del asesinato de la periodista Mar\u00eda Elena Ferral? El secretario de Gobierno, don pelonete Richard Ahued debe tener todo el expediente pero se ve que no la informa aliarse a los Picazo en Coyutla para combatir la inseguridad es poner la iglesia en manos de Lutero.<\/p>\n","protected":false},"excerpt":{"rendered":"<p>Oved ContrerasSecas Mecas Las mujeres en Veracruz terminan en fosas clandestinas y otra vez \u00c1lamo resuena a nivel nacional luego de que la Fiscal\u00eda General del Estado confirm\u00f3 la identidad de dos mujeres, cuyos restos fueron localizados en fosas clandestinas dentro del rancho Santa Rosal\u00eda, ubicado en la comunidad de Tepetzintlilla, en los l\u00edmites entre [&hellip;]<\/p>\n","protected":false},"author":2,"featured_media":141426,"comment_status":"closed","ping_status":"closed","sticky":false,"template":"","format":"standard","meta":{"_jetpack_newsletter_access":"","_jetpack_dont_email_post_to_subs":false,"_jetpack_newsletter_tier_id":0,"_jetpack_memberships_contains_paywalled_content":false,"_jetpack_memberships_contains_paid_content":false,"footnotes":""},"categories":[70],"tags":[46120,1026,3578,195],"class_list":["post-153403","post","type-post","status-publish","format-standard","has-post-thumbnail","hentry","category-de-opinion","tag-jimena-hernandez-hernandez","tag-morena","tag-rocio-nahle","tag-veracruz"],"jetpack_featured_media_url":"https:\/\/lospoliticosveracruz.com.mx\/wp-content\/uploads\/2025\/04\/Oved-Contreras.jpg","jetpack_sharing_enabled":true,"jetpack_shortlink":"https:\/\/wp.me\/p4Qcd3-DUf","_links":{"self":[{"href":"https:\/\/lospoliticosveracruz.com.mx\/index.php?rest_route=\/wp\/v2\/posts\/153403","targetHints":{"allow":["GET"]}}],"collection":[{"href":"https:\/\/lospoliticosveracruz.com.mx\/index.php?rest_route=\/wp\/v2\/posts"}],"about":[{"href":"https:\/\/lospoliticosveracruz.com.mx\/index.php?rest_route=\/wp\/v2\/types\/post"}],"author":[{"embeddable":true,"href":"https:\/\/lospoliticosveracruz.com.mx\/index.php?rest_route=\/wp\/v2\/users\/2"}],"replies":[{"embeddable":true,"href":"https:\/\/lospoliticosveracruz.com.mx\/index.php?rest_route=%2Fwp%2Fv2%2Fcomments&post=153403"}],"version-history":[{"count":2,"href":"https:\/\/lospoliticosveracruz.com.mx\/index.php?rest_route=\/wp\/v2\/posts\/153403\/revisions"}],"predecessor-version":[{"id":153405,"href":"https:\/\/lospoliticosveracruz.com.mx\/index.php?rest_route=\/wp\/v2\/posts\/153403\/revisions\/153405"}],"wp:featuredmedia":[{"embeddable":true,"href":"https:\/\/lospoliticosveracruz.com.mx\/index.php?rest_route=\/wp\/v2\/media\/141426"}],"wp:attachment":[{"href":"https:\/\/lospoliticosveracruz.com.mx\/index.php?rest_route=%2Fwp%2Fv2%2Fmedia&parent=153403"}],"wp:term":[{"taxonomy":"category","embeddable":true,"href":"https:\/\/lospoliticosveracruz.com.mx\/index.php?rest_route=%2Fwp%2Fv2%2Fcategories&post=153403"},{"taxonomy":"post_tag","embeddable":true,"href":"https:\/\/lospoliticosveracruz.com.mx\/index.php?rest_route=%2Fwp%2Fv2%2Ftags&post=153403"}],"curies":[{"name":"wp","href":"https:\/\/api.w.org\/{rel}","templated":true}]}}