{"id":153477,"date":"2025-09-30T06:40:11","date_gmt":"2025-09-30T11:40:11","guid":{"rendered":"https:\/\/lospoliticosveracruz.com.mx\/?p=153477"},"modified":"2025-09-30T06:40:33","modified_gmt":"2025-09-30T11:40:33","slug":"el-fuego-amigo-con-nombre-y-apellido","status":"publish","type":"post","link":"https:\/\/lospoliticosveracruz.com.mx\/?p=153477","title":{"rendered":"EL FUEGO AMIGO, CON NOMBRE Y APELLIDO"},"content":{"rendered":"\n<p><br><\/p>\n\n\n\n\n\n<p><strong>Fanny Y\u00e9pez<\/strong><br><em>La Columna<\/em><\/p>\n\n\n\n<p>Y le puso nombre y apellidos, el periodista Salvador Garc\u00eda Soto, en su columna que este lunes p\u00fablico en el peri\u00f3dico El Universal, al abordar el tema sobre el fuego amigo y las afirmaciones que lanzo el senador Ad\u00e1n Augusto L\u00f3pez, en las que se\u00f1al\u00f3 que \u201cuna de esas versiones se\u00f1alaba al poderoso secretario de Seguridad federal, Omar Garc\u00eda Harfuch como uno de los aludidos, sin mencionarlo por su nombre\u201d.<br>\u201cY aunque \u00e9l no dijo nombres, las insinuaciones a Garc\u00eda Harfuch tienen sentido, porque \u00e9l ha sido el art\u00edfice de toda la investigaci\u00f3n y b\u00fasqueda que llev\u00f3 a la captura de Hern\u00e1n Berm\u00fadez Requena en Paraguay y a su posterior traslado, encarcelamiento y actual enjuiciamiento en M\u00e9xico.<br>Antes de que el secretario de seguridad federal tomara el asunto en sus manos, la carpeta de investigaci\u00f3n que hab\u00eda abierto la Fiscal\u00eda de Tabasco, desde marzo del 2024, literalmente dorm\u00eda el sue\u00f1o de los justos y hab\u00eda tenido tan poco efecto que, incluso una filtraci\u00f3n de esas investigaciones, ayud\u00f3 a que el l\u00edder del grupo criminal \u201cLa Barredora\u201d, se fugara del pa\u00eds en cuanto se enter\u00f3 de las indagatorias en su contra.<br>Ahora que le Garc\u00eda Soto le coloco nombre y apellido al que supuestamente ha instrumentado el fuego amigo en contra del senador tabasque\u00f1o, todos observamos que en torno al c\u00edrculo rojo de la Presidenta Claudia Sehinbaum, se han creado al menos dos grupos quienes seg\u00fan el columnista han conspirado para golpear al l\u00edder del senado.<br>En la misma columna Salvador Garc\u00eda Soto se\u00f1ala que, acusan a Omar Garc\u00eda de encabezar espionajes e investigaciones en contra de cercanos al exmandatario que radica en Palenque. Incluso los hijos de L\u00f3pez Obrador han llegado a quejarse, en reuniones familiares, de que el exsecretario que encabeza del gabinete de seguridad federal es quien ha ordenado monitorear y espiar sus actividades dentro y fuera de M\u00e9xico.<\/p>\n\n\n\n\n\n<p><br>La idea de que Harfuch \u201ctrabaja para los gringos\u201d proviene directamente de los obradoristas m\u00e1s duros y radicales, quienes no s\u00f3lo lo cuestionan sino que tambi\u00e9n le enderezan campa\u00f1as en redes sociales con sus granjas de bots al super polic\u00eda del gobierno de Sheinbaum, por la estrecha colaboraci\u00f3n y confianza que le tienen en Washington y porque saben que si hay las famosas \u201clistas\u201d o peticiones de investigaci\u00f3n, por parte del Departamento de Estado a pol\u00edticos de la 4T o de cualquier otro signo, es precisamente el secretario de Seguridad el encargado de atenderlas.<br>As\u00ed que tal vez las interpretaciones y especulaciones que desat\u00f3 la amenaza velada de Ad\u00e1n Augusto L\u00f3pez, contra los que \u00e9l dice ubicar como los autores de la \u201ccampa\u00f1a\u201d en su contra, no est\u00e9n tan erradas. S\u00f3lo faltar\u00eda saber qui\u00e9nes son los otros a los que el acosado l\u00edder senatorial se refiere cuando habla en plural de sus enemigos que le estar\u00edan disparando un fuego guinda que hoy lo tiene en la mira p\u00fablica.<br>Lo que nos queda claro que de estar sucediendo lo que supone Garc\u00eda Soto, es que Omar Garc\u00eda Harfuch, el super poderoso Secretario de Seguridad y Protecci\u00f3n Ciudadana de M\u00e9xico, no lo har\u00eda si no contara con la bendici\u00f3n de palacio nacional, y viendo m\u00e1s all\u00e1, me imagino que el titular (SSPC) cuenta con much\u00edsima m\u00e1s informaci\u00f3n privilegiada que ha estado reuniendo a trav\u00e9s de su equipo de inteligencia.<br>Ad\u00e1n Augusto debe irse con cuidado porque est\u00e1 pisando terreno minado, porque todo hace suponer que fue el mismo l\u00edder del senado quien proporciono los datos a Salvador Garc\u00eda Soto. Pero la guerra apenas comienza y usted amigo lector prep\u00e1rese para todo tipo de informaci\u00f3n y c\u00f3mprese un paraguas, porque el lodo amenaza con salpicar a muchos pol\u00edticos de alto nivel.<br>En tanto, al senador Ad\u00e1n Augusto, como al nopal, le siguen descubriendo muchas propiedades, ser\u00eda due\u00f1o de otra propiedad en la Privada Macayos, en la colonia El Recreo. Donde en la escritura se reserva el uso de usufructo y habitaci\u00f3n vitalicio para su esposa y su hijo. Est\u00e1 al lado de la mansi\u00f3n del ex gobernador Arturo N\u00fa\u00f1ez.<br>En la conferencia ma\u00f1anera de este lunes, la Presidenta Claudia Sheinbaum neg\u00f3 que su Gobierno haya lanzado \u201cfuego amigo\u201d contra el coordinador de Morena en el Senado, Ad\u00e1n Augusto L\u00f3pez, luego que se revelaran documentos, s\u00f3lo manejados por el SAT, con presuntas irregularidades en sus declaraciones fiscales.<br>En las revelaciones iniciales de este caso, se dieron a conocer documentos que por ser de car\u00e1cter oficial estar\u00edan protegidos por el secreto fiscal, solamente con acceso del contribuyente o del SAT, \u00bfestos documentos salieron de su Administraci\u00f3n?<br>\u00abNo, nosotros no andamos filtrando documentos, eso se acab\u00f3 desde el Gobierno anterior. Acostumbraban en los gobiernos del pasado andar filtrando documentos para afectar a una u otra persona, si nosotros tenemos algo, alguna irregularidad detectada, se presenta en t\u00e9rminos administrativos a la Secretar\u00eda Anticorrupci\u00f3n, y si hay alg\u00fan asunto penal, se presenta la Fiscal\u00eda General de la Rep\u00fablica, como lo hizo la Marina en el caso de personal de Marina que se detect\u00f3 que est\u00e1 involucrado en el contrabando de combustible, si encontramos algo, se presenta en la Fiscal\u00eda, pero nosotros no andamos filtrando documentos, no tenemos por qu\u00e9 andar filtrando nada\u00bb.<\/p>\n\n\n\n<ul class=\"wp-block-list\">\n<li>\u00bfUsted descartar\u00eda que se tratara de un &#8216;fuego amigo&#8217; de su Gobierno en contra del senador?<br>\u00abPor supuesto. Si hay algo contra cualquier persona de Morena que se encuentre, que tenga pruebas, se procede, as\u00ed como se procede contra cualquier persona militante del PAN, del PRI, de cualquier partido pol\u00edtico, aqu\u00ed no cubrimos a nadie y menos vamos a estar con insidias, \u00bfqu\u00e9 clase de gobernante ser\u00edamos si estuvi\u00e9ramos con insidias hacia algunos o hacia otros? Si se encuentra algo contra alguien, se presenta la denuncia, si no se encuentra, tampoco vamos a estar a lo que diga un medio, o lo que diga otro medio, o lo que diga la oposici\u00f3n.<br>\u00abSi hay pruebas, nosotros mismos presentamos la denuncia, si no hay pruebas, pues no, y si la Fiscal\u00eda tiene pruebas, pues la Fiscal\u00eda avanza, nunca vamos a decirle al fiscal: &#8216;oiga, no haga esto, por favor, porque va a da\u00f1ar a un partido pol\u00edtico o a una persona&#8217;, pues no, no somos as\u00ed, no somos iguales, por m\u00e1s que quieran decirlo, no somos iguales\u00bb.<\/li>\n<\/ul>\n","protected":false},"excerpt":{"rendered":"<p>Fanny Y\u00e9pezLa Columna Y le puso nombre y apellidos, el periodista Salvador Garc\u00eda Soto, en su columna que este lunes p\u00fablico en el peri\u00f3dico El Universal, al abordar el tema sobre el fuego amigo y las afirmaciones que lanzo el senador Ad\u00e1n Augusto L\u00f3pez, en las que se\u00f1al\u00f3 que \u201cuna de esas versiones se\u00f1alaba al [&hellip;]<\/p>\n","protected":false},"author":2,"featured_media":141383,"comment_status":"closed","ping_status":"closed","sticky":false,"template":"","format":"standard","meta":{"_jetpack_newsletter_access":"","_jetpack_dont_email_post_to_subs":false,"_jetpack_newsletter_tier_id":0,"_jetpack_memberships_contains_paywalled_content":false,"_jetpack_memberships_contains_paid_content":false,"footnotes":""},"categories":[70],"tags":[9627,1026,14775],"class_list":["post-153477","post","type-post","status-publish","format-standard","has-post-thumbnail","hentry","category-de-opinion","tag-claudia-sheinbaum","tag-morena","tag-omar-garcia-harfuch"],"jetpack_featured_media_url":"https:\/\/lospoliticosveracruz.com.mx\/wp-content\/uploads\/2025\/04\/Fanny-Yepez-Luna.jpg","jetpack_sharing_enabled":true,"jetpack_shortlink":"https:\/\/wp.me\/p4Qcd3-DVr","_links":{"self":[{"href":"https:\/\/lospoliticosveracruz.com.mx\/index.php?rest_route=\/wp\/v2\/posts\/153477","targetHints":{"allow":["GET"]}}],"collection":[{"href":"https:\/\/lospoliticosveracruz.com.mx\/index.php?rest_route=\/wp\/v2\/posts"}],"about":[{"href":"https:\/\/lospoliticosveracruz.com.mx\/index.php?rest_route=\/wp\/v2\/types\/post"}],"author":[{"embeddable":true,"href":"https:\/\/lospoliticosveracruz.com.mx\/index.php?rest_route=\/wp\/v2\/users\/2"}],"replies":[{"embeddable":true,"href":"https:\/\/lospoliticosveracruz.com.mx\/index.php?rest_route=%2Fwp%2Fv2%2Fcomments&post=153477"}],"version-history":[{"count":1,"href":"https:\/\/lospoliticosveracruz.com.mx\/index.php?rest_route=\/wp\/v2\/posts\/153477\/revisions"}],"predecessor-version":[{"id":153478,"href":"https:\/\/lospoliticosveracruz.com.mx\/index.php?rest_route=\/wp\/v2\/posts\/153477\/revisions\/153478"}],"wp:featuredmedia":[{"embeddable":true,"href":"https:\/\/lospoliticosveracruz.com.mx\/index.php?rest_route=\/wp\/v2\/media\/141383"}],"wp:attachment":[{"href":"https:\/\/lospoliticosveracruz.com.mx\/index.php?rest_route=%2Fwp%2Fv2%2Fmedia&parent=153477"}],"wp:term":[{"taxonomy":"category","embeddable":true,"href":"https:\/\/lospoliticosveracruz.com.mx\/index.php?rest_route=%2Fwp%2Fv2%2Fcategories&post=153477"},{"taxonomy":"post_tag","embeddable":true,"href":"https:\/\/lospoliticosveracruz.com.mx\/index.php?rest_route=%2Fwp%2Fv2%2Ftags&post=153477"}],"curies":[{"name":"wp","href":"https:\/\/api.w.org\/{rel}","templated":true}]}}