{"id":153479,"date":"2025-09-30T06:54:40","date_gmt":"2025-09-30T11:54:40","guid":{"rendered":"https:\/\/lospoliticosveracruz.com.mx\/?p=153479"},"modified":"2025-09-30T06:54:58","modified_gmt":"2025-09-30T11:54:58","slug":"esau-esta-de-vuelta","status":"publish","type":"post","link":"https:\/\/lospoliticosveracruz.com.mx\/?p=153479","title":{"rendered":"ESA\u00da EST\u00c1 DE VUELTA"},"content":{"rendered":"\n\n\n<p><strong>Omar Z\u00fa\u00f1iga<\/strong><\/p>\n\n\n\n<p><em>De Primera Mano<\/em><\/p>\n\n\n\n<p>Pues nada\u2026, resulta que est\u00e1 de vuelta el maestro&nbsp;<strong>Esa\u00fa Valencia<\/strong><strong>&nbsp;Heredia<\/strong>&nbsp;que sucumbi\u00f3 a las grillas internas, sobre todo de la abejita chiquitita&nbsp;<strong>Juan Javier G\u00f3mez Cazar\u00edn<\/strong>&nbsp;y sus amanuenses, y que tuvo que renunciar como coordinador de Comunicaci\u00f3n Social del Congreso de Veracruz (donde entr\u00f3 al relevo el entra\u00f1able&nbsp;<strong>Silverio Quevedo<\/strong>).<\/p>\n\n\n\n<p>La fracci\u00f3n parlamentaria que coordina&nbsp;<strong>Marcelo Ruiz<\/strong>&nbsp;en el PVEM, alz\u00f3 la mano y convoc\u00f3 a Esa\u00fa para &nbsp;manejar la difusi\u00f3n de las actividades de los diputados verdes.<\/p>\n\n\n\n\n\n<p>Aunque el anuncio oficial seguramente se dar\u00e1 en estos d\u00edas, Esa\u00fa ya est\u00e1 chambeando desde la semana pasada.<\/p>\n\n\n\n<p>De hecho, ha ca\u00eddo muy bien entre la flota de reporteros, tanto del puerto jarocho donde tiene su base, como en Xalapa mismo, este regreso.<\/p>\n\n\n\n<p>Esa\u00fa promete darle un vuelco a la bancada verde, incluida cuenta de TikTok y por supuesto la disposici\u00f3n&nbsp;a informar&nbsp;de los cinco diputados:&nbsp;<strong>Urbano Bautista Mart\u00ednez<\/strong>&nbsp;por Acayucan;&nbsp;la diputada&nbsp;<strong>Ang\u00e9lica Pe\u00f1a Mart\u00ednez<\/strong>,&nbsp;alcaldesa electa del municipio de Cuitl\u00e1huac;&nbsp;<strong>Mar\u00eda Tania Cruz Mej\u00eda<\/strong>,&nbsp;de R\u00edo Blanco;&nbsp;<strong>Estefan\u00eda Bastida Cuevas<\/strong><strong>,<\/strong>vicecoordinadora de la Mesa Directiva&nbsp;y por supuesto el mismo Marcelo Ruiz.<\/p>\n\n\n\n<p>Por si fuera poco, este mismo lunes 29 Valencia, egresado de la UV,&nbsp;dict\u00f3 una conferencia a los alumnos de la Facico, como parte del programa de egresados que tiene la Facultad de Ciencias y T\u00e9cnicas de la Comunicaci\u00f3n.<\/p>\n\n\n\n<p>Bienvenido nuevamente, maestro Esa\u00fa.<\/p>\n\n\n\n<p>\u00a1Enhorabuena!<\/p>\n\n\n\n<p>*****<\/p>\n\n\n\n<p>Para documenta el optimismo\u2026, este lunes 29 de septiembre,&nbsp;<strong>Bibiana S\u00e1nchez B\u00e1ez<\/strong>, alcaldesa electa de Puente Nacional, estuvo en Chichicaxtle en su \u201cgira de agradecimiento\u201d.<\/p>\n\n\n\n<p>Esta localidad, quiz\u00e1 la m\u00e1s grande del municipio,&nbsp;no es la primera que visita&nbsp;<strong>Bibi<\/strong>&nbsp;con ese fin, sin embargo&nbsp;probablemente&nbsp;es de las m\u00e1s significativas,&nbsp;ante la&nbsp;notable&nbsp;falta de qu\u00f3rum, que en nada se compara a los multitudinarios actos de campa\u00f1a, donde se involucraron m\u00e1s personas que eran las que llevaban a la gente, incluida entre ellas,&nbsp;<strong>Francisco Palmeros&nbsp;<\/strong><strong><em>Pacoski<\/em><\/strong>, s\u00edndico electo.<\/p>\n\n\n\n<p>Ante esta falta de asistencia de los puentenses y la notoria ausencia de&nbsp;<em>Paco Palmeros<\/em>, para&nbsp;<strong>Bibi<\/strong>&nbsp;lo m\u00e1s f\u00e1cil&nbsp;ha sido&nbsp;mentirle al pueblo que vot\u00f3 por ella.<\/p>\n\n\n\n<p>Para&nbsp;<strong>Bibi<\/strong>&nbsp;no tiene caso enredarse en las inc\u00f3modas&nbsp;explicaciones para justificar&nbsp;la ausencia&nbsp;de&nbsp;<strong>Paco<\/strong>&nbsp;y decirles que&nbsp;se debe a que ella misma es quien lo ha hecho a un lado de todo este show de la gira.<\/p>\n\n\n\n<p>La explicaci\u00f3n tampoco es grata para la gente, pues enterar a tus votantes que tu s\u00edndico no quiso&nbsp;<strong><em>entrarle a Bel\u00e9n cantando<\/em><\/strong>, d\u00e1ndole el dinero en efectivo&nbsp;exigido&nbsp;en campa\u00f1a y que por eso,&nbsp;como alcaldesa electa,&nbsp;te has negado de manera sistem\u00e1tica a negociar posiciones con tu s\u00edndico en el Ayuntamiento&nbsp;y evitar convocarlo a todos sus actos, incluidos los partidistas, como el que tendr\u00e1 lugar este mes en el Orfis para autoridades electas de MC.<\/p>\n\n\n\n<p><strong>Bibi<\/strong>&nbsp;debe estar ciertamente desesperada, pues a estas alturas y con&nbsp;la supuesta&nbsp;experiencia municipal&nbsp;que tiene, ya debe saber que el s\u00edndico es el representante legal del Ayuntamiento.<\/p>\n\n\n\n<p>Si no lo sabe,&nbsp;porque no quiere saberlo,&nbsp;o haiga sido como haiga sido, al final del d\u00eda, alguien deber\u00eda decirle que la verdad se dice y las mentiras hay que estarlas recordando.<\/p>\n\n\n\n<p>Es&nbsp;<em>inconceBibible<\/em>, que a\u00fan antes de tomar protesta y seguramente mal asesorada,&nbsp;<strong>Bibi B\u00e1ez<\/strong>&nbsp;ya se haya peleado con el 33 por ciento del Cabildo que presidir\u00e1, si no pasa otra cosa en los tribunales, a partir del 1 de enero pr\u00f3ximo.<\/p>\n\n\n\n<p>Ya lo dijo el fil\u00f3sofo de Ciudad Ju\u00e1rez: \u00a1pero qu\u00e9 necesidad!<\/p>\n\n\n\n<p>\u00a1Qu\u00e9 barbaridad!<\/p>\n\n\n\n<p>deprimera.mano2020@gmail.com<\/p>\n","protected":false},"excerpt":{"rendered":"<p>Omar Z\u00fa\u00f1iga De Primera Mano Pues nada\u2026, resulta que est\u00e1 de vuelta el maestro&nbsp;Esa\u00fa Valencia&nbsp;Heredia&nbsp;que sucumbi\u00f3 a las grillas internas, sobre todo de la abejita chiquitita&nbsp;Juan Javier G\u00f3mez Cazar\u00edn&nbsp;y sus amanuenses, y que tuvo que renunciar como coordinador de Comunicaci\u00f3n Social del Congreso de Veracruz (donde entr\u00f3 al relevo el entra\u00f1able&nbsp;Silverio Quevedo). La fracci\u00f3n parlamentaria [&hellip;]<\/p>\n","protected":false},"author":2,"featured_media":141427,"comment_status":"closed","ping_status":"closed","sticky":false,"template":"","format":"standard","meta":{"_jetpack_newsletter_access":"","_jetpack_dont_email_post_to_subs":false,"_jetpack_newsletter_tier_id":0,"_jetpack_memberships_contains_paywalled_content":false,"_jetpack_memberships_contains_paid_content":false,"footnotes":""},"categories":[70],"tags":[13171,5741,264],"class_list":["post-153479","post","type-post","status-publish","format-standard","has-post-thumbnail","hentry","category-de-opinion","tag-esau-valencia","tag-puente-nacional","tag-pvem"],"jetpack_featured_media_url":"https:\/\/lospoliticosveracruz.com.mx\/wp-content\/uploads\/2025\/04\/Omar-Zuniga.jpg","jetpack_sharing_enabled":true,"jetpack_shortlink":"https:\/\/wp.me\/p4Qcd3-DVt","_links":{"self":[{"href":"https:\/\/lospoliticosveracruz.com.mx\/index.php?rest_route=\/wp\/v2\/posts\/153479","targetHints":{"allow":["GET"]}}],"collection":[{"href":"https:\/\/lospoliticosveracruz.com.mx\/index.php?rest_route=\/wp\/v2\/posts"}],"about":[{"href":"https:\/\/lospoliticosveracruz.com.mx\/index.php?rest_route=\/wp\/v2\/types\/post"}],"author":[{"embeddable":true,"href":"https:\/\/lospoliticosveracruz.com.mx\/index.php?rest_route=\/wp\/v2\/users\/2"}],"replies":[{"embeddable":true,"href":"https:\/\/lospoliticosveracruz.com.mx\/index.php?rest_route=%2Fwp%2Fv2%2Fcomments&post=153479"}],"version-history":[{"count":1,"href":"https:\/\/lospoliticosveracruz.com.mx\/index.php?rest_route=\/wp\/v2\/posts\/153479\/revisions"}],"predecessor-version":[{"id":153480,"href":"https:\/\/lospoliticosveracruz.com.mx\/index.php?rest_route=\/wp\/v2\/posts\/153479\/revisions\/153480"}],"wp:featuredmedia":[{"embeddable":true,"href":"https:\/\/lospoliticosveracruz.com.mx\/index.php?rest_route=\/wp\/v2\/media\/141427"}],"wp:attachment":[{"href":"https:\/\/lospoliticosveracruz.com.mx\/index.php?rest_route=%2Fwp%2Fv2%2Fmedia&parent=153479"}],"wp:term":[{"taxonomy":"category","embeddable":true,"href":"https:\/\/lospoliticosveracruz.com.mx\/index.php?rest_route=%2Fwp%2Fv2%2Fcategories&post=153479"},{"taxonomy":"post_tag","embeddable":true,"href":"https:\/\/lospoliticosveracruz.com.mx\/index.php?rest_route=%2Fwp%2Fv2%2Ftags&post=153479"}],"curies":[{"name":"wp","href":"https:\/\/api.w.org\/{rel}","templated":true}]}}