{"id":153485,"date":"2025-09-30T08:27:30","date_gmt":"2025-09-30T13:27:30","guid":{"rendered":"https:\/\/lospoliticosveracruz.com.mx\/?p=153485"},"modified":"2025-09-30T08:27:55","modified_gmt":"2025-09-30T13:27:55","slug":"espaldarazo-de-nahle-a-cazarin","status":"publish","type":"post","link":"https:\/\/lospoliticosveracruz.com.mx\/?p=153485","title":{"rendered":"ESPALDARAZO DE NAHLE A CAZAR\u00cdN"},"content":{"rendered":"\n\n\n<p><strong>Yamiri Rodr\u00edguez Madrid<\/strong><\/p>\n\n\n\n<p><em>La vuelta a Veracruz en un\u00a0teclazo<\/em><\/p>\n\n\n\n<p>En pol\u00edtica, los respaldos pesan distinto seg\u00fan de d\u00f3nde vienen y en qu\u00e9 momento llegan. El que este lunes&nbsp;ofreci\u00f3 la gobernadora Roc\u00edo Nahle a Juan Javier G\u00f3mez&nbsp;Cazar\u00edn,&nbsp;delegado de&nbsp;Bienestar&nbsp;en&nbsp;el Estado de&nbsp;Veracruz,&nbsp;no fue un gui\u00f1o protocolario ni un cumplido de ocasi\u00f3n. Fue una se\u00f1al deliberada&nbsp;tras&nbsp;la&nbsp;grilla que quiere dictar agenda y, sin embargo, el territorio sigue mandando.<\/p>\n\n\n\n\n\n<p>No es casual&nbsp;tampoco&nbsp;que el reconocimiento ocurriera mientras G\u00f3mez&nbsp;Cazar\u00edn&nbsp;se encontraba en la Ciudad de M\u00e9xico, encabezando una brigada de Bienestar para atender a las familias de Iztapalapa afectadas por las lluvias. Hay s\u00edmbolos que no requieren demasiada explicaci\u00f3n: mientras algunos discuten en sobremesa, otros est\u00e1n con los pies en el lodo. Esa diferencia,&nbsp;la que separa la ret\u00f3rica del oficio p\u00fablico,&nbsp;es la que Nahle decidi\u00f3 subrayar.<\/p>\n\n\n\n<p>El espaldarazo tuvo dos capas. La primera, personal: \u201cEl delegado es una persona muy activa y lo est\u00e1 haciendo bastante bien\u201d, dijo la mandataria. La segunda, institucional: \u201cUn gran ej\u00e9rcito\u201d,&nbsp;as\u00ed describi\u00f3 a las y los Servidores de la Naci\u00f3n que recorren casa por casa, acercando programas y atenciones que van desde la pensi\u00f3n hasta la consulta m\u00e9dica en el hogar. En tiempos de desconfianza, poner el reflector en la operaci\u00f3n cotidiana es, en s\u00ed mismo, un acto de pol\u00edtica p\u00fablica: se reconoce lo que ocurre lejos del estrado y cerca de la gente.<\/p>\n\n\n\n<p>La pregunta relevante es por qu\u00e9 este gesto incomoda a ciertos circuitos pol\u00edticos. La respuesta: porque trastoca el libreto de la coyuntura&nbsp;y&nbsp;porque reivindica la centralidad del trabajo de campo. Las emergencias suelen poner a prueba a todos por igual, pero premian a quienes llegan primero y vuelven despu\u00e9s. Veracruz conoce esa pedagog\u00eda: inundaciones, sequ\u00edas, huracanes; el territorio no concede treguas. De ah\u00ed que la gobernadora elija destacar a quien coordina equipos que no aparecen solo en la foto de arranque, sino tambi\u00e9n en el cierre cuando toca levantar sillas.<\/p>\n\n\n\n<p>Hay, adem\u00e1s, una lectura pol\u00edtica m\u00e1s amplia. La Delegaci\u00f3n de Bienestar en Veracruz tiene dos frentes simult\u00e1neos: el de siempre,&nbsp;operar programas,&nbsp;y el de las contingencias,&nbsp;moverse a donde la l\u00ednea federal lo exige.&nbsp;La coordinaci\u00f3n entre ambos define la eficacia del Estado social que M\u00e9xico ha construido en los \u00faltimos a\u00f1os. No se sostiene en discursos, sino en cobertura, en padrones bien hechos, en visitas que no se anuncian, en diagn\u00f3sticos que se corrigen sobre la marcha. Y eso es exactamente lo que Nahle premia cuando habla de resultados \u201cvisibles\u201d.<\/p>\n\n\n\n<p>El contraste con la grilla es inevitable. La pol\u00edtica menuda, esa que confunde el rumor con la agenda y el tuit con la rendici\u00f3n de cuentas, suele mirar con recelo a los perfiles que acumulan horas de vuelo en territorio. No porque sean impolutos, sino porque su m\u00e9trica de \u00e9xito no depende de la pol\u00e9mica del d\u00eda, sino de indicadores prosaicos: cu\u00e1ntas tarjetas se entregaron, cu\u00e1ntas consultas se realizaron, cu\u00e1ntos hogares quedaron censados despu\u00e9s de una lluvia. La grilla se alimenta de adjetivos; el territorio, de verbos.<\/p>\n\n\n\n<p>El reconocimiento a G\u00f3mez&nbsp;Cazar\u00edn, entonces, dice algo m\u00e1s que \u201cah\u00ed vamos bien\u201d. Dice que, en la ecuaci\u00f3n del gobierno estatal, la prioridad es la eficacia antes que la estridencia. Y lanza un mensaje hacia dentro y hacia fuera. Hacia dentro: los equipos que producen resultados \u2014y se hacen cargo cuando la realidad aprieta\u2014 tendr\u00e1n respaldo p\u00fablico. Hacia fuera: el debate pol\u00edtico es bienvenido, pero no sustituir\u00e1 el trabajo; podr\u00e1 amplificarlo o cuestionarlo, nunca reemplazarlo.<\/p>\n\n\n\n<p>En el recuento de este episodio, que cada quien elija su \u00e1ngulo: el de la consigna o el de la bit\u00e1cora de campo. La gobernadora ya eligi\u00f3.&nbsp;Y ese, al final, es el sentido del espaldarazo: recordar que la legitimidad no nace del ruido, sino de la respuesta.&nbsp;<\/p>\n\n\n\n<p>@YamiriRodriguez<\/p>\n","protected":false},"excerpt":{"rendered":"<p>Yamiri Rodr\u00edguez Madrid La vuelta a Veracruz en un\u00a0teclazo En pol\u00edtica, los respaldos pesan distinto seg\u00fan de d\u00f3nde vienen y en qu\u00e9 momento llegan. El que este lunes&nbsp;ofreci\u00f3 la gobernadora Roc\u00edo Nahle a Juan Javier G\u00f3mez&nbsp;Cazar\u00edn,&nbsp;delegado de&nbsp;Bienestar&nbsp;en&nbsp;el Estado de&nbsp;Veracruz,&nbsp;no fue un gui\u00f1o protocolario ni un cumplido de ocasi\u00f3n. Fue una se\u00f1al deliberada&nbsp;tras&nbsp;la&nbsp;grilla que quiere dictar [&hellip;]<\/p>\n","protected":false},"author":2,"featured_media":141413,"comment_status":"closed","ping_status":"closed","sticky":false,"template":"","format":"standard","meta":{"_jetpack_newsletter_access":"","_jetpack_dont_email_post_to_subs":false,"_jetpack_newsletter_tier_id":0,"_jetpack_memberships_contains_paywalled_content":false,"_jetpack_memberships_contains_paid_content":false,"footnotes":""},"categories":[70],"tags":[12695,1026,3578,195],"class_list":["post-153485","post","type-post","status-publish","format-standard","has-post-thumbnail","hentry","category-de-opinion","tag-juan-javier-gomez-cazarin","tag-morena","tag-rocio-nahle","tag-veracruz"],"jetpack_featured_media_url":"https:\/\/lospoliticosveracruz.com.mx\/wp-content\/uploads\/2025\/04\/Yamiri-Rodriguez-Madrid.jpg","jetpack_sharing_enabled":true,"jetpack_shortlink":"https:\/\/wp.me\/p4Qcd3-DVz","_links":{"self":[{"href":"https:\/\/lospoliticosveracruz.com.mx\/index.php?rest_route=\/wp\/v2\/posts\/153485","targetHints":{"allow":["GET"]}}],"collection":[{"href":"https:\/\/lospoliticosveracruz.com.mx\/index.php?rest_route=\/wp\/v2\/posts"}],"about":[{"href":"https:\/\/lospoliticosveracruz.com.mx\/index.php?rest_route=\/wp\/v2\/types\/post"}],"author":[{"embeddable":true,"href":"https:\/\/lospoliticosveracruz.com.mx\/index.php?rest_route=\/wp\/v2\/users\/2"}],"replies":[{"embeddable":true,"href":"https:\/\/lospoliticosveracruz.com.mx\/index.php?rest_route=%2Fwp%2Fv2%2Fcomments&post=153485"}],"version-history":[{"count":1,"href":"https:\/\/lospoliticosveracruz.com.mx\/index.php?rest_route=\/wp\/v2\/posts\/153485\/revisions"}],"predecessor-version":[{"id":153486,"href":"https:\/\/lospoliticosveracruz.com.mx\/index.php?rest_route=\/wp\/v2\/posts\/153485\/revisions\/153486"}],"wp:featuredmedia":[{"embeddable":true,"href":"https:\/\/lospoliticosveracruz.com.mx\/index.php?rest_route=\/wp\/v2\/media\/141413"}],"wp:attachment":[{"href":"https:\/\/lospoliticosveracruz.com.mx\/index.php?rest_route=%2Fwp%2Fv2%2Fmedia&parent=153485"}],"wp:term":[{"taxonomy":"category","embeddable":true,"href":"https:\/\/lospoliticosveracruz.com.mx\/index.php?rest_route=%2Fwp%2Fv2%2Fcategories&post=153485"},{"taxonomy":"post_tag","embeddable":true,"href":"https:\/\/lospoliticosveracruz.com.mx\/index.php?rest_route=%2Fwp%2Fv2%2Ftags&post=153485"}],"curies":[{"name":"wp","href":"https:\/\/api.w.org\/{rel}","templated":true}]}}