{"id":153550,"date":"2025-10-01T07:25:53","date_gmt":"2025-10-01T12:25:53","guid":{"rendered":"https:\/\/lospoliticosveracruz.com.mx\/?p=153550"},"modified":"2025-10-01T07:26:13","modified_gmt":"2025-10-01T12:26:13","slug":"la-red-de-silem","status":"publish","type":"post","link":"https:\/\/lospoliticosveracruz.com.mx\/?p=153550","title":{"rendered":"LA RED DE SILEM"},"content":{"rendered":"\n\n\n<p><br><strong>Omar Z\u00fa\u00f1iga<\/strong><\/p>\n\n\n\n<p><em>De Primera Mano<\/em> <\/p>\n\n\n\n<p>En el&nbsp;no tan&nbsp;lejano enero de 2022, en los albores de la administraci\u00f3n municipal de Xalapa,&nbsp;durante&nbsp;el primer recorrido del hoy alcalde con licencia&nbsp;<strong>Ricardo Ahued Bardahuil<\/strong>,&nbsp;en el&nbsp;banderazo&nbsp;de inicio de&nbsp;obra&nbsp;en&nbsp;la popular colonia Revoluci\u00f3n, se apareci\u00f3 un personaje ataviado con miles de pesos encima (literalmente),&nbsp;entre ellos un par de zapatos Gucci&nbsp;con valor de unos 20&nbsp;mil pesos.<\/p>\n\n\n\n<p>En ese momento se cuestion\u00f3 fuertemente la presencia de ese personaje, pues se mencion\u00f3 el&nbsp;\u201cflaco favor&nbsp;que&nbsp;le hace al alcalde\u201d.<\/p>\n\n\n\n\n\n<p>El personaje de referencia es&nbsp;<strong>Silem Garc\u00eda Pe\u00f1a<\/strong>, hoy pr\u00f3fugo de la justicia de los Estados Unidos, con una orden de aprehensi\u00f3n internacional girada por&nbsp;un juez del distrito&nbsp;sur&nbsp;de Nueva York, por los delitos de&nbsp;<strong>crimen organizado<\/strong>,&nbsp;<strong>tr\u00e1fico&nbsp;<\/strong><strong>sexual<\/strong>&nbsp;y&nbsp;<strong>explotaci\u00f3n infantil<\/strong>.<\/p>\n\n\n\n<p>\u201cSu figura como vocero de la congregaci\u00f3n le habr\u00eda permitido reforzar la estructura de encubrimiento y reclutamiento de v\u00edctimas. Por este motivo, las autoridades insisten en su captura y extradici\u00f3n para que sea procesado en Nueva York\u201d, al igual que&nbsp;su primo,&nbsp;<strong>Naas\u00f3n Joaqu\u00edn<\/strong>.<\/p>\n\n\n\n<p><strong>Silem<\/strong>&nbsp;fue por muchos a\u00f1os vocero de La Luz del Mundo,&nbsp;f\u00e9rreo defensor del&nbsp;autoproclamado \u201cap\u00f3stol\u201d&nbsp;de esa&nbsp;congregaci\u00f3n, sentenciado&nbsp;a 16 a\u00f1os&nbsp;por violaci\u00f3n&nbsp;y abuso de menores&nbsp;en&nbsp;el distrito de&nbsp;Los \u00c1ngeles,&nbsp;California,&nbsp;<strong>Naas\u00f3n Joaqu\u00edn<\/strong><strong>Garc\u00eda<\/strong>, trasladado a Nueva York donde tiene otros procesos abiertos&nbsp;por delitos federales.<\/p>\n\n\n\n<p>El estado de Illinois, fue&nbsp;otro&nbsp;escenario de&nbsp;esta trama: ah\u00ed se realiz\u00f3 un&nbsp;operativo contra&nbsp;<strong>Joram N\u00fa\u00f1ez Joaqu\u00edn<\/strong>, otro&nbsp;primo de&nbsp;<strong>Silem Garc\u00eda Pe\u00f1a<\/strong>,&nbsp;tambi\u00e9n&nbsp;pastor&nbsp;de&nbsp;La Luz del Mundo, quien durante a\u00f1os ocult\u00f3 una red de trata sexual al amparo de su actividad religiosa.<\/p>\n\n\n\n<p>Este nuevo golpe contra la red que en Estados Unidos enfrenta el grave delito de \u00abConspiraci\u00f3n de Crimen Organizado\u00bb, fue difundido por&nbsp;<strong>Natalia Girard<\/strong>, titular del noticiero estelar de la cadena Univisi\u00f3n Chicago, quien dijo que todos los acusados en el caso de Naas\u00f3n,&nbsp;est\u00e1n en la misma imputaci\u00f3n que pesa contra&nbsp;<strong>Joram N\u00fa\u00f1ez Joaqu\u00edn<\/strong>, en el que tanbi\u00e9n estar\u00eda incluido&nbsp;<strong>Silem Garc\u00eda Pe\u00f1a<\/strong>.<\/p>\n\n\n\n<p>En este contexo, algunas versiones han revelado un probable&nbsp;cateo,&nbsp;coordinado por&nbsp;el mism\u00edsimo secretario de Seguridad federal,&nbsp;<strong>Omar Garc\u00eda Harfuch<\/strong>,&nbsp;en&nbsp;una propiedad de&nbsp;Garc\u00eda Pe\u00f1a, en la que habr\u00edan encontrado documentos que confirman&nbsp;los probables&nbsp;v\u00ednculos que teji\u00f3&nbsp;<strong>Silem<\/strong>&nbsp;con connotados pol\u00edticos veracruzanos.&nbsp;<\/p>\n\n\n\n<p>Lo que coincide con lo publicado en diferentes&nbsp;medios nacionales y estatales, sobre la red que teji\u00f3&nbsp;<strong>Garc\u00eda Pe\u00f1a<\/strong>, en su pretendida idea de que fuera su red de apoyo y salvamento, que el mismo vocero hoy pr\u00f3fugo de la justicia estadunidense, se encargaba de propagar, a trav\u00e9s de sus redes sociales,&nbsp;en&nbsp;su c\u00edrculo cercano&nbsp;y a todo aquel que pod\u00eda,&nbsp;a&nbsp;trav\u00e9s de compadrazgos con diversos actores de la pol\u00edtica jarocha como los&nbsp;exsecretarios de&nbsp;Gobierno&nbsp;<strong>Reynaldo Escobar P\u00e9rez<\/strong>&nbsp;(+),&nbsp;<strong>Erick Lagos Hern\u00e1ndez<\/strong>,&nbsp;el mismo&nbsp;<strong>Eric Patrocinio Cisneros Burgos<\/strong>&nbsp;y el actual titular de esa dependencia.<\/p>\n\n\n\n<p>En esa red de compadrazgos se encuentran&nbsp;otros ex alcaldes como&nbsp;<strong>David Velasco Chedraui<\/strong>, adem\u00e1s de figuras&nbsp;que tuvieron su relevancia&nbsp;como&nbsp;losexdiputados, exfuncionarios estatales de primer nivel y&nbsp;expresidentes del CDE del PRI&nbsp;<strong>Jorge Car<\/strong><strong>v<\/strong><strong>allo Delf\u00edn<\/strong>&nbsp;y&nbsp;<strong>Adolfo Mota Hern\u00e1ndez<\/strong>.&nbsp;<\/p>\n\n\n\n<p>Todo esto difundido en su momento por el propio&nbsp;<strong>Silem Garc\u00eda<\/strong>.<\/p>\n\n\n\n<p>En otros niveles,&nbsp;tambi\u00e9n se le vincula con l\u00edderes nacionales del Partido Verde, Movimiento Ciudadano y&nbsp;el mismo&nbsp;Morena,&nbsp;partidos&nbsp;pol\u00edticos&nbsp;por los que&nbsp;el mismo Silem fue regidor y candidato a diputado local.<\/p>\n\n\n\n<p>Ha trascendido tambi\u00e9n que entre las propiedades de Silem se encuentra una residencia en el Fraccionamieno m\u00e1s caro y exclusivo de Xalapa, Residencial El Lago, que presumiblemente se us\u00f3 como casa de seguridad, incluso versiones no confirmadas&nbsp;aseguran&nbsp;que en ese lugar recib\u00eda a su primo,&nbsp;<strong>Joaqu\u00edn Naas\u00f3n<\/strong><strong>&nbsp;Garc\u00eda<\/strong>.<\/p>\n\n\n\n<p>P\u00fablicamente, su esposa,&nbsp;<strong>Zabdy Asmaveth Quesada<\/strong>&nbsp;ha rechazado declarar&nbsp;al respecto.<\/p>\n\n\n\n<p><strong>Silem Garc\u00eda Pe\u00f1a<\/strong>&nbsp;es pr\u00f3fugo de la justicia estadunidense, con una ficha roja de la Interpol que permite&nbsp;a la mayor orgnizaci\u00f3n policial del mundo&nbsp;buscarlo&nbsp;en&nbsp;196 pa\u00edses.<\/p>\n\n\n\n<p>Fuentes cercanas a la investigaci\u00f3n aseguran que la detenci\u00f3n de quien fuera el vocero de la Luz del Mundo, es cuesti\u00f3n de d\u00edas.<\/p>\n\n\n\n<p>\u00a1Qu\u00e9 barbaridad!<\/p>\n\n\n\n<p>deprimeramano2020@gmail.com<\/p>\n","protected":false},"excerpt":{"rendered":"<p>Omar Z\u00fa\u00f1iga De Primera Mano En el&nbsp;no tan&nbsp;lejano enero de 2022, en los albores de la administraci\u00f3n municipal de Xalapa,&nbsp;durante&nbsp;el primer recorrido del hoy alcalde con licencia&nbsp;Ricardo Ahued Bardahuil,&nbsp;en el&nbsp;banderazo&nbsp;de inicio de&nbsp;obra&nbsp;en&nbsp;la popular colonia Revoluci\u00f3n, se apareci\u00f3 un personaje ataviado con miles de pesos encima (literalmente),&nbsp;entre ellos un par de zapatos Gucci&nbsp;con valor de unos [&hellip;]<\/p>\n","protected":false},"author":2,"featured_media":141427,"comment_status":"closed","ping_status":"closed","sticky":false,"template":"","format":"standard","meta":{"_jetpack_newsletter_access":"","_jetpack_dont_email_post_to_subs":false,"_jetpack_newsletter_tier_id":0,"_jetpack_memberships_contains_paywalled_content":false,"_jetpack_memberships_contains_paid_content":false,"footnotes":""},"categories":[70],"tags":[4794,3141,876,248,195],"class_list":["post-153550","post","type-post","status-publish","format-standard","has-post-thumbnail","hentry","category-de-opinion","tag-la-luz-del-mundo","tag-naason-joaquin-garcia","tag-ricardo-ahued","tag-silem-garcia-pena","tag-veracruz"],"jetpack_featured_media_url":"https:\/\/lospoliticosveracruz.com.mx\/wp-content\/uploads\/2025\/04\/Omar-Zuniga.jpg","jetpack_sharing_enabled":true,"jetpack_shortlink":"https:\/\/wp.me\/p4Qcd3-DWC","_links":{"self":[{"href":"https:\/\/lospoliticosveracruz.com.mx\/index.php?rest_route=\/wp\/v2\/posts\/153550","targetHints":{"allow":["GET"]}}],"collection":[{"href":"https:\/\/lospoliticosveracruz.com.mx\/index.php?rest_route=\/wp\/v2\/posts"}],"about":[{"href":"https:\/\/lospoliticosveracruz.com.mx\/index.php?rest_route=\/wp\/v2\/types\/post"}],"author":[{"embeddable":true,"href":"https:\/\/lospoliticosveracruz.com.mx\/index.php?rest_route=\/wp\/v2\/users\/2"}],"replies":[{"embeddable":true,"href":"https:\/\/lospoliticosveracruz.com.mx\/index.php?rest_route=%2Fwp%2Fv2%2Fcomments&post=153550"}],"version-history":[{"count":1,"href":"https:\/\/lospoliticosveracruz.com.mx\/index.php?rest_route=\/wp\/v2\/posts\/153550\/revisions"}],"predecessor-version":[{"id":153551,"href":"https:\/\/lospoliticosveracruz.com.mx\/index.php?rest_route=\/wp\/v2\/posts\/153550\/revisions\/153551"}],"wp:featuredmedia":[{"embeddable":true,"href":"https:\/\/lospoliticosveracruz.com.mx\/index.php?rest_route=\/wp\/v2\/media\/141427"}],"wp:attachment":[{"href":"https:\/\/lospoliticosveracruz.com.mx\/index.php?rest_route=%2Fwp%2Fv2%2Fmedia&parent=153550"}],"wp:term":[{"taxonomy":"category","embeddable":true,"href":"https:\/\/lospoliticosveracruz.com.mx\/index.php?rest_route=%2Fwp%2Fv2%2Fcategories&post=153550"},{"taxonomy":"post_tag","embeddable":true,"href":"https:\/\/lospoliticosveracruz.com.mx\/index.php?rest_route=%2Fwp%2Fv2%2Ftags&post=153550"}],"curies":[{"name":"wp","href":"https:\/\/api.w.org\/{rel}","templated":true}]}}