{"id":153558,"date":"2025-10-01T08:20:35","date_gmt":"2025-10-01T13:20:35","guid":{"rendered":"https:\/\/lospoliticosveracruz.com.mx\/?p=153558"},"modified":"2025-10-01T08:20:58","modified_gmt":"2025-10-01T13:20:58","slug":"crisis-en-ciernes-en-rtv","status":"publish","type":"post","link":"https:\/\/lospoliticosveracruz.com.mx\/?p=153558","title":{"rendered":"CRISIS EN CIERNES EN RTV"},"content":{"rendered":"\n\n\n<p><strong>Yamiri Rodr\u00edguez Madrid<\/strong><\/p>\n\n\n\n<p><em>La vuelta a Veracruz en un teclazo<\/em><\/p>\n\n\n\n<p>Como credo, las y los pol\u00edticos deber\u00edan aprenderse que las crisis son espont\u00e1neas o inducidas. &nbsp;Espont\u00e1neas,&nbsp;como un desastre natural o una epidemia como el Covid; inducidas por una mano que intenta mecer la cuna o bien, por el descuido. En este rubro hay tres tipos de crisis: de poder, econ\u00f3micas y sexuales, las m\u00e1s frecuentes, por cierto.<\/p>\n\n\n\n\n\n<p>Los tiempos, para bien o para mal, han cambiado y eso obliga a que su capacidad de respuesta est\u00e9 siempre en alerta; el minimizar los hechos, la indiferencia ante un tema de esta naturaleza, puede tener el mismo efecto que una gripa mal atendida: se puede convertir en pulmon\u00eda.<\/p>\n\n\n\n<p>Esto viene a colaci\u00f3n porque desde hace meses&nbsp;varias trabajadoras&nbsp;de Radio Televisi\u00f3n de Veracruz (RTV),&nbsp;han&nbsp;interpuesto&nbsp;denuncias de acoso&nbsp;ante&nbsp;la unidad de g\u00e9nero: acoso laboral y una sexual de tres subdirectores. Seg\u00fan se explica, en el caso del \u00e1rea de Noticias y en el Administrativo, los presuntos casos son&nbsp;solo&nbsp;laborales, mientras que en operaciones se habla&nbsp;incluso&nbsp;de un tema&nbsp;de acoso&nbsp;sexual, pero en ninguno de los casos el director,&nbsp;Esteban Sosa Ben\u00edtez ha siquiera puesto atenci\u00f3n, minimizando, dicen, las quejas interpuestas.<\/p>\n\n\n\n<p>Eso ha valido que, a decir de las&nbsp;afectadas,&nbsp;vali\u00e9ndose de&nbsp;su superioridad jer\u00e1rquica, las&nbsp;tengan bajo amenazas de que, si van y denuncian penalmente, las van a correr. El tema, insisto, no es menor, porque como mencionaba al principio, si no se pone atenci\u00f3n a estos focos rojos que tienen prendidos, se pueden tornar en una crisis no solo para el medio estatal, sino que puede salpicar a la administraci\u00f3n estatal y eso, va contra el discurso y las acciones que, la primera gobernadora de Veracruz, Roc\u00edo Nahle, ha emprendido desde su triunfo.&nbsp;Eso debe saberlo bien el director de RTV, quien tiene experiencia en Comunicaci\u00f3n Estrat\u00e9gica.<\/p>\n\n\n\n<p>Hace apenas unos d\u00edas la excontralora del estado en tiempos de Cuitl\u00e1huac Garc\u00eda, Mercedes Santoyo, declar\u00f3 que le toc\u00f3 investigar 170 denuncias por presunto acoso laboral y sexual. &nbsp;Lo m\u00e1s escandaloso no es el n\u00famero que declar\u00f3, sino que, de ese universo, solo hubo un pu\u00f1ado de funcionarios menores sancionados. &nbsp; Que no se conf\u00eden en que correr\u00e1n la misma suerte.<\/p>\n\n\n\n<p>@YamiriRodriguez<\/p>\n","protected":false},"excerpt":{"rendered":"<p>Yamiri Rodr\u00edguez Madrid La vuelta a Veracruz en un teclazo Como credo, las y los pol\u00edticos deber\u00edan aprenderse que las crisis son espont\u00e1neas o inducidas. &nbsp;Espont\u00e1neas,&nbsp;como un desastre natural o una epidemia como el Covid; inducidas por una mano que intenta mecer la cuna o bien, por el descuido. En este rubro hay tres tipos [&hellip;]<\/p>\n","protected":false},"author":2,"featured_media":141413,"comment_status":"closed","ping_status":"closed","sticky":false,"template":"","format":"standard","meta":{"_jetpack_newsletter_access":"","_jetpack_dont_email_post_to_subs":false,"_jetpack_newsletter_tier_id":0,"_jetpack_memberships_contains_paywalled_content":false,"_jetpack_memberships_contains_paid_content":false,"footnotes":""},"categories":[70],"tags":[1026,647,195],"class_list":["post-153558","post","type-post","status-publish","format-standard","has-post-thumbnail","hentry","category-de-opinion","tag-morena","tag-rtv","tag-veracruz"],"jetpack_featured_media_url":"https:\/\/lospoliticosveracruz.com.mx\/wp-content\/uploads\/2025\/04\/Yamiri-Rodriguez-Madrid.jpg","jetpack_sharing_enabled":true,"jetpack_shortlink":"https:\/\/wp.me\/p4Qcd3-DWK","_links":{"self":[{"href":"https:\/\/lospoliticosveracruz.com.mx\/index.php?rest_route=\/wp\/v2\/posts\/153558","targetHints":{"allow":["GET"]}}],"collection":[{"href":"https:\/\/lospoliticosveracruz.com.mx\/index.php?rest_route=\/wp\/v2\/posts"}],"about":[{"href":"https:\/\/lospoliticosveracruz.com.mx\/index.php?rest_route=\/wp\/v2\/types\/post"}],"author":[{"embeddable":true,"href":"https:\/\/lospoliticosveracruz.com.mx\/index.php?rest_route=\/wp\/v2\/users\/2"}],"replies":[{"embeddable":true,"href":"https:\/\/lospoliticosveracruz.com.mx\/index.php?rest_route=%2Fwp%2Fv2%2Fcomments&post=153558"}],"version-history":[{"count":2,"href":"https:\/\/lospoliticosveracruz.com.mx\/index.php?rest_route=\/wp\/v2\/posts\/153558\/revisions"}],"predecessor-version":[{"id":153560,"href":"https:\/\/lospoliticosveracruz.com.mx\/index.php?rest_route=\/wp\/v2\/posts\/153558\/revisions\/153560"}],"wp:featuredmedia":[{"embeddable":true,"href":"https:\/\/lospoliticosveracruz.com.mx\/index.php?rest_route=\/wp\/v2\/media\/141413"}],"wp:attachment":[{"href":"https:\/\/lospoliticosveracruz.com.mx\/index.php?rest_route=%2Fwp%2Fv2%2Fmedia&parent=153558"}],"wp:term":[{"taxonomy":"category","embeddable":true,"href":"https:\/\/lospoliticosveracruz.com.mx\/index.php?rest_route=%2Fwp%2Fv2%2Fcategories&post=153558"},{"taxonomy":"post_tag","embeddable":true,"href":"https:\/\/lospoliticosveracruz.com.mx\/index.php?rest_route=%2Fwp%2Fv2%2Ftags&post=153558"}],"curies":[{"name":"wp","href":"https:\/\/api.w.org\/{rel}","templated":true}]}}