{"id":153616,"date":"2025-10-01T20:02:41","date_gmt":"2025-10-02T01:02:41","guid":{"rendered":"https:\/\/lospoliticosveracruz.com.mx\/?p=153616"},"modified":"2025-10-01T20:02:53","modified_gmt":"2025-10-02T01:02:53","slug":"el-piratita","status":"publish","type":"post","link":"https:\/\/lospoliticosveracruz.com.mx\/?p=153616","title":{"rendered":"EL PIRATITA!"},"content":{"rendered":"\n\n\n<p><br>El&nbsp;<strong>Presidente Municipal de Boca del R\u00edo, Juan Manuel Un\u00e1nue Abascal<\/strong>, inaugur\u00f3 la nueva cancha de f\u00fatbol con pasto sint\u00e9tico en el&nbsp;<strong>Centro de Bachillerato Tecnol\u00f3gico Industrial y de Servicios (CBTIS) 79<\/strong>, en el marco de las actividades por el&nbsp;<strong>50 aniversario<\/strong>&nbsp;de esta instituci\u00f3n educativa.<\/p>\n\n\n\n\n\n<p>\u201cEl mejor homenaje al&nbsp;<strong>CBTis 79<\/strong>&nbsp;por su 50 aniversario son las obras de estos cuatro a\u00f1os: el domo, la pavimentaci\u00f3n de la calle&nbsp;<strong>Mois\u00e9s S\u00e1enz<\/strong>&nbsp;y la nueva cancha de f\u00fatbol, que mejoran la experiencia educativa de estudiantes y docentes. Me dio mucho gusto reconocer a toda su comunidad educativa, que mantiene a esta escuela como un referente de esfuerzo y educaci\u00f3n. \u00a1Muchas felicidades al&nbsp;<strong>CBTis 79<\/strong>!\u201d, expres\u00f3 el alcalde.<\/p>\n\n\n\n<p>Cabe destacar que el&nbsp;<strong>CBTIS 79<\/strong>&nbsp;es la instituci\u00f3n con mayor matr\u00edcula en la ciudad de&nbsp;<strong>Boca del R\u00edo<\/strong>&nbsp;y la m\u00e1s grande del estado de&nbsp;<strong>Veracruz<\/strong>, beneficiando a m\u00e1s de 3 mil alumnos, as\u00ed como a personal administrativo y padres de familia.<\/p>\n\n\n\n<p>En la nueva cancha se colocaron m\u00e1s de 3 mil metros cuadrados de pasto sint\u00e9tico, se instalaron 2 porter\u00edas, 2 bancas deportivas y m\u00e1s de 30 tubos; adem\u00e1s, se colocaron m\u00e1s de 160 metros lineales de malla atrapa balones reforzada, junto con otras acciones necesarias para su construcci\u00f3n.<\/p>\n\n\n\n<p><strong>Un\u00e1nue Abascal<\/strong>&nbsp;record\u00f3 que durante su administraci\u00f3n tambi\u00e9n se invirtieron recursos para la construcci\u00f3n de un domo \u2014el de mayor dimensi\u00f3n en cualquier escuela\u2014, as\u00ed como la rehabilitaci\u00f3n con concreto asf\u00e1ltico de la calle&nbsp;<strong>Mois\u00e9s S\u00e1enz<\/strong>, donde se intervinieron m\u00e1s de 6 mil metros cuadrados en beneficio de la vialidad a las afueras del plantel.<\/p>\n\n\n\n<p>Como muestra de agradecimiento, la comunidad educativa entreg\u00f3 un reconocimiento al alcalde por sus aportaciones al emblem\u00e1tico&nbsp;<strong>CBTIS 79<\/strong>.<\/p>\n\n\n\n<p>El&nbsp;<strong>Presidente Municipal<\/strong>&nbsp;enfatiz\u00f3 que desde el inicio de su administraci\u00f3n ha trabajado en apoyo a la educaci\u00f3n, donando a las escuelas p\u00fablicas del municipio aires acondicionados, equipos de c\u00f3mputo y en algunos casos, domos y rehabilitaciones.<\/p>\n\n\n\n<p>Finalmente,&nbsp;<strong>Un\u00e1nue Abascal<\/strong>&nbsp;fue recibido con gran cari\u00f1o por la comunidad estudiantil en este importante aniversario, refrendando su compromiso con la educaci\u00f3n y la juventud boque\u00f1a.<\/p>\n\n\n\n<p><\/p>\n","protected":false},"excerpt":{"rendered":"<p>El&nbsp;Presidente Municipal de Boca del R\u00edo, Juan Manuel Un\u00e1nue Abascal, inaugur\u00f3 la nueva cancha de f\u00fatbol con pasto sint\u00e9tico en el&nbsp;Centro de Bachillerato Tecnol\u00f3gico Industrial y de Servicios (CBTIS) 79, en el marco de las actividades por el&nbsp;50 aniversario&nbsp;de esta instituci\u00f3n educativa. \u201cEl mejor homenaje al&nbsp;CBTis 79&nbsp;por su 50 aniversario son las obras de estos [&hellip;]<\/p>\n","protected":false},"author":2,"featured_media":153617,"comment_status":"closed","ping_status":"closed","sticky":false,"template":"","format":"standard","meta":{"_jetpack_newsletter_access":"","_jetpack_dont_email_post_to_subs":false,"_jetpack_newsletter_tier_id":0,"_jetpack_memberships_contains_paywalled_content":false,"_jetpack_memberships_contains_paid_content":false,"footnotes":""},"categories":[73],"tags":[46151,46154,12535],"class_list":["post-153616","post","type-post","status-publish","format-standard","has-post-thumbnail","hentry","category-de-boleto","tag-cbtis-79-veracruz","tag-infraestructura-escolar-veracruz","tag-juan-manuel-unanue-abascal"],"jetpack_featured_media_url":"https:\/\/lospoliticosveracruz.com.mx\/wp-content\/uploads\/2025\/10\/IMG_9476.jpeg","jetpack_sharing_enabled":true,"jetpack_shortlink":"https:\/\/wp.me\/p4Qcd3-DXG","_links":{"self":[{"href":"https:\/\/lospoliticosveracruz.com.mx\/index.php?rest_route=\/wp\/v2\/posts\/153616","targetHints":{"allow":["GET"]}}],"collection":[{"href":"https:\/\/lospoliticosveracruz.com.mx\/index.php?rest_route=\/wp\/v2\/posts"}],"about":[{"href":"https:\/\/lospoliticosveracruz.com.mx\/index.php?rest_route=\/wp\/v2\/types\/post"}],"author":[{"embeddable":true,"href":"https:\/\/lospoliticosveracruz.com.mx\/index.php?rest_route=\/wp\/v2\/users\/2"}],"replies":[{"embeddable":true,"href":"https:\/\/lospoliticosveracruz.com.mx\/index.php?rest_route=%2Fwp%2Fv2%2Fcomments&post=153616"}],"version-history":[{"count":1,"href":"https:\/\/lospoliticosveracruz.com.mx\/index.php?rest_route=\/wp\/v2\/posts\/153616\/revisions"}],"predecessor-version":[{"id":153618,"href":"https:\/\/lospoliticosveracruz.com.mx\/index.php?rest_route=\/wp\/v2\/posts\/153616\/revisions\/153618"}],"wp:featuredmedia":[{"embeddable":true,"href":"https:\/\/lospoliticosveracruz.com.mx\/index.php?rest_route=\/wp\/v2\/media\/153617"}],"wp:attachment":[{"href":"https:\/\/lospoliticosveracruz.com.mx\/index.php?rest_route=%2Fwp%2Fv2%2Fmedia&parent=153616"}],"wp:term":[{"taxonomy":"category","embeddable":true,"href":"https:\/\/lospoliticosveracruz.com.mx\/index.php?rest_route=%2Fwp%2Fv2%2Fcategories&post=153616"},{"taxonomy":"post_tag","embeddable":true,"href":"https:\/\/lospoliticosveracruz.com.mx\/index.php?rest_route=%2Fwp%2Fv2%2Ftags&post=153616"}],"curies":[{"name":"wp","href":"https:\/\/api.w.org\/{rel}","templated":true}]}}