{"id":153620,"date":"2025-10-01T20:55:07","date_gmt":"2025-10-02T01:55:07","guid":{"rendered":"https:\/\/lospoliticosveracruz.com.mx\/?p=153620"},"modified":"2025-10-01T20:56:17","modified_gmt":"2025-10-02T01:56:17","slug":"revocacion-de-mandato-4","status":"publish","type":"post","link":"https:\/\/lospoliticosveracruz.com.mx\/?p=153620","title":{"rendered":"REVOCACI\u00d3N DE MANDATO"},"content":{"rendered":"\n<p><\/p>\n\n\n\n\n\n<p><strong>Rub\u00e9n Morales Aburto<\/strong><\/p>\n\n\n\n<p><em>El Poder y La Pasi\u00f3n<\/em><\/p>\n\n\n\n<p><strong>Marijose Gamboa va<\/strong><\/p>\n\n\n\n<p>Ya la&nbsp;<strong>Sala Regional del Tribunal Electoral del Poder Judicial de la Federaci\u00f3n<\/strong>&nbsp;se sabe ratificar\u00e1 el triunfo de la candidata del&nbsp;<strong>PAN<\/strong>&nbsp;a la alcald\u00eda de&nbsp;<strong>Boca del R\u00edo, Ver.<\/strong>,&nbsp;<strong>Marijose Gamboa<\/strong>. La perdedora y diputada local de&nbsp;<strong>MORENA<\/strong>,&nbsp;<strong>Bertha Ahued Malpica<\/strong>, dice que no es que est\u00e9 aferrada, porque no est\u00e1 aferrada, ella dice que s\u00ed est\u00e1 aferrada a defender el voto de los boque\u00f1os, porque ya estuvo bueno de que siempre lo mismo, lo mismo, estuve a muy poquitos votos de ganar. Punto.<\/p>\n\n\n\n\n\n<p><strong>Es m\u00e1s<\/strong><\/p>\n\n\n\n<p>Los magistrados decretaron ya la improcedencia de los agravios expuestos por el partido&nbsp;<strong>Morena<\/strong>, pues no hubo rebase de topes de gastos de campa\u00f1a, no existieron violaciones dentro del proceso que impactaran en la votaci\u00f3n y no lograron acreditar ninguna causal de nulidad. Punto.<\/p>\n\n\n\n<p><strong>Peeeeeerooooo<\/strong><\/p>\n\n\n\n<p>Dice, dice la guapa diputada local de&nbsp;<strong>MORENA<\/strong>,&nbsp;<strong>Bertha Ahued<\/strong>, que s\u00ed impugnara la resoluci\u00f3n de la&nbsp;<strong>Sala Regional del TEPJF<\/strong>.<\/p>\n\n\n\n<p><strong>Reveriano Mar\u00edn asegura queeeee<\/strong><\/p>\n\n\n\n<p>El&nbsp;<strong>Congreso de Veracruz<\/strong>&nbsp;est\u00e1 por buscar proteger a los maestros de denuncias falsas y garantizar que tengan un medio de defensa en caso de ser se\u00f1alados injustamente. Con justa raz\u00f3n.<\/p>\n\n\n\n<p><strong>San Jer\u00f3nimo se vivi\u00f3 al tope<\/strong><\/p>\n\n\n\n<p>Con la tradicional bajada de los arcos, que hacen a\u00f1o con a\u00f1o en los barrios coatepecanos, ese fue un real y gran momento lleno de tradici\u00f3n, identidad y espiritualidad que da vida al coraz\u00f3n de&nbsp;<strong>Coatepec, Ver.<\/strong><\/p>\n\n\n\n<p><strong>\u00bfCu\u00e1ntas m\u00e1s?, \u00bfCu\u00e1ntas m\u00e1s?\u2026<\/strong><\/p>\n\n\n\n<p>Ya cansados de ser ignorados los padres y madres de familia bloquean la avenida&nbsp;<strong>Antonio Chedrahui Caram<\/strong>, para solicitar dos maestros de la telesecundaria&nbsp;<strong>\u201cJos\u00e9 Vasconcelos\u201d<\/strong>&nbsp;de&nbsp;<strong>El Castillo, Ver.<\/strong><\/p>\n\n\n\n<p><strong>Ajustes en el CONALEP<\/strong><\/p>\n\n\n\n<p>Se llama&nbsp;<strong>Miguel Hern\u00e1ndez Linares<\/strong>&nbsp;quien es ya el nuevo Director del&nbsp;<strong>Colegio Nacional de Educaci\u00f3n Profesional T\u00e9cnica (CONALEP)<\/strong>, sustituye a&nbsp;<strong>Ricardo Olivares Hern\u00e1ndez<\/strong>. El nuevo director ha sido docente en diversos Institutos Tecnol\u00f3gicos del estado y actualmente se desempe\u00f1aba como Director en la&nbsp;<strong>Universidad Tecnol\u00f3gica del Sureste de Veracruz<\/strong>.<\/p>\n\n\n\n<p><strong>Juan Manuel de Unanue dice<\/strong><\/p>\n\n\n\n<p>El mejor homenaje al&nbsp;<strong>CBTis 79<\/strong>&nbsp;por su&nbsp;<strong>50 aniversario<\/strong>&nbsp;son las obras de estos cuatro a\u00f1os: el domo, la pavimentaci\u00f3n de la calle&nbsp;<strong>Mois\u00e9s S\u00e1enz<\/strong>&nbsp;y la nueva cancha de f\u00fatbol, que mejoran la experiencia educativa de estudiantes y docentes. \u00a1Muchas felicidades al&nbsp;<strong>CBTis 79<\/strong>!<\/p>\n\n\n\n<p><strong>Traaaakaaaa<\/strong><\/p>\n\n\n\n<p>Que el&nbsp;<strong>Partido del Trabajo (PT)<\/strong>&nbsp;en&nbsp;<strong>Veracruz<\/strong>&nbsp;ha denunciado que el desastre h\u00eddrico que afecta a la ciudad capital&nbsp;<strong>Xalapa, Ver.<\/strong>, es consecuencia de la negligencia administrativa de gobiernos municipales anteriores y actuales.<\/p>\n\n\n\n<p><strong>Nooooooooo<\/strong><\/p>\n\n\n\n<p>Un productor de caf\u00e9 del ejido&nbsp;<strong>El Tronconal, Ver.<\/strong>, se manifest\u00f3 en la&nbsp;<strong>Plaza Lerdo<\/strong>, para denunciar que los lixiviados del basurero xalape\u00f1o est\u00e1n afectando su finca y su producci\u00f3n de caf\u00e9.<\/p>\n\n\n\n<p><strong>Paaaaaaa????<\/strong><\/p>\n\n\n\n<p>La&nbsp;<strong>CONAGUA<\/strong>&nbsp;ha visto un aumento en el n\u00famero de municipios catalogados como \u201canormalmente secos\u201d.<\/p>\n\n\n\n<p><strong>No pueeeeee jeeeeer<\/strong><\/p>\n\n\n\n<p>Que por el severo aumento de casos del&nbsp;<strong>virus Coxsackie<\/strong>, que se est\u00e1 manifestando en alumnos de jard\u00edn de ni\u00f1os, hasta en escuelas privadas y hasta en un \u201cinternado\u201d particular en el municipio de&nbsp;<strong>Xico, Veracruz<\/strong>, ya suspendieron clases, para evitar su propagaci\u00f3n.<\/p>\n","protected":false},"excerpt":{"rendered":"<p>Rub\u00e9n Morales Aburto El Poder y La Pasi\u00f3n Marijose Gamboa va Ya la&nbsp;Sala Regional del Tribunal Electoral del Poder Judicial de la Federaci\u00f3n&nbsp;se sabe ratificar\u00e1 el triunfo de la candidata del&nbsp;PAN&nbsp;a la alcald\u00eda de&nbsp;Boca del R\u00edo, Ver.,&nbsp;Marijose Gamboa. La perdedora y diputada local de&nbsp;MORENA,&nbsp;Bertha Ahued Malpica, dice que no es que est\u00e9 aferrada, porque no [&hellip;]<\/p>\n","protected":false},"author":2,"featured_media":143902,"comment_status":"closed","ping_status":"closed","sticky":false,"template":"","format":"standard","meta":{"_jetpack_newsletter_access":"","_jetpack_dont_email_post_to_subs":false,"_jetpack_newsletter_tier_id":0,"_jetpack_memberships_contains_paywalled_content":false,"_jetpack_memberships_contains_paid_content":false,"footnotes":""},"categories":[70],"tags":[46158,46157,46155],"class_list":["post-153620","post","type-post","status-publish","format-standard","has-post-thumbnail","hentry","category-de-opinion","tag-conalep-miguel-hernandez-linares","tag-congreso-de-veracruz-maestros","tag-marijose-gamboa-boca-del-rio"],"jetpack_featured_media_url":"https:\/\/lospoliticosveracruz.com.mx\/wp-content\/uploads\/2025\/05\/Ruben-Morales-Aburto.jpg","jetpack_sharing_enabled":true,"jetpack_shortlink":"https:\/\/wp.me\/p4Qcd3-DXK","_links":{"self":[{"href":"https:\/\/lospoliticosveracruz.com.mx\/index.php?rest_route=\/wp\/v2\/posts\/153620","targetHints":{"allow":["GET"]}}],"collection":[{"href":"https:\/\/lospoliticosveracruz.com.mx\/index.php?rest_route=\/wp\/v2\/posts"}],"about":[{"href":"https:\/\/lospoliticosveracruz.com.mx\/index.php?rest_route=\/wp\/v2\/types\/post"}],"author":[{"embeddable":true,"href":"https:\/\/lospoliticosveracruz.com.mx\/index.php?rest_route=\/wp\/v2\/users\/2"}],"replies":[{"embeddable":true,"href":"https:\/\/lospoliticosveracruz.com.mx\/index.php?rest_route=%2Fwp%2Fv2%2Fcomments&post=153620"}],"version-history":[{"count":1,"href":"https:\/\/lospoliticosveracruz.com.mx\/index.php?rest_route=\/wp\/v2\/posts\/153620\/revisions"}],"predecessor-version":[{"id":153621,"href":"https:\/\/lospoliticosveracruz.com.mx\/index.php?rest_route=\/wp\/v2\/posts\/153620\/revisions\/153621"}],"wp:featuredmedia":[{"embeddable":true,"href":"https:\/\/lospoliticosveracruz.com.mx\/index.php?rest_route=\/wp\/v2\/media\/143902"}],"wp:attachment":[{"href":"https:\/\/lospoliticosveracruz.com.mx\/index.php?rest_route=%2Fwp%2Fv2%2Fmedia&parent=153620"}],"wp:term":[{"taxonomy":"category","embeddable":true,"href":"https:\/\/lospoliticosveracruz.com.mx\/index.php?rest_route=%2Fwp%2Fv2%2Fcategories&post=153620"},{"taxonomy":"post_tag","embeddable":true,"href":"https:\/\/lospoliticosveracruz.com.mx\/index.php?rest_route=%2Fwp%2Fv2%2Ftags&post=153620"}],"curies":[{"name":"wp","href":"https:\/\/api.w.org\/{rel}","templated":true}]}}