{"id":153623,"date":"2025-10-01T21:13:36","date_gmt":"2025-10-02T02:13:36","guid":{"rendered":"https:\/\/lospoliticosveracruz.com.mx\/?p=153623"},"modified":"2025-10-01T21:14:22","modified_gmt":"2025-10-02T02:14:22","slug":"percepcion-de-inseguridad","status":"publish","type":"post","link":"https:\/\/lospoliticosveracruz.com.mx\/?p=153623","title":{"rendered":"PERCEPCI\u00d3N DE INSEGURIDAD"},"content":{"rendered":"\n<p><\/p>\n\n\n\n\n\n<p><strong>Enrique Yasser Pompeyo<\/strong><\/p>\n\n\n\n<p><em>Mesa de Redacci\u00f3n<\/em><\/p>\n\n\n\n<p>La&nbsp;<strong>Encuesta Nacional de Seguridad P\u00fablica Urbana (ENSU)<\/strong>&nbsp;del segundo trimestre de 2025 que present\u00f3 de manera reciente el&nbsp;<strong>Instituto Nacional de Estad\u00edstica y Geograf\u00eda (INEGI)<\/strong>&nbsp;muestra datos relevantes.<\/p>\n\n\n\n\n\n<p>En t\u00e9rminos generales, en junio de este a\u00f1o, el 63.2 % de la poblaci\u00f3n de 18 a\u00f1os y m\u00e1s consider\u00f3 inseguro vivir en su ciudad.<\/p>\n\n\n\n<p>Asimismo, 68.5 % de las mujeres y 56.7 % de los hombres manifestaron que es inseguro vivir en su ciudad.<\/p>\n\n\n\n<p>Otros datos: 72.2 % de la poblaci\u00f3n manifest\u00f3 sentirse insegura en los cajeros autom\u00e1ticos localizados en la v\u00eda p\u00fablica y 65.0 %, en el transporte p\u00fablico.<\/p>\n\n\n\n<p>En el caso particular de la ciudad capital del estado de&nbsp;<strong>Veracruz, Xalapa<\/strong>, la percepci\u00f3n sobre inseguridad p\u00fablica se increment\u00f3 de 59.7 % que se ten\u00eda en marzo a 64.4 % en el mes de junio.<\/p>\n\n\n\n<p>El tema cobra relevancia ante los hechos delictivos que en los \u00faltimos meses se han registrado en las colonias de la ciudad.<\/p>\n\n\n\n<p>El mismo alcalde&nbsp;<strong>Alberto Islas Reyes<\/strong>&nbsp;reconoce que la seguridad es un tema prioritario para la administraci\u00f3n local.<\/p>\n\n\n\n<p>El edil se\u00f1ala que esta se atiende con acciones de prevenci\u00f3n y contenci\u00f3n del delito.<\/p>\n\n\n\n<p>Para el presidente municipal xalape\u00f1o, la cobertura de alumbrado p\u00fablico contribuye a prevenir hechos delictivos.<\/p>\n\n\n\n<p>Adem\u00e1s, se\u00f1ala que la&nbsp;<strong>Polic\u00eda Municipal<\/strong>&nbsp;trabaja de manera permanente y coordinada con las dem\u00e1s instancias encargadas de la prevenci\u00f3n, investigaci\u00f3n y contenci\u00f3n del delito, en beneficio de los habitantes de&nbsp;<strong>Xalapa<\/strong>&nbsp;y el empresariado que realiza inversiones en la ciudad.<\/p>\n\n\n\n<p>Las autoridades municipales tambi\u00e9n tienen claro que el compromiso de seguir trabajando por el municipio se da con el apoyo de todos los sectores p\u00fablicos, sociales y productivos.<\/p>\n\n\n\n<p>Para el ex alcalde y actual secretario de Gobierno,&nbsp;<strong>Ricardo Ahued Bardahuil<\/strong>, existe la voluntad del&nbsp;<strong>Gobierno del Estado<\/strong>&nbsp;para trabajar de manera coordinada y atender los diferentes temas que se presentan en la&nbsp;<strong>Mesa de Seguridad<\/strong>.<\/p>\n\n\n\n<p>Al final son las y los xalape\u00f1os, las familias, quienes tienen la \u00faltima palabra. Los ciudadanos de a pie son quienes realmente saben si en verdad la ciudad es segura o no.<\/p>\n\n\n\n<p>enriquepompeyo@hotmail.com<\/p>\n","protected":false},"excerpt":{"rendered":"<p>Enrique Yasser Pompeyo Mesa de Redacci\u00f3n La&nbsp;Encuesta Nacional de Seguridad P\u00fablica Urbana (ENSU)&nbsp;del segundo trimestre de 2025 que present\u00f3 de manera reciente el&nbsp;Instituto Nacional de Estad\u00edstica y Geograf\u00eda (INEGI)&nbsp;muestra datos relevantes. En t\u00e9rminos generales, en junio de este a\u00f1o, el 63.2 % de la poblaci\u00f3n de 18 a\u00f1os y m\u00e1s consider\u00f3 inseguro vivir en su [&hellip;]<\/p>\n","protected":false},"author":2,"featured_media":141425,"comment_status":"closed","ping_status":"closed","sticky":false,"template":"","format":"standard","meta":{"_jetpack_newsletter_access":"","_jetpack_dont_email_post_to_subs":false,"_jetpack_newsletter_tier_id":0,"_jetpack_memberships_contains_paywalled_content":false,"_jetpack_memberships_contains_paid_content":false,"footnotes":""},"categories":[70],"tags":[46162,46160,46163],"class_list":["post-153623","post","type-post","status-publish","format-standard","has-post-thumbnail","hentry","category-de-opinion","tag-inegi-ensu-2025","tag-percepcion-inseguridad-xalapa","tag-ricardo-ahued-bardahuil-seguridad"],"jetpack_featured_media_url":"https:\/\/lospoliticosveracruz.com.mx\/wp-content\/uploads\/2025\/04\/Pompeyo.jpg","jetpack_sharing_enabled":true,"jetpack_shortlink":"https:\/\/wp.me\/p4Qcd3-DXN","_links":{"self":[{"href":"https:\/\/lospoliticosveracruz.com.mx\/index.php?rest_route=\/wp\/v2\/posts\/153623","targetHints":{"allow":["GET"]}}],"collection":[{"href":"https:\/\/lospoliticosveracruz.com.mx\/index.php?rest_route=\/wp\/v2\/posts"}],"about":[{"href":"https:\/\/lospoliticosveracruz.com.mx\/index.php?rest_route=\/wp\/v2\/types\/post"}],"author":[{"embeddable":true,"href":"https:\/\/lospoliticosveracruz.com.mx\/index.php?rest_route=\/wp\/v2\/users\/2"}],"replies":[{"embeddable":true,"href":"https:\/\/lospoliticosveracruz.com.mx\/index.php?rest_route=%2Fwp%2Fv2%2Fcomments&post=153623"}],"version-history":[{"count":2,"href":"https:\/\/lospoliticosveracruz.com.mx\/index.php?rest_route=\/wp\/v2\/posts\/153623\/revisions"}],"predecessor-version":[{"id":153625,"href":"https:\/\/lospoliticosveracruz.com.mx\/index.php?rest_route=\/wp\/v2\/posts\/153623\/revisions\/153625"}],"wp:featuredmedia":[{"embeddable":true,"href":"https:\/\/lospoliticosveracruz.com.mx\/index.php?rest_route=\/wp\/v2\/media\/141425"}],"wp:attachment":[{"href":"https:\/\/lospoliticosveracruz.com.mx\/index.php?rest_route=%2Fwp%2Fv2%2Fmedia&parent=153623"}],"wp:term":[{"taxonomy":"category","embeddable":true,"href":"https:\/\/lospoliticosveracruz.com.mx\/index.php?rest_route=%2Fwp%2Fv2%2Fcategories&post=153623"},{"taxonomy":"post_tag","embeddable":true,"href":"https:\/\/lospoliticosveracruz.com.mx\/index.php?rest_route=%2Fwp%2Fv2%2Ftags&post=153623"}],"curies":[{"name":"wp","href":"https:\/\/api.w.org\/{rel}","templated":true}]}}