{"id":153635,"date":"2025-10-02T06:33:00","date_gmt":"2025-10-02T11:33:00","guid":{"rendered":"https:\/\/lospoliticosveracruz.com.mx\/?p=153635"},"modified":"2025-10-02T06:33:00","modified_gmt":"2025-10-02T11:33:00","slug":"nahle-tello-david-y-la-sev","status":"publish","type":"post","link":"https:\/\/lospoliticosveracruz.com.mx\/?p=153635","title":{"rendered":"NAHLE, TELLO, DAVID Y LA SEV"},"content":{"rendered":"\n\n\n<p><br><strong>Ricardo Chua<\/strong><\/p>\n\n\n\n<p><em>Sale y Vale<\/em><\/p>\n\n\n\n<p>OJO.. De nuevo la zona norte de Veracruz puede volver a representar un grave problema de ingobernabilidad para el Gobierno del Estado de Veracruz..Sobre todo por los temas de inseguridad, que se han presentado y se siguen presentando en esa regi\u00f3n.. Vuelve a ser Poza Rica, el municipio que le presenta ese conflicto a la administraci\u00f3n estatal.. Ahora atentando contra la libertad de expresi\u00f3n.. Luego que varios medios de comunicaci\u00f3n del Estado, dieran a conocer la noticia, que ayer por la tarde intententaron dar un \u00ablevant\u00f3n\u00bb al periodista de la secci\u00f3n polic\u00edaca del peri\u00f3dico \u00abLa Opini\u00f3n\u00bb: Jorge Efra\u00edn Moreno.. Sea cual sea el motivo de este lamentable evento.. Se debe garantizar la seguridad a los ciudadanos para ejercer su labor profesional y m\u00e1s cuando se trata de la libertad de expresi\u00f3n..<\/p>\n\n\n\n<p>Lo bueno del caso en el que se vio involucrado el reportero polic\u00edaco Jorge Efra\u00edn Moreno.. Es que los presuntos delincuentes que intentaron sustraerlo para privarlo de su libertad.. No lograron su cometido porque el periodista forceje\u00f3 con ellos y logr\u00f3 zafarse.. Y retirarse a una zona segura.. Por lo cual, esos personajes a pesar que iban armados optaron por huir del sitio.. Que era el Parque Ju\u00e1rez, ubicado en pleno centro de ese municipio, enfrente al Palacio Municipal, donde se considera que es una zona segura y transitada.. A\u00fan as\u00ed, los maleantes huyeron sin que nadie los detuviera.. Despu\u00e9s de este suceso, el periodista fue resguardado por fuerzas del orden para asegurar su integridad f\u00edsica..<\/p>\n\n\n\n<p>Ahora s\u00f3lo queda esperar el comunicado de la Fiscal\u00eda de Veracruz sobre este hecho.. Que al cierre de esta columna, no se ha dado a conocer.. Tambi\u00e9n queda esperar si el legendario peri\u00f3dico \u00abLa Opini\u00f3n de Poza Rica\u00bb de la familia Gibb Guerrero emite tambi\u00e9n un comunicado al respecto.. Y si el periodista Jorge Efra\u00edn Moreno comenta de manera p\u00fablica en sus redes sociales, algo al respecto y del por qu\u00e9 intentaron privarlo de su libertad.. Aqu\u00ed va a tener que poner mucha atenci\u00f3n el Gobierno del Estado porque si se contin\u00faa con esas acciones violentas en contra de comunicadores en Veracruz.. La administraci\u00f3n volver\u00e1 a caer en una crisis, que les ser\u00e1 dif\u00edcil salir de ella.. Por lo pronto, hay que esperar los comunicados al respecto..<\/p>\n\n\n\n<p>NAHLE, TELLO, DAVID Y LA SEV..<\/p>\n\n\n\n<p>Queda CONFIRMADO que la senadora con licencia de Veracruz, Claudia Tello, no se va de la Secretar\u00eda de Educaci\u00f3n de Veracruz.. Todo parece indicar que por cuestiones gubernamentales y por as\u00ed convenir a los intereses pol\u00edticos de Palacio de Gobierno.. Esta alta funcionaria de la SEV, se queda por tiempo indefinido en esta dependencia estatal.. Ya le est\u00e1n \u00absoltando\u00bb un poco de poder dentro de la Secretar\u00eda pero el control lo sigue manteniendo completamente la gobernadora Roc\u00edo Nahle.. Sin ning\u00fan intermediario, s\u00f3lo ella directamente la opera tambi\u00e9n desde su oficina.. As\u00ed que ah\u00ed no hay \u00abenviados\u00bb o \u00abgente cercana\u00bb a la mandataria.. A todos esos los mandaron a \u00abfre\u00edr esp\u00e1rragos\u00bb.. Ah\u00ed es s\u00f3lo Nahle..<\/p>\n\n\n\n<p>Motivo por el cual, SE CAE la versi\u00f3n directa que se ven\u00eda manejando desde hace unos meses que lleg\u00f3 a la subsecretar\u00eda de Educaci\u00f3n en la SEV, que su titular David Jim\u00e9nez, ser\u00eda nombrado como el nuevo secretario de la dependencia, despu\u00e9s del Primer Informe de Gobierno de Roc\u00edo Nahle.. ESO ES COMPLETAMENTE FALSO.. Jim\u00e9nez Rojas se quedar\u00e1 como subsecretario nada m\u00e1s.. \u00abGarganta Profunda\u00bb coment\u00f3 que la idea de que ex Comisionado Presidente del extinto Instituto Veracruzano de Acceso a la Informaci\u00f3n (IVAI), quedar\u00e1 al frente de la SEV, simplemente SE CAY\u00d3 desde Palacio de Gobierno y ahorita no es prioridad moverlo ah\u00ed donde est\u00e1.. Tello le reafirmaron que no la movieran de su cargo.. Y ahora arremete con fuerza en contra de qui\u00e9n la \u00abgrillo\u00bb..<\/p>\n\n\n\n<p>Adem\u00e1s \u00abGarganta Profunda\u00bb se logr\u00f3 enterar.. Que esa decisi\u00f3n tomada sobre David Jim\u00e9nez Rojas, no es s\u00f3lo para que se quede en la SEV en la segunda posici\u00f3n.. Y que contin\u00fae con sus disputas de poder con la titular de la SEV en ese frente abierto que tienen ambos.. Y que desde Palacio de Gobierno \u00abalimentan\u00bb y \u00abalientan\u00bb esa disputa, que no tiene para cuando acabar.. Y m\u00e1s porque ambos personajes ah\u00ed se quedar\u00e1n.. As\u00ed que esa versi\u00f3n de que Claudia Tello se va, es falso.. Y que David Jim\u00e9nez subir\u00eda a la Secretar\u00eda tambi\u00e9n es falso.. Todo se queda igual y nadie se mueve.. Pero las decisiones trascendentes en la dependencia, las tomar\u00e1 directamente Roc\u00edo Nahle y nadie m\u00e1s..<\/p>\n\n\n\n<p>De la misma manera, \u00abGarganta Profunda\u00bb tiene informaci\u00f3n fidedigna y de muy alto nivel en Veracruz.. Que la intenci\u00f3n e idea que presuntamente ten\u00eda David Jim\u00e9nez Rojas, de ser el sustituto de Ver\u00f3nica Hern\u00e1ndez, como nuevo titular de la Fiscal\u00eda del Estado, tambi\u00e9n SE QUEDA EN ESPERA.. Tampoco se ir\u00e1 para all\u00e1.. Tal como se manej\u00f3 desde que Roc\u00edo Nahle lleg\u00f3 a la gubernatura.. Y se fue \u00abcalentando\u00bb el tema en diversos momentos de crisis de la FGE.. Se dec\u00eda que Jim\u00e9nez Rojas \u00abcalentaba el brazo\u00bb para llegar como Fiscal y que era cuesti\u00f3n de tiempo para que el Congreso del Estado, lo nombrar\u00e1 en este sitio.. Pero no pas\u00f3 as\u00ed.. Esto a pesar de que ya hab\u00eda dejado su cargo en el IVAI.. Algo pas\u00f3 que todo se detuvo y al final termin\u00f3 en la SEV..<\/p>\n\n\n\n<p>Seg\u00fan cuentan las \u00ablenguas de doble filo\u00bb a \u00abGarganta Profunda\u00bb.. De que el tema por el cual, David Jim\u00e9nez cay\u00f3 de la gracia de Palacio de Gobierno de Xalapa.. Presuntamente se dio despu\u00e9s de las elecciones municipales del pasado 1 de junio.. Al interior de MORENA en Veracruz, se dice que Jim\u00e9nez Rojas en los procesos electorales de Boca del R\u00edo y Alvarado, municipios donde estuvo operando pol\u00edticamente, se presentaron algunas situaciones \u00abraras\u00bb e irregulares, que no gustaron nada en Casa Veracruz.. Luego de la derrota de MORENA en ambos municipios, le argumentaron al mandam\u00e1s de Veracruz, m\u00e1s irregularidades en estos sitios y eso fue la \u00abgota que derram\u00f3 el vaso\u00bb.. Ah\u00ed se detuvo todo.. Y no hubo asunci\u00f3n a la SEV o la FGE..<\/p>\n\n\n\n<p>As\u00ed que por eso y muchas cosas m\u00e1s.. Ya nada se movi\u00f3 a favor del personaje que se consideraba, ser\u00eda uno de los funcionarios m\u00e1s \u00abconsentidos\u00bb en esta administraci\u00f3n estatal.. Ahora s\u00f3lo ser\u00e1 un jefe a \u00abmedias\u00bb porque tendr\u00e1 que disputar el poder de la SEV con Claudia Tello.. Pero la secretaria ha retomado el poder en Palacio de Gobierno.. Ya que la requieren en ese sitio.. Porque si se va, volver\u00eda al Senado, y dejar\u00eda sin \u00abjugada\u00bb a su senadora suplente, Raquel Bonilla Herrera, qui\u00e9n ahora ostenta ese cargo porque Tello es funcionaria estatal.. Adem\u00e1s que Bonilla es una legisladora federal, 100 por ciento leal a Roc\u00edo Nahle y son los \u00abojos\u00bb de la gobernadora en la C\u00e1mara de Senadores.. Por eso dif\u00edcilmente la van a mover de ah\u00ed.. Por eso Tello no se va de la SEV..<\/p>\n\n\n\n<p>REFLEXI\u00d3N.. Al final de cuentas, por intereses de Palacio de Gobierno y por \u00abgrillas\u00bb muy concretas al interior del partido MORENA.. Es que Claudia Tello y David Jim\u00e9nez no se mueven de sus cargos dentro de la SEV.. Tambi\u00e9n eso indica que por lo menos, de aqu\u00ed a enero pr\u00f3ximo, no habr\u00e1 cambios en la Fiscal\u00eda de Veracruz.. Se puede asegurar que Ver\u00f3nica Hern\u00e1ndez acabar\u00e1 el a\u00f1o siendo fiscal.. No hay informaci\u00f3n en el Congreso del Estado, que se prepare este relevo.. As\u00ed que ahora en lo que se van a concentrar en el Gobierno del Estado, es sacar el Primer Informe de la Gobernadora Nahle y que al mismo pueda acudir la Presidenta Claudia Shienbaum.. Y la \u00abT\u00eda Ch\u00edo\u00bb es la que seguir\u00e1 teniendo la \u00faltima palabra en la SEV.. NO HAY M\u00c1S.. AMEN..<\/p>\n","protected":false},"excerpt":{"rendered":"<p>Ricardo Chua Sale y Vale OJO.. De nuevo la zona norte de Veracruz puede volver a representar un grave problema de ingobernabilidad para el Gobierno del Estado de Veracruz..Sobre todo por los temas de inseguridad, que se han presentado y se siguen presentando en esa regi\u00f3n.. Vuelve a ser Poza Rica, el municipio que le [&hellip;]<\/p>\n","protected":false},"author":2,"featured_media":141434,"comment_status":"closed","ping_status":"","sticky":false,"template":"","format":"standard","meta":{"_jetpack_newsletter_access":"","_jetpack_dont_email_post_to_subs":false,"_jetpack_newsletter_tier_id":0,"_jetpack_memberships_contains_paywalled_content":false,"_jetpack_memberships_contains_paid_content":false,"footnotes":""},"categories":[70],"tags":[19961,16170,1026,3578,195],"class_list":["post-153635","post","type-post","status-publish","format-standard","has-post-thumbnail","hentry","category-de-opinion","tag-claudia-tello","tag-david-agustin-jimenez-rojas","tag-morena","tag-rocio-nahle","tag-veracruz"],"jetpack_featured_media_url":"https:\/\/lospoliticosveracruz.com.mx\/wp-content\/uploads\/2025\/04\/Chua-e1761364658706.jpg","jetpack_sharing_enabled":true,"jetpack_shortlink":"https:\/\/wp.me\/p4Qcd3-DXZ","_links":{"self":[{"href":"https:\/\/lospoliticosveracruz.com.mx\/index.php?rest_route=\/wp\/v2\/posts\/153635","targetHints":{"allow":["GET"]}}],"collection":[{"href":"https:\/\/lospoliticosveracruz.com.mx\/index.php?rest_route=\/wp\/v2\/posts"}],"about":[{"href":"https:\/\/lospoliticosveracruz.com.mx\/index.php?rest_route=\/wp\/v2\/types\/post"}],"author":[{"embeddable":true,"href":"https:\/\/lospoliticosveracruz.com.mx\/index.php?rest_route=\/wp\/v2\/users\/2"}],"replies":[{"embeddable":true,"href":"https:\/\/lospoliticosveracruz.com.mx\/index.php?rest_route=%2Fwp%2Fv2%2Fcomments&post=153635"}],"version-history":[{"count":2,"href":"https:\/\/lospoliticosveracruz.com.mx\/index.php?rest_route=\/wp\/v2\/posts\/153635\/revisions"}],"predecessor-version":[{"id":153637,"href":"https:\/\/lospoliticosveracruz.com.mx\/index.php?rest_route=\/wp\/v2\/posts\/153635\/revisions\/153637"}],"wp:featuredmedia":[{"embeddable":true,"href":"https:\/\/lospoliticosveracruz.com.mx\/index.php?rest_route=\/wp\/v2\/media\/141434"}],"wp:attachment":[{"href":"https:\/\/lospoliticosveracruz.com.mx\/index.php?rest_route=%2Fwp%2Fv2%2Fmedia&parent=153635"}],"wp:term":[{"taxonomy":"category","embeddable":true,"href":"https:\/\/lospoliticosveracruz.com.mx\/index.php?rest_route=%2Fwp%2Fv2%2Fcategories&post=153635"},{"taxonomy":"post_tag","embeddable":true,"href":"https:\/\/lospoliticosveracruz.com.mx\/index.php?rest_route=%2Fwp%2Fv2%2Ftags&post=153635"}],"curies":[{"name":"wp","href":"https:\/\/api.w.org\/{rel}","templated":true}]}}