{"id":153723,"date":"2025-10-03T08:23:41","date_gmt":"2025-10-03T13:23:41","guid":{"rendered":"https:\/\/lospoliticosveracruz.com.mx\/?p=153723"},"modified":"2025-10-03T08:23:41","modified_gmt":"2025-10-03T13:23:41","slug":"cuenta-publica-2024-el-tamano-del-boquete-en-veracruz","status":"publish","type":"post","link":"https:\/\/lospoliticosveracruz.com.mx\/?p=153723","title":{"rendered":"CUENTA P\u00daBLICA 2024, el tama\u00f1o del boquete en Veracruz"},"content":{"rendered":"\n\n\n<p><br><strong>Yamiri Rodr\u00edguez Madrid<\/strong><\/p>\n\n\n\n<p><em>La vuelta a Veracruz en un\u00a0teclazo<\/em><\/p>\n\n\n\n<p>2,372 millones 867 mil 596 pesos&nbsp;es el&nbsp;da\u00f1o patrimonial detectado en&nbsp;la Cuenta P\u00fablica 2024, la del \u00faltimo a\u00f1o de administraci\u00f3n del morenista Cuitl\u00e1huac Garc\u00eda Jim\u00e9nez. No es un n\u00famero abstracto ni una disputa contable entre oficinas; es dinero que falt\u00f3 en servicios, obras y programas que la gente deja de ver en la calle.<\/p>\n\n\n\n<p>La&nbsp;auditora Delia Gonz\u00e1lez Cobos entreg\u00f3 al Congreso los Informes Individuales y el Informe General Ejecutivo del ORFIS. La Comisi\u00f3n Permanente de Vigilancia, presidida por el diputado Miguel Guillermo Pintos, los analizar\u00e1 y deber\u00e1 someter un dictamen al Pleno a m\u00e1s tardar el 31 de octubre. A partir de ah\u00ed, vienen las etapas que marca la ley: aclaraciones, recuperaciones y, si procede, sanciones. Es decir, ya no hay pretextos: empieza la hora de las responsabilidades.<\/p>\n\n\n\n<p>\u00bfDe qu\u00e9 tama\u00f1o es el boquete?&nbsp;El&nbsp;ORFIS practic\u00f3 1,396 auditor\u00edas a 310 entes fiscalizables. El hallazgo es contundente:&nbsp;830.9 millones con irregularidades en 41 entes estatales;&nbsp;1,537.6 millones en 174 municipios&nbsp;y&nbsp;4.4 millones en 8 entes paramunicipales.<\/p>\n\n\n\n<p>El golpe m\u00e1s fuerte est\u00e1 en los gobiernos municipales. Y eso importa porque ah\u00ed se decide si hay luminarias, agua, bacheo, patrullas, medicinas en el centro de salud o becas que llegan a tiempo. Cuando el da\u00f1o patrimonial se acumula en el \u00e1mbito local, las primeras en resentirlo son las colonias y comunidades.<\/p>\n\n\n\n<p>Si el recurso se desvi\u00f3, no hubo&nbsp;mantenimiento ni reposici\u00f3n a tiempo. La factura la paga el vecino que camina a oscuras o el comerciante que pierde ventas por falta de agua; proyectos que se retrasaron, contratos que se reponen, costos que suben. Cada mes que se pospone una obra es un mes de inflaci\u00f3n que encarece todo.<\/p>\n\n\n\n<p>Hay avances que vale la pena reconocer: la coordinaci\u00f3n Congreso\u2013ORFIS, las modificaciones legales recientes y el Buz\u00f3n Fiscalizador para notificaciones y seguimiento digital. Tambi\u00e9n, que los informes sean p\u00fablicos y permanezcan en l\u00ednea en formatos abiertos. Son buenas se\u00f1ales. Pero la transparencia sin consecuencias se convierte en vitrina: se ve, se comenta y se olvida.<\/p>\n\n\n\n<p>El reto es pasar del hallazgo a la recuperaci\u00f3n del recurso y, cuando aplique, a la sanci\u00f3n. Y hacerlo en un calendario n\u00edtido, con trazabilidad: qu\u00e9 ente, cu\u00e1nto, en qu\u00e9 etapa est\u00e1 y cu\u00e1l es la acci\u00f3n correctiva. La ciudadan\u00eda no necesita tecnicismos; necesita certezas&nbsp;pues es la historia de cada cambio de administraci\u00f3n: hay quienes le meten la mano al caj\u00f3n y salen impunes. A ver qu\u00e9 resuelve el legislativo.<\/p>\n\n\n\n<p>@YamiriRodriguez<\/p>\n","protected":false},"excerpt":{"rendered":"<p>Yamiri Rodr\u00edguez Madrid La vuelta a Veracruz en un\u00a0teclazo 2,372 millones 867 mil 596 pesos&nbsp;es el&nbsp;da\u00f1o patrimonial detectado en&nbsp;la Cuenta P\u00fablica 2024, la del \u00faltimo a\u00f1o de administraci\u00f3n del morenista Cuitl\u00e1huac Garc\u00eda Jim\u00e9nez. No es un n\u00famero abstracto ni una disputa contable entre oficinas; es dinero que falt\u00f3 en servicios, obras y programas que la [&hellip;]<\/p>\n","protected":false},"author":2,"featured_media":141413,"comment_status":"closed","ping_status":"","sticky":false,"template":"","format":"standard","meta":{"_jetpack_newsletter_access":"","_jetpack_dont_email_post_to_subs":false,"_jetpack_newsletter_tier_id":0,"_jetpack_memberships_contains_paywalled_content":false,"_jetpack_memberships_contains_paid_content":false,"footnotes":""},"categories":[70],"tags":[1563,15181,1026,135,195],"class_list":["post-153723","post","type-post","status-publish","format-standard","has-post-thumbnail","hentry","category-de-opinion","tag-cuitlahuac-garcia-jimenez","tag-delia-gonzalez-cobos","tag-morena","tag-orfis","tag-veracruz"],"jetpack_featured_media_url":"https:\/\/lospoliticosveracruz.com.mx\/wp-content\/uploads\/2025\/04\/Yamiri-Rodriguez-Madrid.jpg","jetpack_sharing_enabled":true,"jetpack_shortlink":"https:\/\/wp.me\/p4Qcd3-DZp","_links":{"self":[{"href":"https:\/\/lospoliticosveracruz.com.mx\/index.php?rest_route=\/wp\/v2\/posts\/153723","targetHints":{"allow":["GET"]}}],"collection":[{"href":"https:\/\/lospoliticosveracruz.com.mx\/index.php?rest_route=\/wp\/v2\/posts"}],"about":[{"href":"https:\/\/lospoliticosveracruz.com.mx\/index.php?rest_route=\/wp\/v2\/types\/post"}],"author":[{"embeddable":true,"href":"https:\/\/lospoliticosveracruz.com.mx\/index.php?rest_route=\/wp\/v2\/users\/2"}],"replies":[{"embeddable":true,"href":"https:\/\/lospoliticosveracruz.com.mx\/index.php?rest_route=%2Fwp%2Fv2%2Fcomments&post=153723"}],"version-history":[{"count":1,"href":"https:\/\/lospoliticosveracruz.com.mx\/index.php?rest_route=\/wp\/v2\/posts\/153723\/revisions"}],"predecessor-version":[{"id":153724,"href":"https:\/\/lospoliticosveracruz.com.mx\/index.php?rest_route=\/wp\/v2\/posts\/153723\/revisions\/153724"}],"wp:featuredmedia":[{"embeddable":true,"href":"https:\/\/lospoliticosveracruz.com.mx\/index.php?rest_route=\/wp\/v2\/media\/141413"}],"wp:attachment":[{"href":"https:\/\/lospoliticosveracruz.com.mx\/index.php?rest_route=%2Fwp%2Fv2%2Fmedia&parent=153723"}],"wp:term":[{"taxonomy":"category","embeddable":true,"href":"https:\/\/lospoliticosveracruz.com.mx\/index.php?rest_route=%2Fwp%2Fv2%2Fcategories&post=153723"},{"taxonomy":"post_tag","embeddable":true,"href":"https:\/\/lospoliticosveracruz.com.mx\/index.php?rest_route=%2Fwp%2Fv2%2Ftags&post=153723"}],"curies":[{"name":"wp","href":"https:\/\/api.w.org\/{rel}","templated":true}]}}