{"id":153742,"date":"2025-10-03T11:20:26","date_gmt":"2025-10-03T16:20:26","guid":{"rendered":"https:\/\/lospoliticosveracruz.com.mx\/?p=153742"},"modified":"2025-10-03T11:20:46","modified_gmt":"2025-10-03T16:20:46","slug":"se-fue-de-shoppping-al-dorado-acaba-detenida","status":"publish","type":"post","link":"https:\/\/lospoliticosveracruz.com.mx\/?p=153742","title":{"rendered":"SE FUE DE \u201cSHOPPPING\u201d AL DORADO; ACABA DETENIDA!"},"content":{"rendered":"\n\n\n<p><strong>Alejandro \u00c1vila<\/strong><br><strong>Boca del R\u00edo<\/strong><\/p>\n\n\n\n<p>Gran sorpresa se llevaron locatarios, visitantes y guardias de seguridad del centro comercial <strong>El Dorado<\/strong>, al encontrarse con la irrupci\u00f3n de una <strong>nutria<\/strong> que se coloc\u00f3 en la fuente de la plaza comercial ubicado en el municipio de <strong>Boca del R\u00edo<\/strong>.<\/p>\n\n\n\n\n\n<p>El esp\u00e9cimen fue avistado en el estacionamiento, posteriormente entr\u00f3 al centro comercial, estuvo un rato por el \u00e1rea de comidas y finalmente se col\u00f3 a la fuente para refrescarse, motivo por el cual el personal de seguridad dio aviso a los elementos de <strong>Protecci\u00f3n Civil<\/strong> para que procedieran a su rescate.<\/p>\n\n\n\n<p>Los hechos ocurrieron la noche de este jueves 2 de octubre alrededor de las 9 de la noche, por lo cual no fue dif\u00edcil capturar al animal ya que no pudo introducirse a ning\u00fan negocio pues la mayor\u00eda se encontraban cerrados.<\/p>\n\n\n\n<p>Hasta el momento, se desconoce cu\u00e1l ser\u00e1 el destino de la <strong>nutria<\/strong>, la cual fue llevada al cuartel de <strong>bomberos<\/strong> para una revisi\u00f3n de su estado.<\/p>\n","protected":false},"excerpt":{"rendered":"<p>Alejandro \u00c1vilaBoca del R\u00edo Gran sorpresa se llevaron locatarios, visitantes y guardias de seguridad del centro comercial El Dorado, al encontrarse con la irrupci\u00f3n de una nutria que se coloc\u00f3 en la fuente de la plaza comercial ubicado en el municipio de Boca del R\u00edo. El esp\u00e9cimen fue avistado en el estacionamiento, posteriormente entr\u00f3 al [&hellip;]<\/p>\n","protected":false},"author":2,"featured_media":153743,"comment_status":"closed","ping_status":"closed","sticky":false,"template":"","format":"standard","meta":{"_jetpack_newsletter_access":"","_jetpack_dont_email_post_to_subs":false,"_jetpack_newsletter_tier_id":0,"_jetpack_memberships_contains_paywalled_content":false,"_jetpack_memberships_contains_paid_content":false,"footnotes":""},"categories":[70],"tags":[46264,46265,46260,46263],"class_list":["post-153742","post","type-post","status-publish","format-standard","has-post-thumbnail","hentry","category-de-opinion","tag-centro-comercial-el-dorado","tag-nutria-capturada-en-plaza","tag-nutria-el-dorado-veracruz","tag-rescate-proteccion-civil-veracruz"],"jetpack_featured_media_url":"https:\/\/lospoliticosveracruz.com.mx\/wp-content\/uploads\/2025\/10\/WhatsApp-Image-2025-10-03-at-10.18.49.jpeg","jetpack_sharing_enabled":true,"jetpack_shortlink":"https:\/\/wp.me\/p4Qcd3-DZI","_links":{"self":[{"href":"https:\/\/lospoliticosveracruz.com.mx\/index.php?rest_route=\/wp\/v2\/posts\/153742","targetHints":{"allow":["GET"]}}],"collection":[{"href":"https:\/\/lospoliticosveracruz.com.mx\/index.php?rest_route=\/wp\/v2\/posts"}],"about":[{"href":"https:\/\/lospoliticosveracruz.com.mx\/index.php?rest_route=\/wp\/v2\/types\/post"}],"author":[{"embeddable":true,"href":"https:\/\/lospoliticosveracruz.com.mx\/index.php?rest_route=\/wp\/v2\/users\/2"}],"replies":[{"embeddable":true,"href":"https:\/\/lospoliticosveracruz.com.mx\/index.php?rest_route=%2Fwp%2Fv2%2Fcomments&post=153742"}],"version-history":[{"count":2,"href":"https:\/\/lospoliticosveracruz.com.mx\/index.php?rest_route=\/wp\/v2\/posts\/153742\/revisions"}],"predecessor-version":[{"id":153745,"href":"https:\/\/lospoliticosveracruz.com.mx\/index.php?rest_route=\/wp\/v2\/posts\/153742\/revisions\/153745"}],"wp:featuredmedia":[{"embeddable":true,"href":"https:\/\/lospoliticosveracruz.com.mx\/index.php?rest_route=\/wp\/v2\/media\/153743"}],"wp:attachment":[{"href":"https:\/\/lospoliticosveracruz.com.mx\/index.php?rest_route=%2Fwp%2Fv2%2Fmedia&parent=153742"}],"wp:term":[{"taxonomy":"category","embeddable":true,"href":"https:\/\/lospoliticosveracruz.com.mx\/index.php?rest_route=%2Fwp%2Fv2%2Fcategories&post=153742"},{"taxonomy":"post_tag","embeddable":true,"href":"https:\/\/lospoliticosveracruz.com.mx\/index.php?rest_route=%2Fwp%2Fv2%2Ftags&post=153742"}],"curies":[{"name":"wp","href":"https:\/\/api.w.org\/{rel}","templated":true}]}}