{"id":153771,"date":"2025-10-03T17:31:59","date_gmt":"2025-10-03T22:31:59","guid":{"rendered":"https:\/\/lospoliticosveracruz.com.mx\/?p=153771"},"modified":"2025-10-03T17:34:03","modified_gmt":"2025-10-03T22:34:03","slug":"la-cruz-en-la-lapida","status":"publish","type":"post","link":"https:\/\/lospoliticosveracruz.com.mx\/?p=153771","title":{"rendered":"LA CRUZ EN LA L\u00c1PIDA"},"content":{"rendered":"\n\n\n<p><strong>Diego Moreno<\/strong><\/p>\n\n\n\n<p><em>Detectives Salvajes<\/em><\/p>\n\n\n\n<p>\u200bManuel Crescencio Rej\u00f3n, elabor\u00f3 a fines de 1840 un proyecto de Constituci\u00f3n para el Estado de Yucat\u00e1n, en el que, por primera vez, se hace uso de la expresi\u00f3n \u201camparar\u201d, que indica el fin substancial de nuestro actual Juicio de Amparo.<\/p>\n\n\n\n\n\n<p>\u200bEn dicho Proyecto se le otorgaba al Poder Judicial, entre otras facultades, la de \u201camparar en el goce de sus derechos a los que le pidan su protecci\u00f3n contra las leyes y decretos de la Legislatura que sean contrarios a la Constituci\u00f3n o contra las providencias del Gobernador o Ejecutivo reunido, cuando en ellas se hubiere infringido el C\u00f3digo Fundamental o las leyes\u201d.<\/p>\n\n\n\n<p>\u200bEn cuanto la Suspensi\u00f3n del Acto Reclamado, que es la medida cautelar que mantiene las cosas en el estado que guardan mientras dura el juicio, se tuvo como primer antecedente desde el a\u00f1o 1836, en donde se previ\u00f3 el car\u00e1cter suspensivo del reclamo, que se hac\u00eda valer contra las determinaciones que declaraban la existencia de utilidad p\u00fablica para efectos de la expropiaci\u00f3n.<\/p>\n\n\n\n<p>\u200bNo por nada, se ha definido al Juicio de Amparo como un sistema de control de la legalidad y constitucionalidad de los actos y omisiones de la autoridad. Por ello, es por antonomasia, el mejor mecanismo para defenderse de los actos arbitrarios del poder p\u00fablico.<\/p>\n\n\n\n<p>\u200bEl jueves por la madrugada, se aprob\u00f3 un Dictamen de reforma a la Ley de Amparo con 70 votos a favor y 39 en contra en el Senado lo que dio a Morena y aliados la mayor\u00eda suficiente para que siguiera el proceso legislativo, respectivo.<\/p>\n\n\n\n<p>\u200bDicha reforma, contrario a la historia y evoluci\u00f3n del Juicio de Amparo, debilita la Suspensi\u00f3n del Acto Reclamado, lo cual har\u00eda al Amparo un medio ineficaz contra los actos arbitrarios, pues sin suspensi\u00f3n, en muchos de los casos el juicio carecer\u00eda de un efecto pr\u00e1ctico y del objetivo que busca, que es reparar la violaci\u00f3n de un derecho humano.<\/p>\n\n\n\n<p>\u200bAdem\u00e1s, se agreg\u00f3 una reserva con la intenci\u00f3n de incluir en el primer transitorio el texto que se\u00f1ala: \u201cLos asuntos que se encuentran en tr\u00e1mite a la entrada en vigor del presente Decreto, continuar\u00e1n tramit\u00e1ndose hasta su resoluci\u00f3n final conforme a las disposiciones que establece Decreto\u201d. Lo anterior atentando contra el principio de irretroactividad de la ley en perjuicio de las personas, y el principio de progresividad de los derechos humanos.<\/p>\n\n\n\n<p>\u200bEn suma, esta Reforma no ocurre de manera aislada, sino que debe leerse junto con la Reforma al Poder Judicial, el cual debilita la independencia y autonom\u00eda de los jueces federales y la divisi\u00f3n de poderes.<\/p>\n\n\n\n<p>\u200bAs\u00ed, est\u00e1 a punto de clavarse la \u00faltima cruz de la l\u00e1pida del Estado de Derecho Constitucional, pues adem\u00e1s que las y los mexicanos no tendremos un tribunal que nos escuche, ampare y defienda contra el fuerte y el arbitrario -de manera independiente-, no existir\u00e1 un medio eficaz para combatirlos, pues sin la suspensi\u00f3n del Acto en el Amparo, se ejecutar\u00e1n los actos arbitrarios de manera inmediata.<\/p>\n\n\n\n<p>\u200bEn el vest\u00edbulo de la entrada de la Suprema Corte de Justicia de la Naci\u00f3n, se encuentran las estatuas de los juristas Ignacio L. Vallarta, Mariano Otero y Manuel Crescencio Rej\u00f3n, creadores del Juicio de Amparo en M\u00e9xico. Que las nuevas generaciones de abogadas y abogados recuerden su legado y eleven la voz para evitar este retroceso: la Suspensi\u00f3n no es un tecnicismo, es el dique que hace posible que los efectos del Amparo lleguen a tiempo para proteger los derechos.<\/p>\n\n\n\n<p>\u200bAs\u00ed como la cruz en la l\u00e1pida simboliza la esperanza en la vida eterna y la resurrecci\u00f3n, en este caso, con dicha Reforma, habremos de tener esperanza -alg\u00fan d\u00eda- de un gobierno con divisi\u00f3n de poderes, con independencia judicial y con una protecci\u00f3n eficiente de derechos fundamentales.<\/p>\n","protected":false},"excerpt":{"rendered":"<p>Diego Moreno Detectives Salvajes \u200bManuel Crescencio Rej\u00f3n, elabor\u00f3 a fines de 1840 un proyecto de Constituci\u00f3n para el Estado de Yucat\u00e1n, en el que, por primera vez, se hace uso de la expresi\u00f3n \u201camparar\u201d, que indica el fin substancial de nuestro actual Juicio de Amparo. \u200bEn dicho Proyecto se le otorgaba al Poder Judicial, entre [&hellip;]<\/p>\n","protected":false},"author":2,"featured_media":152027,"comment_status":"closed","ping_status":"closed","sticky":false,"template":"","format":"standard","meta":{"_jetpack_newsletter_access":"","_jetpack_dont_email_post_to_subs":false,"_jetpack_newsletter_tier_id":0,"_jetpack_memberships_contains_paywalled_content":false,"_jetpack_memberships_contains_paid_content":false,"footnotes":""},"categories":[70],"tags":[46278,24267,18055,46279,467],"class_list":["post-153771","post","type-post","status-publish","format-standard","has-post-thumbnail","hentry","category-de-opinion","tag-derechos-humanos-mexico","tag-division-de-poderes","tag-juicio-de-amparo","tag-reforma-ley-de-amparo","tag-suprema-corte-de-justicia"],"jetpack_featured_media_url":"https:\/\/lospoliticosveracruz.com.mx\/wp-content\/uploads\/2025\/09\/Diego-Moreno-2.jpg","jetpack_sharing_enabled":true,"jetpack_shortlink":"https:\/\/wp.me\/p4Qcd3-E0b","_links":{"self":[{"href":"https:\/\/lospoliticosveracruz.com.mx\/index.php?rest_route=\/wp\/v2\/posts\/153771","targetHints":{"allow":["GET"]}}],"collection":[{"href":"https:\/\/lospoliticosveracruz.com.mx\/index.php?rest_route=\/wp\/v2\/posts"}],"about":[{"href":"https:\/\/lospoliticosveracruz.com.mx\/index.php?rest_route=\/wp\/v2\/types\/post"}],"author":[{"embeddable":true,"href":"https:\/\/lospoliticosveracruz.com.mx\/index.php?rest_route=\/wp\/v2\/users\/2"}],"replies":[{"embeddable":true,"href":"https:\/\/lospoliticosveracruz.com.mx\/index.php?rest_route=%2Fwp%2Fv2%2Fcomments&post=153771"}],"version-history":[{"count":1,"href":"https:\/\/lospoliticosveracruz.com.mx\/index.php?rest_route=\/wp\/v2\/posts\/153771\/revisions"}],"predecessor-version":[{"id":153772,"href":"https:\/\/lospoliticosveracruz.com.mx\/index.php?rest_route=\/wp\/v2\/posts\/153771\/revisions\/153772"}],"wp:featuredmedia":[{"embeddable":true,"href":"https:\/\/lospoliticosveracruz.com.mx\/index.php?rest_route=\/wp\/v2\/media\/152027"}],"wp:attachment":[{"href":"https:\/\/lospoliticosveracruz.com.mx\/index.php?rest_route=%2Fwp%2Fv2%2Fmedia&parent=153771"}],"wp:term":[{"taxonomy":"category","embeddable":true,"href":"https:\/\/lospoliticosveracruz.com.mx\/index.php?rest_route=%2Fwp%2Fv2%2Fcategories&post=153771"},{"taxonomy":"post_tag","embeddable":true,"href":"https:\/\/lospoliticosveracruz.com.mx\/index.php?rest_route=%2Fwp%2Fv2%2Ftags&post=153771"}],"curies":[{"name":"wp","href":"https:\/\/api.w.org\/{rel}","templated":true}]}}