{"id":153788,"date":"2025-10-03T22:51:48","date_gmt":"2025-10-04T03:51:48","guid":{"rendered":"https:\/\/lospoliticosveracruz.com.mx\/?p=153788"},"modified":"2025-10-03T22:52:02","modified_gmt":"2025-10-04T03:52:02","slug":"houston-houston-tenemos-un-proyecto","status":"publish","type":"post","link":"https:\/\/lospoliticosveracruz.com.mx\/?p=153788","title":{"rendered":"HOUSTON! HOUSTON! TENEMOS UN PROYECTO!"},"content":{"rendered":"\n<p><\/p>\n\n\n\n\n\n<p>La&nbsp;<strong>Secretaria de Educaci\u00f3n de Veracruz, doctora Claudia Tello Espinosa<\/strong>, recibi\u00f3 en su oficina a estudiantes del&nbsp;<strong>Tecnol\u00f3gico de Mart\u00ednez de la Torre<\/strong>, quienes participar\u00e1n en la&nbsp;<strong>Primera Feria de Proyectos M\u00e9xico en el Nasa Space Center<\/strong>&nbsp;que se llevar\u00e1 a cabo en&nbsp;<strong>Houston, Texas<\/strong>, del 13 al 15 de octubre.<\/p>\n\n\n\n\n\n<p>Con gran entusiasmo los estudiantes agradecieron el respaldo de la&nbsp;<strong>gobernadora Roc\u00edo Nahle<\/strong>&nbsp;y el apoyo total de la doctora&nbsp;<strong>Claudia Tello<\/strong>&nbsp;para realizar este viaje, ya que es la primera vez en la historia del&nbsp;<strong>Tecnol\u00f3gico de Mart\u00ednez de la Torre<\/strong>, bajo la direcci\u00f3n de la&nbsp;<strong>maestra Siria Mart\u00ednez Loyo<\/strong>, que presentar\u00e1 sus proyectos en el extranjero, siendo el \u00fanico tecnol\u00f3gico que representar\u00e1 al estado de&nbsp;<strong>Veracruz<\/strong>.<\/p>\n\n\n\n<p>En la&nbsp;<strong>Primera Feria de Proyectos M\u00e9xico en el Nasa Space Center<\/strong>&nbsp;tan solo se expondr\u00e1n diez proyectos, de los cuales dos pertenecen al&nbsp;<strong>Tecnol\u00f3gico de Mart\u00ednez de la Torre<\/strong>. Uno de ellos obtuvo su pase a la etapa nacional del&nbsp;<strong>InnovaTecNM 2025<\/strong>.<\/p>\n\n\n\n<p>Se trata de dos innovadoras propuestas ecofriendly:&nbsp;<strong>\u201cBiopel\u00edcula a Base de Lactosuero y Pectina de Naranja como Sustituto de Cera en las Empacadoras\u201d<\/strong>&nbsp;y&nbsp;<strong>\u201cColorante Rojo Natural en Gel a partir del Muicle y de Maguey Morado\u201d<\/strong>.<\/p>\n\n\n\n<p>En este encuentro internacional el Tecnol\u00f3gico compartir\u00e1 escenario con reconocidas instituciones como la&nbsp;<strong>UNAM<\/strong>, el&nbsp;<strong>Instituto Polit\u00e9cnico Nacional<\/strong>, la&nbsp;<strong>Universidad Aut\u00f3noma de Nuevo Le\u00f3n<\/strong>, la&nbsp;<strong>Universidad Aut\u00f3noma de Chiapas<\/strong>, la&nbsp;<strong>Universidad Aut\u00f3noma de Chapingo<\/strong>, la&nbsp;<strong>Universidad Veracruzana<\/strong>&nbsp;y el&nbsp;<strong>Tecnol\u00f3gico de Matamoros<\/strong>.<\/p>\n\n\n\n<p>Gracias a la gesti\u00f3n de la&nbsp;<strong>Directora General, maestra Siria Mart\u00ednez Loyo<\/strong>, este sue\u00f1o se est\u00e1 concretando, marcando un antes y un despu\u00e9s en la proyecci\u00f3n acad\u00e9mica y cient\u00edfica del&nbsp;<strong>Tecnol\u00f3gico de Mart\u00ednez de la Torre<\/strong>.<\/p>\n\n\n\n<p>Esta ser\u00e1 una experiencia \u00fanica e inolvidable para&nbsp;<strong>Estefany L\u00f3pez Mart\u00ednez, \u00c1ngel Mart\u00ednez Ru\u00edz, \u00c1ngel Garc\u00eda Bonilla, Brandon Isaac Lozano y Yair Salome Villanueva<\/strong>, llevando el nombre de&nbsp;<strong>Veracruz<\/strong>&nbsp;a lo m\u00e1s alto.<\/p>\n","protected":false},"excerpt":{"rendered":"<p>La&nbsp;Secretaria de Educaci\u00f3n de Veracruz, doctora Claudia Tello Espinosa, recibi\u00f3 en su oficina a estudiantes del&nbsp;Tecnol\u00f3gico de Mart\u00ednez de la Torre, quienes participar\u00e1n en la&nbsp;Primera Feria de Proyectos M\u00e9xico en el Nasa Space Center&nbsp;que se llevar\u00e1 a cabo en&nbsp;Houston, Texas, del 13 al 15 de octubre. Con gran entusiasmo los estudiantes agradecieron el respaldo de [&hellip;]<\/p>\n","protected":false},"author":2,"featured_media":153789,"comment_status":"closed","ping_status":"closed","sticky":false,"template":"","format":"standard","meta":{"_jetpack_newsletter_access":"","_jetpack_dont_email_post_to_subs":false,"_jetpack_newsletter_tier_id":0,"_jetpack_memberships_contains_paywalled_content":false,"_jetpack_memberships_contains_paid_content":false,"footnotes":""},"categories":[73],"tags":[46287,46293,46291,46289,46288],"class_list":["post-153788","post","type-post","status-publish","format-standard","has-post-thumbnail","hentry","category-de-boleto","tag-estudiantes-mexicanos-en-el-extranjero","tag-feria-de-proyectos-mexico","tag-innovacion-cientifica-veracruz","tag-proyectos-nasa-houston","tag-tecnologico-de-martinez-de-la-torre"],"jetpack_featured_media_url":"https:\/\/lospoliticosveracruz.com.mx\/wp-content\/uploads\/2025\/10\/IMG_9688.jpeg","jetpack_sharing_enabled":true,"jetpack_shortlink":"https:\/\/wp.me\/p4Qcd3-E0s","_links":{"self":[{"href":"https:\/\/lospoliticosveracruz.com.mx\/index.php?rest_route=\/wp\/v2\/posts\/153788","targetHints":{"allow":["GET"]}}],"collection":[{"href":"https:\/\/lospoliticosveracruz.com.mx\/index.php?rest_route=\/wp\/v2\/posts"}],"about":[{"href":"https:\/\/lospoliticosveracruz.com.mx\/index.php?rest_route=\/wp\/v2\/types\/post"}],"author":[{"embeddable":true,"href":"https:\/\/lospoliticosveracruz.com.mx\/index.php?rest_route=\/wp\/v2\/users\/2"}],"replies":[{"embeddable":true,"href":"https:\/\/lospoliticosveracruz.com.mx\/index.php?rest_route=%2Fwp%2Fv2%2Fcomments&post=153788"}],"version-history":[{"count":2,"href":"https:\/\/lospoliticosveracruz.com.mx\/index.php?rest_route=\/wp\/v2\/posts\/153788\/revisions"}],"predecessor-version":[{"id":153791,"href":"https:\/\/lospoliticosveracruz.com.mx\/index.php?rest_route=\/wp\/v2\/posts\/153788\/revisions\/153791"}],"wp:featuredmedia":[{"embeddable":true,"href":"https:\/\/lospoliticosveracruz.com.mx\/index.php?rest_route=\/wp\/v2\/media\/153789"}],"wp:attachment":[{"href":"https:\/\/lospoliticosveracruz.com.mx\/index.php?rest_route=%2Fwp%2Fv2%2Fmedia&parent=153788"}],"wp:term":[{"taxonomy":"category","embeddable":true,"href":"https:\/\/lospoliticosveracruz.com.mx\/index.php?rest_route=%2Fwp%2Fv2%2Fcategories&post=153788"},{"taxonomy":"post_tag","embeddable":true,"href":"https:\/\/lospoliticosveracruz.com.mx\/index.php?rest_route=%2Fwp%2Fv2%2Ftags&post=153788"}],"curies":[{"name":"wp","href":"https:\/\/api.w.org\/{rel}","templated":true}]}}