{"id":153792,"date":"2025-10-04T07:23:22","date_gmt":"2025-10-04T12:23:22","guid":{"rendered":"https:\/\/lospoliticosveracruz.com.mx\/?p=153792"},"modified":"2025-10-04T07:23:53","modified_gmt":"2025-10-04T12:23:53","slug":"manuel-huerta-morena-y-veracruz","status":"publish","type":"post","link":"https:\/\/lospoliticosveracruz.com.mx\/?p=153792","title":{"rendered":"MANUEL HUERTA, MORENA Y VERACRUZ"},"content":{"rendered":"\n\n\n<p><br><strong>Ricardo Chua<\/strong><\/p>\n\n\n\n<p><em>Sale y Vale<\/em><\/p>\n\n\n\n<p><\/p>\n\n\n\n<p>Hay quien dice en Veracruz, que despu\u00e9s de la descalificaci\u00f3n de Claudia Shienbaum, en contra del senador veracruzano Manuel Huerta Ladr\u00f3n de Guevera.. Por la famosa y pol\u00e9mica reserva sobre la Retroactividad en la Reforma a la Ley de Amparo, que hizo el legislador el pasado jueves.. Se le cay\u00f3 toda aspiraci\u00f3n pol\u00edtica para el 2030 en Veracruz.. Es decir, la famosa candidatura a gobernador, que afanosamente, buscar\u00e1 Huerta en ese a\u00f1o por parte de MORENA.. A pesar de la animadversi\u00f3n pol\u00edtica, que existe en su contra dentro de la dirigencia estatal del partido MORENA y sobre todo por la oficina principal de Palacio de Gobierno en Xalapa.. No lo van a dejar \u00abllegar\u00bb, pero sobre todo lo van a tratar de \u00abvetar\u00bb..<\/p>\n\n\n\n<p>En Veracruz, se sabe que para la carrera a la gubernatura al 2030, la decisi\u00f3n final la tomar\u00e1n en Palacio Nacional en CDMX y no en Xalapa.. Aunque los propagandistas de la 4T local, digan que no es cierto, que la decisi\u00f3n la tomar\u00e1n en el edificio del Parque Enriquez en Xalapa.. Pero por aquello de las \u00abrecochinas\u00bb dudas.. Se comenta en la capital del Estado, que buscar\u00e1n que el veto a Manuel Huerta, no venga del gobierno estatal sino directamente de la Presidenta Claudia Shienbaum.. Aprovechando esta coyuntura del error garrafal cometido con la Reforma de la Ley de Amparo y su retroactividad.. Pero acaso no es demasiado pronto para ello..<\/p>\n\n\n\n<p>Adem\u00e1s se sabe que si algo tiene Manuel Huerta es hacer ALIANZAS, COALICIONES Y ACUERDOS en lo \u00aboscurito\u00bb para lograr sus objetivos.. El senador ahora sabe bien que la Presidenta los necesita para sus reformas estructurales y un voto que se pierda.. Puede empezar a alcanzar la ca\u00edda de MORENA.. Por eso, Huerta ni se inmuta ante los se\u00f1alamientos de Shienbaum y ante los ataques recibidos desde Veracruz porque sabe bien en d\u00f3nde y con qui\u00e9n est\u00e1 parado.. Por eso, esas cr\u00edticas en su contra no le causan escozor y sigue insistiendo en meterse en temas candentes tanto en CDMX como en Veracruz.. \u00c9l sabe su juego y sus alcances.. Huerta no es ning\u00fan improvisado para que caiga en este tipo de \u00abjuegos\u00bb\u2026<\/p>\n\n\n\n<p>As\u00ed que tambi\u00e9n eso de ubicarlo muy cerca de Ad\u00e1n Augusto L\u00f3pez.. Aunque ac\u00e1 se\u00f1alan de todo.. Huerta no lo detiene y seguramente seguir\u00e1 caminando, buscando su objetivo en 2030.. Quiz\u00e1s m\u00e1s adelante tenga su \u00abWaterloo\u00bb pol\u00edtico.. Pero en este momento no, sabe bien que est\u00e1 protegido con todas sus acciones.. Y no necesita del ex gobernador tabasque\u00f1o para que \u00e9l haga su propio \u00abjuego\u00bb con miras hasta donde quieras.. Cabe recordar que Manuel Huerta tiene muchos simpatizantes dentro del Movimiento, que le siguen siendo leales y con ellos la va a \u00abjugar\u00bb seguramente m\u00e1s adelante para apuntalar su camino a la gubernatura\u2026<\/p>\n\n\n\n<p>Sobre todo porque informes al interior de MORENA, sobre la realidad pol\u00edtica que vive su partido en Veracruz, como que el senador Manuel Huerta Ladr\u00f3n de Guevara, es quien realmente a\u00fan controla las \u00abhuestes\u00bb pol\u00edticas de este organismo en la entidad.. Pese a la fuerza del gobierno estatal.. El legislador ser\u00e1 el \u00abdolor de cabeza\u00bb para el grupo en el poder de MORENA en la entidad.. Y para donde se cargue el senador en 2027, 2029 y 2030.. Se le van a poner las cosas \u00abmuy canijas\u00bb a este organismo pol\u00edtico.. Ya que Huerta trae el verdadero potencial.. Tanto as\u00ed que las \u00ableyendas urbanas\u00bb al interior de MORENA en Veracruz.. Se\u00f1alan que es tal la operaci\u00f3n pol\u00edtica de Huerta Ladr\u00f3n de Guevara entre los \u00abMorenos\u00bb.. Que meti\u00f3 candidatos a otros partidos en elecci\u00f3n a alcaldes..<\/p>\n\n\n\n<p>Como presuntamente sucedi\u00f3 en Movimiento Ciudadano y Partido del Trabajo, que en esta elecci\u00f3n a las alcald\u00edas los hizo ganar\u2026 Ahora muchos de ellos son alcaldes electos.. As\u00ed que Huerta se puede decir que tiene tanta gente de su grupo pol\u00edtico por todos lados.. Ya que para dentro de 5 a\u00f1os, quiz\u00e1s, el desgaste pol\u00edtico y de gobierno que tendr\u00e1 en Veracruz el partido MORENA ser\u00e1 muy fuerte.. Y si esa fuerza est\u00e1 menguada, entonces, no habr\u00e1 otro en MORENA para operar que Manuel Huerta.. Pero con el riesgo que si no lo dejan pasar en 2030, el senador les puede hacer un \u00abboquete\u00bb tremendo para que se carguen para otro lado la elecci\u00f3n aunque la Presidencial la gane MORENA y la elecci\u00f3n a gobernador la obtenga otro partido distinto a los \u00abMorenos\u00bb..<\/p>\n\n\n\n<p>Adem\u00e1s como el senador ha visto que pese a las acciones que puedan tomar en su contra.. NO PASA NADA.. Y no lo pueden expulsar si Claudia Shienbaum, no quiere.. As\u00ed que puede ser muy factible que para el 2030 estemos viendo a Manuel Huerta como candidato a gobernador del PT y del PVEM.. S\u00f3lo hay que recordar que el senador gan\u00f3 la encuesta a gobernador en 2023, iba en la primera f\u00f3rmula en el Senado y lo bajaron de Palacio Nacional a la segunda f\u00f3rmula.. A pesar de todo, \u00e9l entr\u00f3 como senador y as\u00ed gan\u00f3.. As\u00ed que es f\u00e1cil que Huerta haga lo que har\u00e1n en San Luis Potos\u00ed y Zacatecas para el 2027, donde ir\u00e1n juntos el PVEM y PT sin MORENA.. Si les funciona all\u00e1..<\/p>\n\n\n\n<p>Esto debido a que si Huerta logra convencer al PT y PVEM de \u00abjugarla\u00bb con \u00e9l y les \u00abarranque\u00bb lo que tiene MORENA y lo que pueda \u00abjalar\u00bb de Movimiento Ciudadano y PRI.. Y \u00abaguas\u00bb porque la cosa se les puede complicar en el 2030 para que haya un tercer gobernador al \u00abhilo\u00bb de filiaci\u00f3n \u00abMorenista\u00bb.. M\u00e1s si contin\u00faa esa alianza que hay de todos los senadores en el pa\u00eds.. Nadie puede criticar ya que Huerta pueda tener alianza con Miguel \u00c1ngel Yunes M\u00e1rquez y Miguel \u00c1ngel Yunes Linares.. Si todos sirven ya a la 4T de Claudia Sheinbaum.. Y hasta el 2030 ser\u00e1 la 4T de Shienbaum..Cu\u00e1l sufrir.. TODOS SON EQUIPO..<\/p>\n\n\n\n<p>Manuel Huerta es un SOBREVIVIENTE de MORENA en Veracruz.. Lo demostr\u00f3 en los 6 a\u00f1os que sobrevivi\u00f3 al gobierno de Cuitl\u00e1huac.. A los ataques de Eric Patrocinio Cisneros.. Hasta todo tipo de acusaciones penales en su contra.. Pero ni a\u00fan as\u00ed pudieron detenerlo.. Tanto fue el control que tiene Huerta de MORENA.. Que les gan\u00f3 la encuesta a gobernador en 2023 a\u00fan sobre Garc\u00eda Jim\u00e9nez, que apost\u00f3 todo por Patrocinio y el poder de la federaci\u00f3n que tra\u00eda a Roc\u00edo Nahle con el apoyo de Andr\u00e9s Manuel L\u00f3pez Obrador.. As\u00ed que si resisti\u00f3 ese sexenio.. Manuel Huerta tiene un buen tramo que recorrer.. Qui\u00e9n dice que no pueda hacerlo.. Con \u00abgrillas\u00bb o no.. AMEN..<\/p>\n","protected":false},"excerpt":{"rendered":"<p>Ricardo Chua Sale y Vale Hay quien dice en Veracruz, que despu\u00e9s de la descalificaci\u00f3n de Claudia Shienbaum, en contra del senador veracruzano Manuel Huerta Ladr\u00f3n de Guevera.. Por la famosa y pol\u00e9mica reserva sobre la Retroactividad en la Reforma a la Ley de Amparo, que hizo el legislador el pasado jueves.. Se le cay\u00f3 [&hellip;]<\/p>\n","protected":false},"author":2,"featured_media":141434,"comment_status":"closed","ping_status":"closed","sticky":false,"template":"","format":"standard","meta":{"_jetpack_newsletter_access":"","_jetpack_dont_email_post_to_subs":false,"_jetpack_newsletter_tier_id":0,"_jetpack_memberships_contains_paywalled_content":false,"_jetpack_memberships_contains_paid_content":false,"footnotes":""},"categories":[70],"tags":[1850,1026,3578,195],"class_list":["post-153792","post","type-post","status-publish","format-standard","has-post-thumbnail","hentry","category-de-opinion","tag-manuel-huerta-ladron-de-guevara","tag-morena","tag-rocio-nahle","tag-veracruz"],"jetpack_featured_media_url":"https:\/\/lospoliticosveracruz.com.mx\/wp-content\/uploads\/2025\/04\/Chua-e1761364658706.jpg","jetpack_sharing_enabled":true,"jetpack_shortlink":"https:\/\/wp.me\/p4Qcd3-E0w","_links":{"self":[{"href":"https:\/\/lospoliticosveracruz.com.mx\/index.php?rest_route=\/wp\/v2\/posts\/153792","targetHints":{"allow":["GET"]}}],"collection":[{"href":"https:\/\/lospoliticosveracruz.com.mx\/index.php?rest_route=\/wp\/v2\/posts"}],"about":[{"href":"https:\/\/lospoliticosveracruz.com.mx\/index.php?rest_route=\/wp\/v2\/types\/post"}],"author":[{"embeddable":true,"href":"https:\/\/lospoliticosveracruz.com.mx\/index.php?rest_route=\/wp\/v2\/users\/2"}],"replies":[{"embeddable":true,"href":"https:\/\/lospoliticosveracruz.com.mx\/index.php?rest_route=%2Fwp%2Fv2%2Fcomments&post=153792"}],"version-history":[{"count":1,"href":"https:\/\/lospoliticosveracruz.com.mx\/index.php?rest_route=\/wp\/v2\/posts\/153792\/revisions"}],"predecessor-version":[{"id":153793,"href":"https:\/\/lospoliticosveracruz.com.mx\/index.php?rest_route=\/wp\/v2\/posts\/153792\/revisions\/153793"}],"wp:featuredmedia":[{"embeddable":true,"href":"https:\/\/lospoliticosveracruz.com.mx\/index.php?rest_route=\/wp\/v2\/media\/141434"}],"wp:attachment":[{"href":"https:\/\/lospoliticosveracruz.com.mx\/index.php?rest_route=%2Fwp%2Fv2%2Fmedia&parent=153792"}],"wp:term":[{"taxonomy":"category","embeddable":true,"href":"https:\/\/lospoliticosveracruz.com.mx\/index.php?rest_route=%2Fwp%2Fv2%2Fcategories&post=153792"},{"taxonomy":"post_tag","embeddable":true,"href":"https:\/\/lospoliticosveracruz.com.mx\/index.php?rest_route=%2Fwp%2Fv2%2Ftags&post=153792"}],"curies":[{"name":"wp","href":"https:\/\/api.w.org\/{rel}","templated":true}]}}