{"id":153807,"date":"2025-10-05T13:20:15","date_gmt":"2025-10-05T18:20:15","guid":{"rendered":"https:\/\/lospoliticosveracruz.com.mx\/?p=153807"},"modified":"2025-10-05T13:20:29","modified_gmt":"2025-10-05T18:20:29","slug":"la-libra-la-justicia","status":"publish","type":"post","link":"https:\/\/lospoliticosveracruz.com.mx\/?p=153807","title":{"rendered":"LA LIBRA LA JUSTICIA!"},"content":{"rendered":"\n\n\n<p>Durante el ejercicio fiscal 2024, el <strong>Poder Judicial del Estado de Veracruz<\/strong> manej\u00f3 de forma escrupulosa y con estricto apego a la legalidad los recursos p\u00fablicos que le fueron asignados. As\u00ed lo valida el <strong>Informe Federal Ejecutivo de la Fiscalizaci\u00f3n Superior de la Cuenta P\u00fablica 2024<\/strong> que el <strong>\u00d3rgano de Fiscalizaci\u00f3n Superior del Estado de Veracruz (ORFIS)<\/strong> entreg\u00f3 ante el <strong>Congreso del Estado<\/strong>, del que se desprenden algunas observaciones menores y recomendaciones de car\u00e1cter financiero presupuestal, destacando que las mismas \u201cno causan perjuicio a la Hacienda P\u00fablica del Ente Fiscalizable\u201d.<\/p>\n\n\n\n\n\n<p>El documento contempl\u00f3 la revisi\u00f3n del ejercicio presupuestal autorizado al <strong>Poder Judicial<\/strong>, tanto ingresos como egresos, la evaluaci\u00f3n al cumplimiento del marco jur\u00eddico federal y estatal aplicable, as\u00ed como la gesti\u00f3n financiera. La revisi\u00f3n fue de alcance integral: financiera-presupuestal, auditor\u00eda t\u00e9cnica a la obra p\u00fablica y servicios ejecutados; as\u00ed como en materia de deuda p\u00fablica, obligaciones y disciplina financiera.<\/p>\n\n\n\n<p>La representatividad de la muestra de la auditor\u00eda financiera fue del <strong>60%<\/strong> en el caso de ingresos y del <strong>79.76%<\/strong> en el rubro de egresos y respecto a la muestra de auditor\u00eda t\u00e9cnica, la muestra fue del <strong>100%<\/strong>, seg\u00fan consta en el documento.<\/p>\n","protected":false},"excerpt":{"rendered":"<p>Durante el ejercicio fiscal 2024, el Poder Judicial del Estado de Veracruz manej\u00f3 de forma escrupulosa y con estricto apego a la legalidad los recursos p\u00fablicos que le fueron asignados. As\u00ed lo valida el Informe Federal Ejecutivo de la Fiscalizaci\u00f3n Superior de la Cuenta P\u00fablica 2024 que el \u00d3rgano de Fiscalizaci\u00f3n Superior del Estado de [&hellip;]<\/p>\n","protected":false},"author":2,"featured_media":153808,"comment_status":"closed","ping_status":"closed","sticky":false,"template":"","format":"standard","meta":{"_jetpack_newsletter_access":"","_jetpack_dont_email_post_to_subs":false,"_jetpack_newsletter_tier_id":0,"_jetpack_memberships_contains_paywalled_content":false,"_jetpack_memberships_contains_paid_content":false,"footnotes":""},"categories":[73],"tags":[46298,46299,35813,45848],"class_list":["post-153807","post","type-post","status-publish","format-standard","has-post-thumbnail","hentry","category-de-boleto","tag-fiscalizacion-2024","tag-legalidad-financiera-veracruz","tag-orfis-veracruz","tag-poder-judicial-veracruz"],"jetpack_featured_media_url":"https:\/\/lospoliticosveracruz.com.mx\/wp-content\/uploads\/2025\/10\/Poder-Judicial.jpeg","jetpack_sharing_enabled":true,"jetpack_shortlink":"https:\/\/wp.me\/p4Qcd3-E0L","_links":{"self":[{"href":"https:\/\/lospoliticosveracruz.com.mx\/index.php?rest_route=\/wp\/v2\/posts\/153807","targetHints":{"allow":["GET"]}}],"collection":[{"href":"https:\/\/lospoliticosveracruz.com.mx\/index.php?rest_route=\/wp\/v2\/posts"}],"about":[{"href":"https:\/\/lospoliticosveracruz.com.mx\/index.php?rest_route=\/wp\/v2\/types\/post"}],"author":[{"embeddable":true,"href":"https:\/\/lospoliticosveracruz.com.mx\/index.php?rest_route=\/wp\/v2\/users\/2"}],"replies":[{"embeddable":true,"href":"https:\/\/lospoliticosveracruz.com.mx\/index.php?rest_route=%2Fwp%2Fv2%2Fcomments&post=153807"}],"version-history":[{"count":1,"href":"https:\/\/lospoliticosveracruz.com.mx\/index.php?rest_route=\/wp\/v2\/posts\/153807\/revisions"}],"predecessor-version":[{"id":153809,"href":"https:\/\/lospoliticosveracruz.com.mx\/index.php?rest_route=\/wp\/v2\/posts\/153807\/revisions\/153809"}],"wp:featuredmedia":[{"embeddable":true,"href":"https:\/\/lospoliticosveracruz.com.mx\/index.php?rest_route=\/wp\/v2\/media\/153808"}],"wp:attachment":[{"href":"https:\/\/lospoliticosveracruz.com.mx\/index.php?rest_route=%2Fwp%2Fv2%2Fmedia&parent=153807"}],"wp:term":[{"taxonomy":"category","embeddable":true,"href":"https:\/\/lospoliticosveracruz.com.mx\/index.php?rest_route=%2Fwp%2Fv2%2Fcategories&post=153807"},{"taxonomy":"post_tag","embeddable":true,"href":"https:\/\/lospoliticosveracruz.com.mx\/index.php?rest_route=%2Fwp%2Fv2%2Ftags&post=153807"}],"curies":[{"name":"wp","href":"https:\/\/api.w.org\/{rel}","templated":true}]}}