{"id":153839,"date":"2025-10-06T06:03:15","date_gmt":"2025-10-06T11:03:15","guid":{"rendered":"https:\/\/lospoliticosveracruz.com.mx\/?p=153839"},"modified":"2025-10-06T06:03:45","modified_gmt":"2025-10-06T11:03:45","slug":"que-se-vaya-tello-que-se-vaya","status":"publish","type":"post","link":"https:\/\/lospoliticosveracruz.com.mx\/?p=153839","title":{"rendered":"\u00a1QUE SE VAYA TELLO, QUE SE VAYA!"},"content":{"rendered":"\n<p><br><strong>Bernardo Guti\u00e9rrez Parra<\/strong><\/p>\n\n\n\n<p><em>Desde el Caf\u00e9<\/em><br>Cuando Claudia Tello Espinosa acept\u00f3 la titularidad de la Secretar\u00eda de Educaci\u00f3n de Veracruz, quiz\u00e1 no se imagin\u00f3 la cantidad de alacranes con los que se topar\u00eda en esa dependencia\u2026 o quiz\u00e1 s\u00ed y por eso acept\u00f3 la encomienda.<\/p>\n\n\n\n\n\n<p>Esto lo comento porque el s\u00e1bado anterior en el Estadio xalape\u00f1o \u201cHeriberto Jara Corona\u201d, maestros de la Secci\u00f3n 32 del SNTE, quienes se congregaron con motivo del 29\u00b0 aniversario de la Reagrupaci\u00f3n del Equipo Pol\u00edtico y el VIII aniversario luctuoso del profesor Juan Nicol\u00e1s Callejas Arroyo, aprovecharon para hacer lo que mejor saben: grillar.<\/p>\n\n\n\n<p>En su discurso, el l\u00edder magisterial Daniel Covarrubias L\u00f3pez critic\u00f3 a la secretaria de Educaci\u00f3n, Claudia Tello, pidiendo su salida de la dependencia, lo que gener\u00f3 que los asistentes en coro lo secundaran: \u00a1Fuera Tello, fuera Tello, fuera Tello!<\/p>\n\n\n\n<p>Es obvio, a todas luces, que el sindicato mayoritario no ha logrado poner de rodillas ni a la SEV ni a su titular. Si recuerdas lector, a principios de este a\u00f1o, un grupo de sindicatos minoritarios (ocho para ser exactos) intentaron seguir con los privilegios heredados del pasado inmediato, cuando al frente de la dependencia estaba el ahora diputado federal Zenyazen Escobar Garc\u00eda. Tomaron las instalaciones de la SEV para ver si doblaban a la maestra Tello y no lo lograron.<\/p>\n\n\n\n<p>No tengo el gusto de conocer a la doctora Claudia Tello, pero desde esa ocasi\u00f3n en que dio un manotazo sobre la mesa, supe que ten\u00eda temple y car\u00e1cter y que no permitir\u00eda que intereses particulares se interpusieran en el proyecto de elevar la calidad educativa de Veracruz que le encomend\u00f3 su jefa, la gobernadora Roc\u00edo Nahle.<\/p>\n\n\n\n<p>Y ahora, quienes se resisten son los integrantes de la Secci\u00f3n 32 del SNTE, un sector privilegiado del magisterio, comparsa por a\u00f1os de los gobiernos en turno (nom\u00e1s hay que recordar cuando eran m\u00e1s priistas que el PRI), para obtener privilegios, para tener las mejores posiciones y para lucrar con el presupuesto destinado a la educaci\u00f3n de los veracruzanos.<\/p>\n\n\n\n<p>Los liderazgos y el gremio magisterial de la Secci\u00f3n 32 le han quedado a deber al estudiantado de la entidad. Seg\u00fan datos del INEGI, Veracruz es tercer lugar nacional en rezago educativo. \u00bfQu\u00e9 hicieron los maestros del SNTE para evitar ese rezago? Lo de siempre: grillar, hacer politiquer\u00eda y buscar alianzas con la 4T como lo hicieron con el PRI y el PAN. En fin, todo menos educar porque as\u00ed son, esa es su naturaleza.<\/p>\n\n\n\n<p>De acuerdo con el INEGI, entre 2022 y 2024 el rezago educativo se redujo en 25 entidades. En puntos porcentuales, dicho rezago disminuy\u00f3 en Michoac\u00e1n (3.2), Quer\u00e9taro (3.1) e Hidalgo (2.0). Por su parte, seis entidades aumentaron su rezago educativo entre las que destacan Chiapas, que pas\u00f3 del 31.1 al 34.0 por ciento; Oaxaca, del 29.1 al 30.5\u202fpor ciento y Veracruz, del 25.5 a 26.3.<\/p>\n\n\n\n<p>Pero los maestros y maestras del SNTE quieren seguir en la fiesta y montados en su \u201cinercia\u201d, en la pr\u00e1ctica com\u00fan de lucrar con la pol\u00edtica educativa, exigen la renuncia de la Secretaria Tello Espinosa s\u00f3lo porque no cede a sus caprichos.<\/p>\n\n\n\n<p>Y el mitin del s\u00e1bado fue muy significativo sobre todo por la actitud retadora y si tantito me apuras lector, hasta grosera, de los miembros de la Secci\u00f3n 32 contra la gobernadora Nahle, que lo \u00fanico que ha hecho es abrirles las puertas de su despacho.<\/p>\n\n\n\n<p>Es evidente que las profesoras y profesores venidos de todo el estado, fueron manipulados y utilizados por sus l\u00edderes para simular un evento-homenaje donde se pidi\u00f3 la salida de la secretaria de Educaci\u00f3n. Y es comprensible porque o est\u00e1n con los l\u00edderes o pierden la chamba.<\/p>\n\n\n\n<p>Pero una vez m\u00e1s qued\u00f3 en evidencia que a \u00e9stos no les interesa el proyecto educativo para Veracruz, sino que las autoridades cumplan sus caprichos. De ah\u00ed que azuzaran a sus agremiados a gritar: \u00a1Que se vaya Tello!, \u00a1Que se vaya Tello!<\/p>\n\n\n\n<p>Y s\u00ed lector; que se vaya Tello y que siga el rezago educativo. Que se vaya Tello y que sigan los privilegios de un sindicato, que sigan las componendas, que siga la baja calidad educativa que el sindicato mayoritario no ha logrado levantar a pesar de presumir su grandeza.<\/p>\n\n\n\n<p>S\u00ed, que se vaya Tello y siga la venta de plazas, las negociaciones en lo oscurito para los cambios de adscripci\u00f3n, el control de las tiendas escolares y los privilegios de un grupo sindical.<\/p>\n\n\n\n<p>S\u00ed, que se vaya Tello y que Veracruz siga sumido en la ignorancia porque lo que importa es chantajear, grillar, hacer pol\u00edtica muy barata, priorizar las marruller\u00edas sindicales y no a un proyecto que eleve la calidad educativa de la entidad veracruzana.<\/p>\n\n\n\n<p>bernagup28@gmail.com<\/p>\n","protected":false},"excerpt":{"rendered":"<p>Bernardo Guti\u00e9rrez Parra Desde el Caf\u00e9Cuando Claudia Tello Espinosa acept\u00f3 la titularidad de la Secretar\u00eda de Educaci\u00f3n de Veracruz, quiz\u00e1 no se imagin\u00f3 la cantidad de alacranes con los que se topar\u00eda en esa dependencia\u2026 o quiz\u00e1 s\u00ed y por eso acept\u00f3 la encomienda. Esto lo comento porque el s\u00e1bado anterior en el Estadio xalape\u00f1o [&hellip;]<\/p>\n","protected":false},"author":2,"featured_media":141479,"comment_status":"closed","ping_status":"closed","sticky":false,"template":"","format":"standard","meta":{"_jetpack_newsletter_access":"","_jetpack_dont_email_post_to_subs":false,"_jetpack_newsletter_tier_id":0,"_jetpack_memberships_contains_paywalled_content":false,"_jetpack_memberships_contains_paid_content":false,"footnotes":""},"categories":[70],"tags":[19961,951,88,3883,195],"class_list":["post-153839","post","type-post","status-publish","format-standard","has-post-thumbnail","hentry","category-de-opinion","tag-claudia-tello","tag-seccion-32","tag-sev","tag-snte","tag-veracruz"],"jetpack_featured_media_url":"https:\/\/lospoliticosveracruz.com.mx\/wp-content\/uploads\/2025\/04\/Bernardo-Gutierrez-Parra.jpg","jetpack_sharing_enabled":true,"jetpack_shortlink":"https:\/\/wp.me\/p4Qcd3-E1h","_links":{"self":[{"href":"https:\/\/lospoliticosveracruz.com.mx\/index.php?rest_route=\/wp\/v2\/posts\/153839","targetHints":{"allow":["GET"]}}],"collection":[{"href":"https:\/\/lospoliticosveracruz.com.mx\/index.php?rest_route=\/wp\/v2\/posts"}],"about":[{"href":"https:\/\/lospoliticosveracruz.com.mx\/index.php?rest_route=\/wp\/v2\/types\/post"}],"author":[{"embeddable":true,"href":"https:\/\/lospoliticosveracruz.com.mx\/index.php?rest_route=\/wp\/v2\/users\/2"}],"replies":[{"embeddable":true,"href":"https:\/\/lospoliticosveracruz.com.mx\/index.php?rest_route=%2Fwp%2Fv2%2Fcomments&post=153839"}],"version-history":[{"count":1,"href":"https:\/\/lospoliticosveracruz.com.mx\/index.php?rest_route=\/wp\/v2\/posts\/153839\/revisions"}],"predecessor-version":[{"id":153840,"href":"https:\/\/lospoliticosveracruz.com.mx\/index.php?rest_route=\/wp\/v2\/posts\/153839\/revisions\/153840"}],"wp:featuredmedia":[{"embeddable":true,"href":"https:\/\/lospoliticosveracruz.com.mx\/index.php?rest_route=\/wp\/v2\/media\/141479"}],"wp:attachment":[{"href":"https:\/\/lospoliticosveracruz.com.mx\/index.php?rest_route=%2Fwp%2Fv2%2Fmedia&parent=153839"}],"wp:term":[{"taxonomy":"category","embeddable":true,"href":"https:\/\/lospoliticosveracruz.com.mx\/index.php?rest_route=%2Fwp%2Fv2%2Fcategories&post=153839"},{"taxonomy":"post_tag","embeddable":true,"href":"https:\/\/lospoliticosveracruz.com.mx\/index.php?rest_route=%2Fwp%2Fv2%2Ftags&post=153839"}],"curies":[{"name":"wp","href":"https:\/\/api.w.org\/{rel}","templated":true}]}}