{"id":154031,"date":"2025-10-07T18:19:19","date_gmt":"2025-10-07T23:19:19","guid":{"rendered":"https:\/\/lospoliticosveracruz.com.mx\/?p=154031"},"modified":"2025-10-07T18:19:36","modified_gmt":"2025-10-07T23:19:36","slug":"entre-caramelos-y-cocaina","status":"publish","type":"post","link":"https:\/\/lospoliticosveracruz.com.mx\/?p=154031","title":{"rendered":"ENTRE CARAMELOS Y COCA\u00cdNA\u00a0"},"content":{"rendered":"\n<p><br><strong>Jorge Arturo Rodr\u00edguez\u200b<\/strong><\/p>\n\n\n\n<p><em>Tierra de Babel<\/em><\/p>\n\n\n\n<p>Pero qu\u00e9 necesidad, qu\u00e9 necedad, de que somos, somos. Cierto, el ocio, a veces, es mala compa\u00f1\u00eda, o como reza el refr\u00e1n: la ociosidad es madre de todos los vicios. S\u00e9neca dec\u00eda que estar en ocio muy prolongado, no es reposo, es pereza. Aunque Thomas Hobbes sostiene que la ociosidad es la madre de la filosof\u00eda. \u00bfSer\u00e1? Me quedo con Franz Kafka: \u201cEl ocio es el padre de todos los vicios, y es el coronamiento de todas las virtudes\u201d. Claro, para el arte y la creatividad, el ocio no es mala compa\u00f1\u00eda, si se sabe apreciar.<\/p>\n\n\n\n\n\n<p>\u200bM\u00e1s acertadamente, dir\u00eda que la tonter\u00eda muchas veces nos alcanza, nos caracteriza por un momento o varios momentos. Lo digo, con muchos que lo piensan y quisieran decirlo: la tonter\u00eda muchas veces se aferra en los pol\u00edticos, gobernantes, funcionarios -que no funcionan-, servidores p\u00fablicos -que no sirven, mucho menos a todo el p\u00fablico, nom\u00e1s a un grup\u00fasculo de familiares, cuatachos, conocidos y \u201cde a c\u00f3mo no\u201d, carnal.<\/p>\n\n\n\n<p>\u200bDesde luego, no creo en eso de \u201cprimero los pobres\u201d que siguen pregonando, porque los pobres siguen igual o peor. Que unos cuantos hayan dado un pacito pa\u2019 delante en las cifras o estad\u00edsticas, no significa nada. El problema es erradicar la pobreza. \u00bfCu\u00e1ndo y c\u00f3mo? Nunca, porque la pobreza proporciona votos y seguidores y etc\u00e9tera. Para no referirme a la ignorancia. \u00bfD\u00f3nde la educaci\u00f3n? Por los suelos. \u00bfD\u00f3nde la salud? \u00a1En la m\u00e1user! \u00bfD\u00f3nde la justicia? \u00bfAlguien lo sabe?<\/p>\n\n\n\n<p>\u200bDe ver\u00e1s que da coraje: las y los representantes del pueblo proponen ocurrencias, es decir, mama\u2026 Oh, mam\u00e1. Claro, los mexicanos aguantamos eso y m\u00e1s, incluso que nos sigan robando y traicionando y\u2026 Los ricos siguen ricos; los pobres, para llorar. \u00bfAlguien tiene otro dato?<\/p>\n\n\n\n<p>\u200bBien, no me desv\u00edo. Que el diputado morenista Armando Corona Arvizu propuso la llamada Ley Antimemes, vaya que da risa, coraje y hasta miedo, pos a d\u00f3nde vamos a llegar con tanta intolerancia, por no hablar de estupideces. \u00bfY qu\u00e9 pasa en otros estados como Guerrero y Campeche? La libertad de expresi\u00f3n est\u00e1 haciendo acotada, poquito a poco, violentada, anulada. Eso se llama\u2026 Voy a darle un voto de confianza al diputado Ricardo Monreal: \u201cHe visto cada iniciativa que, bueno, para qu\u00e9 les cuento. Yo no votar\u00eda a favor, a pesar de que es un compa\u00f1ero m\u00edo. No se ha discutido en el grupo (\u2026). No hay que hacer nada que afecte a la libertad de expresi\u00f3n\u201d. Y se\u00f1al\u00f3 que \u201cno va a pasar\u201d. Uf, as\u00ed sea; y as\u00ed tambi\u00e9n con muchas otras iniciativas que no ayudan, sino joden a M\u00e9xico.<\/p>\n\n\n\n<p>\u200bHablando de memes, stickers, im\u00e1genes y anexas, un amigo me mand\u00f3 el siguiente: \u201cAntes a los huevones les dec\u00edamos como insulto: \u201cQue te mantenga el gobierno\u2026\u201d Lleg\u00f3 Morena y lo hizo realidad\u201d.<\/p>\n\n\n\n<p>\u200bBueno, con eso de los memes, recuerdo que antes llamaban al televisor: \u201cCaja idiota\u201d. Ahora tendr\u00edamos que decir: celular idiota, smartphone idiota, m\u00f3vil idiota\u2026 S\u00ed, porque muchas veces andamos como idioidioos, pues.<\/p>\n\n\n\n<p>\u200bJos\u00e9 Nicol\u00e1s, en su art\u00edculo \u201c\u00bfDar\u00edas a tu hijo una caja con porno y desinformaci\u00f3n? Eso tiene su m\u00f3vil\u201d, se\u00f1ala: \u201cLos grandes gur\u00fas de internet no dejan que sus hijos accedan a la red de redes hasta que son lo suficientemente mayores. Bill Gates ha contado que sus hijos tuvieron un smartphone a los 14 a\u00f1os, y Steve Jobs dec\u00eda que habr\u00eda que controlar el tiempo de uso de la tecnolog\u00eda en casa. Chris Anderson, exdirector de la revista Wired, una de las publicaciones de referencia sobre tecnolog\u00eda, afirm\u00f3 en The New York Times que \u201cen una escala entre caramelos y coca\u00edna\u201d, las pantallas se parecen m\u00e1s a la droga, y a\u00f1adi\u00f3 que los tecn\u00f3logos llegaron a pensar que podr\u00edan \u201ccontrolar\u201d la influencia de los m\u00f3viles, las pantallas e internet en la gente y, sobre todo, en los j\u00f3venes, pero que resulta imposible, porque esas tecnolog\u00edas \u201cvan directamente a los centros de placer del cerebro en desarrollo\u201d. (elpais.com, 02\/10\/2025). \u00a1No! \u00a1Ay, mis hijos!<\/p>\n\n\n\n<p>\u200bPor cierto, leo en la p\u00e1gina urff.wordpress.com: \u201cBusquemos desconectarnos de este aparato, ok, veamos pel\u00edculas de vez en cuando, series, programas educativos o de investigaci\u00f3n, igual hasta deportes y novelas, pero no volvamos este medio el centro de nuestra vida, la frase \u201cla realidad es m\u00e1s extra\u00f1a que la ficci\u00f3n\u201d, bien pudiera acomodarse a \u201cla realidad es m\u00e1s entretenida que la televisi\u00f3n\u201d. (23\/05\/2013). No pos s\u00ed, pero que alguien les explique.<\/p>\n\n\n\n<p>\u200bEs f\u00e1cil, lean si no:<\/p>\n\n\n\n<p>Frot\u00f3 la l\u00e1mpara de Aladino. Al salir el genio le dijo:<\/p>\n\n\n\n<p>-Te concedo 3 deseos.<\/p>\n\n\n\n<p>-Una bater\u00eda infinita para el celular.<\/p>\n\n\n\n<p>-Oye, \u00bfno piensas en la paz, ni en los pobres?<\/p>\n\n\n\n<p>-\u00a1Ah s\u00ed! \u00a1Bater\u00edas infinitas para ellos tambi\u00e9n!<\/p>\n\n\n\n<p>Los d\u00edas y los temas<\/p>\n\n\n\n<p>\u00bfHan visto la pel\u00edcula comedia rom\u00e1ntica \u201cLa boda de Valentina\u201d? No es la gran cosa, pero la traigo a colaci\u00f3n porque ah\u00ed aparece un partido pol\u00edtico llamado \u201cPartido Mexicano de la Austeridad\u201d. \u00bfLes suena?<\/p>\n\n\n\n<p>\u200bEntretanto, como gangrena, el crimen organizado nos agobia. La delincuencia crece desproporcionadamente, cruelmente, ordenadamente y precisa.<\/p>\n\n\n\n<p>\u200bEscribi\u00f3 Jos\u00e9 Ram\u00f3n Coss\u00edo D\u00edaz, en su art\u00edculo \u201cAtrapados por la impunidad\u201d: \u201cUn amplio n\u00famero de autoridades disponen del patrimonio p\u00fablico, mientras los delincuentes aumentan sus il\u00edcitas actuaciones sobre un mayor n\u00famero de actividades\u201d.<\/p>\n\n\n\n<p>A\u00f1ade: \u201cUno de los problemas m\u00e1s importantes del M\u00e9xico actual es la concurrencia de dos modelos de extracci\u00f3n de riqueza a la poblaci\u00f3n. Por una parte, el que con la legitimidad de las elecciones democr\u00e1ticas est\u00e1n llevando a cabo los funcionarios p\u00fablicos. Un conjunto de personas que, amparados en las posiciones que ocupan, est\u00e1n obteniendo beneficios privados, ya sea mediante la explotaci\u00f3n directa o concesi\u00f3n de bienes p\u00fablicos a sus socios o personeros, o a trav\u00e9s de la extorsi\u00f3n para el mantenimiento de actividades o la protecci\u00f3n del patrimonio.\u201d (elpais.com, 05\/10\/2025).<\/p>\n\n\n\n<p>Ya lo he escrito otras veces, pero hay que repetirlo, pa\u2019 ver si hacemos algo. S\u00f3focles se\u00f1ala: \u201cUn Estado donde queden impunes la insolencia y la libertad de hacerlo todo, termina por hundirse en el abismo.\u201d<\/p>\n\n\n\n<p>Aclarando amanece.<\/p>\n\n\n\n<p>De cinismo y anexas<\/p>\n\n\n\n<p>\u00bfPor qu\u00e9 el tel\u00e9fono est\u00e1 sangrando? Porque se cort\u00f3 la llamada.<\/p>\n\n\n\n<p>***<\/p>\n\n\n\n<p>\u00bfPor qu\u00e9 el celular llevaba gafas? Perdi\u00f3 sus contactos.<\/p>\n\n\n\n<p>***<\/p>\n\n\n\n<p>-Profesora, \u00bfc\u00f3mo se escribe tel\u00e9fono m\u00f3vil?<\/p>\n\n\n\n<p>-Tal como suena.<\/p>\n\n\n\n<p>-\u00bfY si est\u00e1 en modo vibraci\u00f3n?<\/p>\n\n\n\n<p>Hasta la pr\u00f3xima.<\/p>\n","protected":false},"excerpt":{"rendered":"<p>Jorge Arturo Rodr\u00edguez\u200b Tierra de Babel Pero qu\u00e9 necesidad, qu\u00e9 necedad, de que somos, somos. Cierto, el ocio, a veces, es mala compa\u00f1\u00eda, o como reza el refr\u00e1n: la ociosidad es madre de todos los vicios. S\u00e9neca dec\u00eda que estar en ocio muy prolongado, no es reposo, es pereza. Aunque Thomas Hobbes sostiene que la [&hellip;]<\/p>\n","protected":false},"author":2,"featured_media":141390,"comment_status":"closed","ping_status":"closed","sticky":false,"template":"","format":"standard","meta":{"_jetpack_newsletter_access":"","_jetpack_dont_email_post_to_subs":false,"_jetpack_newsletter_tier_id":0,"_jetpack_memberships_contains_paywalled_content":false,"_jetpack_memberships_contains_paid_content":false,"footnotes":""},"categories":[70],"tags":[46424,1197,46422,8590,1026,46425,10353,474],"class_list":["post-154031","post","type-post","status-publish","format-standard","has-post-thumbnail","hentry","category-de-opinion","tag-chris-anderson-wired","tag-el-pais","tag-jose-nicolas","tag-jose-ramon-cossio-diaz","tag-morena","tag-ocio-y-creatividad","tag-ricardo-monreal","tag-the-new-york-times"],"jetpack_featured_media_url":"https:\/\/lospoliticosveracruz.com.mx\/wp-content\/uploads\/2025\/04\/Jorge-Arturo-Rodriguez.jpg","jetpack_sharing_enabled":true,"jetpack_shortlink":"https:\/\/wp.me\/p4Qcd3-E4n","_links":{"self":[{"href":"https:\/\/lospoliticosveracruz.com.mx\/index.php?rest_route=\/wp\/v2\/posts\/154031","targetHints":{"allow":["GET"]}}],"collection":[{"href":"https:\/\/lospoliticosveracruz.com.mx\/index.php?rest_route=\/wp\/v2\/posts"}],"about":[{"href":"https:\/\/lospoliticosveracruz.com.mx\/index.php?rest_route=\/wp\/v2\/types\/post"}],"author":[{"embeddable":true,"href":"https:\/\/lospoliticosveracruz.com.mx\/index.php?rest_route=\/wp\/v2\/users\/2"}],"replies":[{"embeddable":true,"href":"https:\/\/lospoliticosveracruz.com.mx\/index.php?rest_route=%2Fwp%2Fv2%2Fcomments&post=154031"}],"version-history":[{"count":1,"href":"https:\/\/lospoliticosveracruz.com.mx\/index.php?rest_route=\/wp\/v2\/posts\/154031\/revisions"}],"predecessor-version":[{"id":154032,"href":"https:\/\/lospoliticosveracruz.com.mx\/index.php?rest_route=\/wp\/v2\/posts\/154031\/revisions\/154032"}],"wp:featuredmedia":[{"embeddable":true,"href":"https:\/\/lospoliticosveracruz.com.mx\/index.php?rest_route=\/wp\/v2\/media\/141390"}],"wp:attachment":[{"href":"https:\/\/lospoliticosveracruz.com.mx\/index.php?rest_route=%2Fwp%2Fv2%2Fmedia&parent=154031"}],"wp:term":[{"taxonomy":"category","embeddable":true,"href":"https:\/\/lospoliticosveracruz.com.mx\/index.php?rest_route=%2Fwp%2Fv2%2Fcategories&post=154031"},{"taxonomy":"post_tag","embeddable":true,"href":"https:\/\/lospoliticosveracruz.com.mx\/index.php?rest_route=%2Fwp%2Fv2%2Ftags&post=154031"}],"curies":[{"name":"wp","href":"https:\/\/api.w.org\/{rel}","templated":true}]}}