{"id":154048,"date":"2025-10-08T00:43:13","date_gmt":"2025-10-08T05:43:13","guid":{"rendered":"https:\/\/lospoliticosveracruz.com.mx\/?p=154048"},"modified":"2025-10-08T00:43:54","modified_gmt":"2025-10-08T05:43:54","slug":"harfuch-y-morena","status":"publish","type":"post","link":"https:\/\/lospoliticosveracruz.com.mx\/?p=154048","title":{"rendered":"HARFUCH Y MORENA"},"content":{"rendered":"\n<p><strong>Ricardo Chua<\/strong><\/p>\n\n\n\n<p><em>Sale y Vale<\/em> <\/p>\n\n\n\n<p><\/p>\n\n\n\n<p>Cada d\u00eda que pasa en el escenario pol\u00edtico de M\u00e9xico, queda claro que Omar Garc\u00eda Harfuch, el secretario de Seguridad P\u00fablica del gobierno federal, es el verdadero \u00abtapado\u00bb de Claudia Shienbaum y del nuevo sistema pol\u00edtico mexicano, alejado del \u00abObradorismo\u00bb al 2030.. Al estar controlando a todos los actores pol\u00edticos, que no respetaban la fuerza y el poder Presidencial de Sheinbaum. Despu\u00e9s de los esc\u00e1ndalos de corrupci\u00f3n de los L\u00f3pez Beltr\u00e1n, Ad\u00e1n Augusto L\u00f3pez Hern\u00e1ndez y todo lo que \u00abhuela\u00bb al sexenio pasado.. Queda asentado que con o sin MORENA.. Harfuch encabeza todos los sondeos y despu\u00e9s del primer a\u00f1o de gobierno federal.. Este personaje encabeza todos los sondeos y sus \u00edndices de aprobaci\u00f3n en la sociedad son altos..<\/p>\n\n\n\n\n\n<p>No hay nadie en M\u00e9xico o en alg\u00fan estado del pa\u00eds, que le haga \u00absombra\u00bb a Harfuch.. Ning\u00fan gobernador o funcionario p\u00fablico est\u00e1 por encima de \u00e9l.. Los \u00abgolpes\u00bb a los grupos fuera de la ley y al tema del \u00abhuachicol\u00bb fiscal.. Lo han convertido en el \u00abpalad\u00edn\u00bb de la justicia mexicana.. Ah\u00ed est\u00e1n los casos como la detenci\u00f3n de Hern\u00e1n Berm\u00fadez Requena, l\u00edder de \u00abLa Barredora\u00bb en Tabasco.. Lo est\u00e1n colocando como el funcionario de MORENA m\u00e1s aceptado por la opini\u00f3n p\u00fablica.. Lo est\u00e1n haciendo el Presidenciable del gabinete federal m\u00e1s fuerte al 2030.. Algo con lo que seguramente la Presidenta Claudia Shienbaum est\u00e1 de acuerdo..<\/p>\n\n\n\n<p>Hace semanas en M\u00e9xico se dec\u00eda que muchos actores pol\u00edticos de MORENA, sobre todo los cercanos a Andr\u00e9s Manuel L\u00f3pez Obrador.. No lo iban a aceptar como su candidato y sobre todo que ten\u00edan 5 a\u00f1os para hacerle \u00abguerra sucia\u00bb.. Acciones que ser\u00edan apoyadas por gobernadores obradoristas, que a\u00fan est\u00e1n en el poder en sus estados.. Pero el mensaje de Palacio Nacional a los 27 Palacios de Gobierno estatales que son de MORENA.. El mensaje ha sido claro.. Y no quieren pasar lo mismo que Ad\u00e1n Augusto y por eso, muchos de ellos est\u00e1n acudiendo a \u00abpresentar sus respetos\u00bb a las instalaciones de la SSP federal en CDMX y de su principal \u00abinquilino\u00bb.. Los gobernadores no quieren problemas..<\/p>\n\n\n\n<p>Tambi\u00e9n hace d\u00edas, se dec\u00eda que Harfuch ser\u00eda aspirante Presidencial, si como pol\u00edtico y funcionario \u00abresiste\u00bb las \u00abestocadas\u00bb al interior de MORENA.. Sobre todo porque el titular de la SSP federal, es evidente su labor que est\u00e1 realizando el de \u00ablimpiar\u00bb al actual gobierno federal, de todo lo que \u00abhuela\u00bb a Andr\u00e9s Manuel L\u00f3pez Obrador, por los recientes esc\u00e1ndalos de corrupci\u00f3n que hubo en el sexenio pasado, con el caso del \u00abhuachicol\u00bb fiscal y de los grupos criminales que se apoderaron de parte del territorio mexicano porque as\u00ed se lo permitieron.. Pero Harfuch ya tiene \u00ababierto\u00bb al PVEM o PT por si es necesario ocuparlos.. Y MORENA se podr\u00eda quedar sin el apoyo del gobierno federal\u2026<\/p>\n\n\n\n<p>Ya que es evidente adem\u00e1s de que en este momento, MORENA no las tiene todas consigo.. Los esc\u00e1ndalos alrededor de corrupci\u00f3n e inseguridad que hay en el pa\u00eds.. Le est\u00e1n \u00abpegando\u00bb a su partido y es lo que puede poner a pensar a Omar Garc\u00eda Harfuch.. De ir de aspirante Presidencial por este partido.. Ya que la sociedad civil tiene claro y los sondeos as\u00ed lo demuestran.. Que no quieren a un personaje que sea 100 por ciento de MORENA o que represente un \u00abmorenismo\u00bb recalcitrante como el caso del senador, Gerardo Fern\u00e1ndez Noro\u00f1a.. Harfuch, se puede decir, representa esa moderaci\u00f3n pol\u00edtica, de un funcionario del actual gobierno que no es 100 por ciento un \u00abMoreno\u00bb radical..<\/p>\n\n\n\n<p>Toda esa situaci\u00f3n es que le est\u00e1 dando fuerza entre la ciudadan\u00eda.. Por algo en los sondeos internos de MORENA y del gobierno federal, el secretario de Seguridad P\u00fablica se mantiene con n\u00fameros altos en cuesti\u00f3n de aprobaci\u00f3n en su labor como funcionario p\u00fablico entre la percepci\u00f3n ciudadana.. Lo cual indica que es un personaje muy bien aceptado.. Por ello, esa forma de actuar con sobriedad pol\u00edtica.. En sus reuniones con gobernadores, diputados y senadores hasta de oposici\u00f3n para atender temas de seguridad p\u00fablica en los estados del pa\u00eds, donde a\u00fan no gobierna MORENA.. Todo esto le est\u00e1 dando una buena proyecci\u00f3n a su imagen..<\/p>\n\n\n\n<p>Hay que recordar que Garc\u00eda Harfuch.. Ya tra\u00eda una fuerza desde que era funcionario del gobierno de la CDMX.. Mismo hecho que fue lo que le hizo ganar la encuesta en 2024 para la candidatura a la Jefatura de Gobierno de esa ciudad.. La cual no la obtuvo por la cuesti\u00f3n de equidad y g\u00e9nero, que por ello MORENA puso como candidata a Clara Brugada.. Todo fue por la equidad.. Finalmente, Harfuch sabe bien que para lograr el objetivo primero, que es posicionarse ante la opini\u00f3n p\u00fablica.. \u00c9l como funcionario federal tiene que hablar con todos los actores pol\u00edticos del pa\u00eds, hasta con la oposici\u00f3n y como pol\u00edtico tiene que \u00abpactar\u00bb con todos los que pueda.. Hasta con opositores o los que ahora est\u00e1n en la 4T..<\/p>\n\n\n\n<p>Ya que a Harfuch, lo pueden apoyar aunque sea un proyecto pol\u00edtico distinto, pero eso ser\u00eda despu\u00e9s de la elecci\u00f3n del 2027, para que pueda llegar al poder el 2030 y que sea un pol\u00edtico MODERADO.. No un radical.. Esto se debe porque Harfuch viene rebasando a todos los pol\u00edticos que se podr\u00edan sentir Presidenciables al interior de MORENA.. Tal como sucedi\u00f3 desde el 2018 con Claudia Shienbaum y Andr\u00e9s Manuel L\u00f3pez Obrador.. Es un juego similar..Por eso, si la \u00abmadrina\u00bb a Harfuch en MORENA es intensa, lo podr\u00edan postular por otros partidos y ganar en coalici\u00f3n.. Los n\u00fameros le dan y su popularidad sigue creciendo, si es que contin\u00faa dando \u00abgolpes\u00bb al crimen.. AMEN..<\/p>\n","protected":false},"excerpt":{"rendered":"<p>Ricardo Chua Sale y Vale Cada d\u00eda que pasa en el escenario pol\u00edtico de M\u00e9xico, queda claro que Omar Garc\u00eda Harfuch, el secretario de Seguridad P\u00fablica del gobierno federal, es el verdadero \u00abtapado\u00bb de Claudia Shienbaum y del nuevo sistema pol\u00edtico mexicano, alejado del \u00abObradorismo\u00bb al 2030.. Al estar controlando a todos los actores pol\u00edticos, [&hellip;]<\/p>\n","protected":false},"author":2,"featured_media":141434,"comment_status":"closed","ping_status":"closed","sticky":false,"template":"","format":"standard","meta":{"_jetpack_newsletter_access":"","_jetpack_dont_email_post_to_subs":false,"_jetpack_newsletter_tier_id":0,"_jetpack_memberships_contains_paywalled_content":false,"_jetpack_memberships_contains_paid_content":false,"footnotes":""},"categories":[70],"tags":[618,9627,1026,14775,195],"class_list":["post-154048","post","type-post","status-publish","format-standard","has-post-thumbnail","hentry","category-de-opinion","tag-andres-manuel-lopez-obrador","tag-claudia-sheinbaum","tag-morena","tag-omar-garcia-harfuch","tag-veracruz"],"jetpack_featured_media_url":"https:\/\/lospoliticosveracruz.com.mx\/wp-content\/uploads\/2025\/04\/Chua-e1761364658706.jpg","jetpack_sharing_enabled":true,"jetpack_shortlink":"https:\/\/wp.me\/p4Qcd3-E4E","_links":{"self":[{"href":"https:\/\/lospoliticosveracruz.com.mx\/index.php?rest_route=\/wp\/v2\/posts\/154048","targetHints":{"allow":["GET"]}}],"collection":[{"href":"https:\/\/lospoliticosveracruz.com.mx\/index.php?rest_route=\/wp\/v2\/posts"}],"about":[{"href":"https:\/\/lospoliticosveracruz.com.mx\/index.php?rest_route=\/wp\/v2\/types\/post"}],"author":[{"embeddable":true,"href":"https:\/\/lospoliticosveracruz.com.mx\/index.php?rest_route=\/wp\/v2\/users\/2"}],"replies":[{"embeddable":true,"href":"https:\/\/lospoliticosveracruz.com.mx\/index.php?rest_route=%2Fwp%2Fv2%2Fcomments&post=154048"}],"version-history":[{"count":1,"href":"https:\/\/lospoliticosveracruz.com.mx\/index.php?rest_route=\/wp\/v2\/posts\/154048\/revisions"}],"predecessor-version":[{"id":154049,"href":"https:\/\/lospoliticosveracruz.com.mx\/index.php?rest_route=\/wp\/v2\/posts\/154048\/revisions\/154049"}],"wp:featuredmedia":[{"embeddable":true,"href":"https:\/\/lospoliticosveracruz.com.mx\/index.php?rest_route=\/wp\/v2\/media\/141434"}],"wp:attachment":[{"href":"https:\/\/lospoliticosveracruz.com.mx\/index.php?rest_route=%2Fwp%2Fv2%2Fmedia&parent=154048"}],"wp:term":[{"taxonomy":"category","embeddable":true,"href":"https:\/\/lospoliticosveracruz.com.mx\/index.php?rest_route=%2Fwp%2Fv2%2Fcategories&post=154048"},{"taxonomy":"post_tag","embeddable":true,"href":"https:\/\/lospoliticosveracruz.com.mx\/index.php?rest_route=%2Fwp%2Fv2%2Ftags&post=154048"}],"curies":[{"name":"wp","href":"https:\/\/api.w.org\/{rel}","templated":true}]}}