{"id":154050,"date":"2025-10-08T07:26:04","date_gmt":"2025-10-08T12:26:04","guid":{"rendered":"https:\/\/lospoliticosveracruz.com.mx\/?p=154050"},"modified":"2025-10-08T07:26:35","modified_gmt":"2025-10-08T12:26:35","slug":"las-ventajas-de-ser-ahued","status":"publish","type":"post","link":"https:\/\/lospoliticosveracruz.com.mx\/?p=154050","title":{"rendered":"LAS VENTAJAS DE SER AHUED"},"content":{"rendered":"\n<p><br><strong> Fanny Y\u00e9pez<\/strong><br><em>La Columna<\/em><\/p>\n\n\n\n<p>En la actualidad, cuando la titular del \u00d3rgano de Fiscalizaci\u00f3n Superior, Delia Gonz\u00e1lez Cobos est\u00e1 actuando en contra de los exfuncionarios estatales y presidentes municipales actuales, que cometieron actos de corrupci\u00f3n, ser\u00eda oportuno que volteara y emprendiera una profunda investigaci\u00f3n administrativa de algunos servidores p\u00fablicos que pudieran estar utilizando su cargo para favorecer a sus empresas particulares.<br>Resulta que algunos medios de comunicaci\u00f3n publicaron esta semana que, el secretario de Gobierno, Ricardo Ahued Bardahuil, dirige sus empresas desde las oficinas de la Casa Veracruz; las sociedades en la Casa Ahued; Casa Ardeo; Oncol Xalapa; y A TI tiene como socios a los magnates abarroteros de las tiendas Chedraui.<br>Es una denuncia sumamente delicada y precisamente por ello, es absolutamente necesario que se act\u00fae de inmediato, para corroborar la informaci\u00f3n sobre si el funcionario citado en el p\u00e1rrafo anterior cuenta con un largo historial de beneficios al recibir contratos millonarios de Protecci\u00f3n Civil, Oficinas de Programas de Gobierno y hasta una condonaci\u00f3n de Sefiplan de adeudos que sumaban millones<br>Insisto que es urgente que se investigue si son falsos o verdaderos los datos, que public\u00f3 Sol Veracruz, porque la cr\u00edtica p\u00fablica lo acusa de \u201cdoble moral\u201d: presentarse como servidor del pueblo mientras conserva intereses privados. Lo verificable es que Ahued es y ha sido empresario con participaci\u00f3n societaria y cargos de control.<br>Cabe se\u00f1alar que en Casa Ahued, S.A. de C.V., figura con 12 de 20 acciones y como Administrador \u00danico con amplias facultades, de acuerdo con el folio mercantil de constituci\u00f3n de la empresa.<br>Casa Ardeo, S.A. de C.V. replica ese esquema: Ahued concentra la mayor\u00eda accionaria y la administraci\u00f3n \u00fanica. En ambos casos, el objeto social es comercial, vinculado a art\u00edculos para el hogar.<br>Su nombre aparece tambi\u00e9n en Oncol Xalapa, S.A. de C.V., una sociedad creada en 2000 para servicios oncol\u00f3gicos. El expediente registral incluye a \u201cRicardo Ahued Bardahuil\u201d entre los comparecientes con generales asentadas, y consigna una estructura de capital con m\u00faltiples accionistas de peque\u00f1a participaci\u00f3n. En la relaci\u00f3n individual de accionistas, el documento muestra a \u201cMariani Bardahuil Ricardo\u201d, \u201cAhued Vallejo Rodrigo\u201d y otros, junto con un consejo presidido por Ren\u00e9 Mariani Ochoa, ex titular del ORFIS, ex delegado del IMSS y es gente muy cercana a Miguel \u00c1ngel Yunes Linares.<br>Y prosigue la denuncia p\u00fablica del Sol Veracruz, se\u00f1ala que la presencia de Ahued en ese expediente est\u00e1 acreditada; para sostener con precisi\u00f3n si detenta acciones y cu\u00e1ntas, se requiere la versi\u00f3n \u00edntegra y actualizada del folio (la tabla accionaria consultada no lo lista por nombre).<br>El v\u00ednculo con la familia Chedraui s\u00ed est\u00e1 plenamente documentado, pero en una sociedad distinta: A TI, S.A. de C.V.. El acta constitutiva de 2003 ubica como accionistas a Jos\u00e9 Antonio Chedraui Obeso y Alfredo Chedraui Obeso, entre otros; en ese mismo instrumento Ricardo Ahued aparece como accionista y fue designado tesorero del Consejo de Administraci\u00f3n al momento de la constituci\u00f3n.<br>Es decir, al menos una de sus sociedades lo liga corporativamente con miembros del grupo Chedraui.<br>La otra cara del relato \u2014la que sostiene que obtiene beneficios econ\u00f3micos desde el presupuesto\u2014 se debe contrastar con papeles p\u00fablicos. En adquisiciones s\u00ed hay rastro: Casa Ahued aparece como proveedor en reportes oficiales de dependencias estatales.<br>En junio de 2023, la Secretar\u00eda de Protecci\u00f3n Civil report\u00f3 compras a Casa Ahued; en septiembre de 2022, la misma dependencia la incluy\u00f3 en su Anexo 2; y la Oficina de Programa de Gobierno la list\u00f3 en sus reportes de agosto de 2022.<br>Incluso entes como el ITS de Xalapa consignan adquisiciones a esa raz\u00f3n social. Esas l\u00edneas prueban actividad comercial con el sector p\u00fablico; no acreditan, por s\u00ed mismas, ilegalidad ni favoritismo.<br>Donde el expediente ofrece un matiz pol\u00edtico es en la condonaci\u00f3n parcial de una multa fiscal a Casa Ahued. En 2019, la Subsecretar\u00eda de Ingresos de SEFIPLAN-Veracruz resolvi\u00f3 condonar el 45% de una multa impuesta originalmente en 2006.<br>El acto administrativo est\u00e1 publicado en el repositorio oficial; es legal, pero se ha usado como argumento para cuestionar trato preferencial. El hecho objetivo es la condonaci\u00f3n y su porcentaje; el juicio de valor corresponde al lector.<br>La acusaci\u00f3n de que el funcionario \u201cobtiene beneficio\u201d por contratos de obra p\u00fablica exige m\u00e1s cautela. En las b\u00fasquedas de fuente abierta y listados oficiales consultados para este texto no aparecen adjudicaciones de obra a nombre de Casa Ahued, Casa Ardeo, A TI u Oncol Xalapa.<br>Lo que s\u00ed se observa \u2014y aqu\u00ed est\u00e1 el punto s\u00f3lido\u2014 es la concurrencia entre su papel de servidor y la actividad de sus empresas como proveedoras en adquisiciones. Para sostener la hip\u00f3tesis de \u201cbeneficio desde la obra\u201d, habr\u00eda que revisar padrones de contratistas de obra, licitaciones y contratos de SIOP\/SESVER por raz\u00f3n social y RFC, as\u00ed como versiones p\u00fablicas de declaraciones patrimoniales y de intereses del propio Ahued en sus periodos como titular de Aduanas y como secretario de Gobierno.<br>En conclusi\u00f3n: Ahued es hoy el n\u00famero dos del gobierno estatal; conserva trayectorias empresariales propias con control y cargos en Casa Ahued y Casa Ardeo; aparece en el expediente de Oncol Xalapa y comparte participaci\u00f3n con miembros de la familia Chedraui en A TI, S.A. de C.V.. Casa Ahued ha vendido al sector p\u00fablico en distintos meses y dependencias, y recibi\u00f3 una condonaci\u00f3n del 45% de una multa de 2006.<br>Todo lo anterior est\u00e1 documentado en registros mercantiles y repositorios oficiales.<br>Lo que no est\u00e1 probado, con lo consultado, es que sus empresas hayan recibido contratos de obra p\u00fablica de alto monto. El dilema \u00e9tico \u2014si resulta compatible que un secretario de Gobierno mantenga presencia relevante en sociedades que venden al Estado\u2014 queda planteado con documentos, nombres y cargos, para que el lector forme criterio.<br>Fuentes clave: designaci\u00f3n y cargo de Ahued en la SEGOB Veracruz; actas de Casa Ahued y Casa Ardeo (participaci\u00f3n y administraci\u00f3n); expediente de Oncol Xalapa; acta de A TI, S.A. de C.V. (accionistas, Chedraui y tesorer\u00eda de Ahued); reportes de adquisiciones de dependencias estatales con Casa Ahued como proveedor; resoluci\u00f3n de SEFIPLAN que condona 45% de multa.<\/p>\n\n\n\n<p>Podr\u00eda estar incurriendo en tr\u00e1fico de influencias, que seg\u00fan el c\u00f3digo penal es el delito de aprovecharse de una posici\u00f3n o influencia, real o simulada, para conseguir un beneficio econ\u00f3mico o de otro tipo a cambio de interceder ante un funcionario p\u00fablico en un asunto administrativo o judicial. En M\u00e9xico, se encuentra regulado en el art\u00edculo 221 del C\u00f3digo Penal Federal y se castiga con penas de 2 a 6 a\u00f1os de prisi\u00f3n y multa.<\/p>\n","protected":false},"excerpt":{"rendered":"<p>Fanny Y\u00e9pezLa Columna En la actualidad, cuando la titular del \u00d3rgano de Fiscalizaci\u00f3n Superior, Delia Gonz\u00e1lez Cobos est\u00e1 actuando en contra de los exfuncionarios estatales y presidentes municipales actuales, que cometieron actos de corrupci\u00f3n, ser\u00eda oportuno que volteara y emprendiera una profunda investigaci\u00f3n administrativa de algunos servidores p\u00fablicos que pudieran estar utilizando su cargo para [&hellip;]<\/p>\n","protected":false},"author":2,"featured_media":141383,"comment_status":"closed","ping_status":"closed","sticky":false,"template":"","format":"standard","meta":{"_jetpack_newsletter_access":"","_jetpack_dont_email_post_to_subs":false,"_jetpack_newsletter_tier_id":0,"_jetpack_memberships_contains_paywalled_content":false,"_jetpack_memberships_contains_paid_content":false,"footnotes":""},"categories":[70,1],"tags":[1026,195],"class_list":["post-154050","post","type-post","status-publish","format-standard","has-post-thumbnail","hentry","category-de-opinion","category-sin-categoria","tag-morena","tag-veracruz"],"jetpack_featured_media_url":"https:\/\/lospoliticosveracruz.com.mx\/wp-content\/uploads\/2025\/04\/Fanny-Yepez-Luna.jpg","jetpack_sharing_enabled":true,"jetpack_shortlink":"https:\/\/wp.me\/p4Qcd3-E4G","_links":{"self":[{"href":"https:\/\/lospoliticosveracruz.com.mx\/index.php?rest_route=\/wp\/v2\/posts\/154050","targetHints":{"allow":["GET"]}}],"collection":[{"href":"https:\/\/lospoliticosveracruz.com.mx\/index.php?rest_route=\/wp\/v2\/posts"}],"about":[{"href":"https:\/\/lospoliticosveracruz.com.mx\/index.php?rest_route=\/wp\/v2\/types\/post"}],"author":[{"embeddable":true,"href":"https:\/\/lospoliticosveracruz.com.mx\/index.php?rest_route=\/wp\/v2\/users\/2"}],"replies":[{"embeddable":true,"href":"https:\/\/lospoliticosveracruz.com.mx\/index.php?rest_route=%2Fwp%2Fv2%2Fcomments&post=154050"}],"version-history":[{"count":2,"href":"https:\/\/lospoliticosveracruz.com.mx\/index.php?rest_route=\/wp\/v2\/posts\/154050\/revisions"}],"predecessor-version":[{"id":154052,"href":"https:\/\/lospoliticosveracruz.com.mx\/index.php?rest_route=\/wp\/v2\/posts\/154050\/revisions\/154052"}],"wp:featuredmedia":[{"embeddable":true,"href":"https:\/\/lospoliticosveracruz.com.mx\/index.php?rest_route=\/wp\/v2\/media\/141383"}],"wp:attachment":[{"href":"https:\/\/lospoliticosveracruz.com.mx\/index.php?rest_route=%2Fwp%2Fv2%2Fmedia&parent=154050"}],"wp:term":[{"taxonomy":"category","embeddable":true,"href":"https:\/\/lospoliticosveracruz.com.mx\/index.php?rest_route=%2Fwp%2Fv2%2Fcategories&post=154050"},{"taxonomy":"post_tag","embeddable":true,"href":"https:\/\/lospoliticosveracruz.com.mx\/index.php?rest_route=%2Fwp%2Fv2%2Ftags&post=154050"}],"curies":[{"name":"wp","href":"https:\/\/api.w.org\/{rel}","templated":true}]}}