{"id":154053,"date":"2025-10-08T08:17:17","date_gmt":"2025-10-08T13:17:17","guid":{"rendered":"https:\/\/lospoliticosveracruz.com.mx\/?p=154053"},"modified":"2025-10-08T08:18:56","modified_gmt":"2025-10-08T13:18:56","slug":"si-en-vez-de-gaza-se-atiende-la-casa","status":"publish","type":"post","link":"https:\/\/lospoliticosveracruz.com.mx\/?p=154053","title":{"rendered":"\u00bfSI EN VEZ DE GAZA SE\u00a0ATIENDE\u00a0LA CASA?"},"content":{"rendered":"\n<p><strong>Vicente Luna Hern\u00e1ndez<\/strong> <\/p>\n\n\n\n<p>M\u00e1s all\u00e1 de&nbsp;geopol\u00edtica&nbsp;y conflictos&nbsp;territoriales, &nbsp;m\u00e1s all\u00e1 de presumir un amor universal, m\u00e1s all\u00e1 de buscar lo que en casa sobra&nbsp;&#8211;&nbsp;cr\u00edmenes, violencia, actos de terrorismo, dolor, desintegraci\u00f3n familiar, impunidad y ausencia de gobierno en varias regiones del&nbsp;pa\u00eds&nbsp;\u2013&nbsp;\u00bfy si&nbsp;las y los mexicanos&nbsp;&#8211;&nbsp;que&nbsp;pretendieron llegar a Gaza con ayuda humanitaria y clavar la bandera nacional como s\u00edmbolo de solidaridad de M\u00e9xico con&nbsp;esa parte del mundo que sufre los estragos de un conflicto b\u00e9lico&nbsp;\u2013&nbsp;deseosos de dar un poco de lo mucho que les ha dado la vida&nbsp;se dan una&nbsp;vuelta&nbsp;por Chiapas, Oaxaca, Veracruz, Estado de M\u00e9xico?, &nbsp;\u00bfY&nbsp;si llegan con sus apoyos&nbsp;humanitarios&nbsp;a las&nbsp;zonas&nbsp;del pa\u00eds agitadas&nbsp;por los grupos del crimen organizado,&nbsp;se bajan de sus lanchas, barcos o cualquier medio de transporte y visitan&nbsp;Michoac\u00e1n,&nbsp;Guanajuato, Colima, Sonora, Sinaloa,&nbsp;entre otros Estados y alzan la voz por los desplazados, por las madr3s de Desaparecidos,&nbsp;por las mujeres&nbsp;violentadas&nbsp;y familiares&nbsp;directos&nbsp;e indirectos de las v\u00edctimas de&nbsp;feminicidios?<\/p>\n\n\n\n\n\n<p>La realidad es que hay mucho por qu\u00e9 protestar en&nbsp;M\u00e9xico, la falta de&nbsp;medicinas es un motivo m\u00e1s, tan sensible y tr\u00e1gico como&nbsp;el llamado de auxilio&nbsp;que&nbsp;hacen diversos grupos de ciudadanos al&nbsp;gobierno&nbsp;en turno, no se trata de partidos pol\u00edticos ni de alg\u00fan inter\u00e9s&nbsp;en particular, &nbsp;no se trata de \u201cgolpear\u201d medi\u00e1ticamente&nbsp;a un gobernante en particular, &nbsp;se trata de&nbsp;ser&nbsp;una voz universal que&nbsp;no encuentra eco en la clase gobernante.<\/p>\n\n\n\n<p>Es una realidad&nbsp;que&nbsp;Gaza&nbsp;est\u00e1 mucho m\u00e1s lejos que la Sierra de Zongolica&nbsp;en el Estado de Veracruz o alguna zona&nbsp;ind\u00edgena&nbsp;del&nbsp;pa\u00eds,&nbsp;\u00bfrealmente&nbsp;que pretenden aquellos&nbsp;quebuscaron llegar a Gaza?&nbsp;\u00bfUnos Likes para sus redes sociales o protestar por una injusticia&nbsp;-desde su punto de vista \u2013 contra&nbsp;una poblaci\u00f3n indefensa? \u00bfAcaso no el buen Juez por su casa empieza?<\/p>\n\n\n\n<p>Tal vez las y los 6 mexicanos que fueron detenidos por autoridades de Israel y&nbsp;pronto&nbsp;ser\u00e1n repatriados a M\u00e9xico&nbsp;tienen en mente el M\u00e9xico de los discursos&nbsp;triunfalistasgubernamentales, tal vez esos mexicanos&nbsp;est\u00e1ndesconectados&nbsp;de la&nbsp;realidad&nbsp;social del&nbsp;pa\u00eds,&nbsp;sin&nbsp;embargo, esos mexicanos con la&nbsp;exposici\u00f3n&nbsp;medi\u00e1tica&nbsp;que han logrado deben alzar la voz por&nbsp;aquellos grupos&nbsp;sociales&nbsp;que no&nbsp;tienenuna voz tan potente como ellos, \u00bfacaso no dicen que no hay mal que por bien no venga? \u00bfAcaso no ser\u00e1 que los regresan a M\u00e9xico para que contin\u00faen con su labor de luchar y protestar contra las injusticias?<\/p>\n\n\n\n<p>La realidad de M\u00e9xico es cruel para miles de madres de&nbsp;desaparecidos,&nbsp;desapariciones&nbsp;que ya son motivo&nbsp;de&nbsp;discusi\u00f3n&nbsp;en la ONU, tragedias que&nbsp;causan el&nbsp;mismo&nbsp;dolor que existe en Gaza o&nbsp;cualquier&nbsp;otro&nbsp;pa\u00eds&nbsp;en&nbsp;guerra&nbsp;o con&nbsp;conflictos&nbsp;armados, no hay que buscar lejos lo que \u2013 lamentablemente- tenemos muy cerca.<\/p>\n\n\n\n<p>M\u00e9xico es un pa\u00eds de 130 millones de habitantes, somos mucho pueblo para&nbsp;poco gobierno, no es algo contra Morena o la&nbsp;llamada&nbsp;4T, &nbsp;es un reclamo a la clase gobernante&nbsp;ante la violencia que se pasea impune por el territorio nacional, es triste lo que sucede en&nbsp;Gaza&nbsp;pero es igual de triste lo que pasa en casa.&nbsp;<\/p>\n\n\n\n<p>P.D.- Con el \u00e1nimo que&nbsp;cada habitante de este pa\u00eds contribuya&nbsp;&#8211;&nbsp;desde su espacio de acci\u00f3n&nbsp;\u2013&nbsp;a lograr una sana convivencia social m\u00e1s all\u00e1 de diferencias personales e&nbsp;ideol\u00f3gicas\u2026Escribir\u00e9 otro d\u00eda.<\/p>\n","protected":false},"excerpt":{"rendered":"<p>Vicente Luna Hern\u00e1ndez M\u00e1s all\u00e1 de&nbsp;geopol\u00edtica&nbsp;y conflictos&nbsp;territoriales, &nbsp;m\u00e1s all\u00e1 de presumir un amor universal, m\u00e1s all\u00e1 de buscar lo que en casa sobra&nbsp;&#8211;&nbsp;cr\u00edmenes, violencia, actos de terrorismo, dolor, desintegraci\u00f3n familiar, impunidad y ausencia de gobierno en varias regiones del&nbsp;pa\u00eds&nbsp;\u2013&nbsp;\u00bfy si&nbsp;las y los mexicanos&nbsp;&#8211;&nbsp;que&nbsp;pretendieron llegar a Gaza con ayuda humanitaria y clavar la bandera nacional como [&hellip;]<\/p>\n","protected":false},"author":2,"featured_media":141415,"comment_status":"closed","ping_status":"closed","sticky":false,"template":"","format":"standard","meta":{"_jetpack_newsletter_access":"","_jetpack_dont_email_post_to_subs":false,"_jetpack_newsletter_tier_id":0,"_jetpack_memberships_contains_paywalled_content":false,"_jetpack_memberships_contains_paid_content":false,"footnotes":""},"categories":[70,1],"tags":[544,39636],"class_list":["post-154053","post","type-post","status-publish","format-standard","has-post-thumbnail","hentry","category-de-opinion","category-sin-categoria","tag-chiapas","tag-gaza"],"jetpack_featured_media_url":"https:\/\/lospoliticosveracruz.com.mx\/wp-content\/uploads\/2025\/04\/Vicente-Luna-Hernandez.jpg","jetpack_sharing_enabled":true,"jetpack_shortlink":"https:\/\/wp.me\/p4Qcd3-E4J","_links":{"self":[{"href":"https:\/\/lospoliticosveracruz.com.mx\/index.php?rest_route=\/wp\/v2\/posts\/154053","targetHints":{"allow":["GET"]}}],"collection":[{"href":"https:\/\/lospoliticosveracruz.com.mx\/index.php?rest_route=\/wp\/v2\/posts"}],"about":[{"href":"https:\/\/lospoliticosveracruz.com.mx\/index.php?rest_route=\/wp\/v2\/types\/post"}],"author":[{"embeddable":true,"href":"https:\/\/lospoliticosveracruz.com.mx\/index.php?rest_route=\/wp\/v2\/users\/2"}],"replies":[{"embeddable":true,"href":"https:\/\/lospoliticosveracruz.com.mx\/index.php?rest_route=%2Fwp%2Fv2%2Fcomments&post=154053"}],"version-history":[{"count":1,"href":"https:\/\/lospoliticosveracruz.com.mx\/index.php?rest_route=\/wp\/v2\/posts\/154053\/revisions"}],"predecessor-version":[{"id":154055,"href":"https:\/\/lospoliticosveracruz.com.mx\/index.php?rest_route=\/wp\/v2\/posts\/154053\/revisions\/154055"}],"wp:featuredmedia":[{"embeddable":true,"href":"https:\/\/lospoliticosveracruz.com.mx\/index.php?rest_route=\/wp\/v2\/media\/141415"}],"wp:attachment":[{"href":"https:\/\/lospoliticosveracruz.com.mx\/index.php?rest_route=%2Fwp%2Fv2%2Fmedia&parent=154053"}],"wp:term":[{"taxonomy":"category","embeddable":true,"href":"https:\/\/lospoliticosveracruz.com.mx\/index.php?rest_route=%2Fwp%2Fv2%2Fcategories&post=154053"},{"taxonomy":"post_tag","embeddable":true,"href":"https:\/\/lospoliticosveracruz.com.mx\/index.php?rest_route=%2Fwp%2Fv2%2Ftags&post=154053"}],"curies":[{"name":"wp","href":"https:\/\/api.w.org\/{rel}","templated":true}]}}