{"id":154111,"date":"2025-10-08T14:11:40","date_gmt":"2025-10-08T19:11:40","guid":{"rendered":"https:\/\/lospoliticosveracruz.com.mx\/?p=154111"},"modified":"2025-10-08T14:12:02","modified_gmt":"2025-10-08T19:12:02","slug":"se-buscan-reyes","status":"publish","type":"post","link":"https:\/\/lospoliticosveracruz.com.mx\/?p=154111","title":{"rendered":"SE BUSCAN REYES!"},"content":{"rendered":"\n<p><\/p>\n\n\n\n<p>S\u00edguenos ahora tambi\u00e9n en WhatsApp.\u00a0\u00a1<a href=\"https:\/\/whatsapp.com\/channel\/0029Va8zRWlEKyZIP3Z1dF0e\"><strong>Da clic aqu\u00ed<\/strong><\/a><strong>!<\/strong><\/p>\n\n\n\n<p>Abiertas las convocatorias para la Corte Real del Carnaval Veracruz 2026; del 7 al 20 de octubre, las personas interesadas en ser candidatas o candidatos a Reina, Rey y Reyes Infantiles podr\u00e1n inscribirse en los bajos del Palacio Municipal, en la calle Miguel Lerdo s\/n y avenida Ignacio Zaragoza<\/p>\n\n\n\n\n\n<p>Veracruz: Si sue\u00f1as con representar la alegr\u00eda y la tradici\u00f3n del puerto de Veracruz, ahora es tu oportunidad de participar en la Corte Real del Carnaval Veracruz 2026: la fiesta de todos. Las inscripciones est\u00e1n abiertas desde el 7 de octubre y cerrar\u00e1n el lunes 20 de octubre a las 14:00 horas, o antes si se alcanza el cupo m\u00e1ximo de seis participantes por cada categor\u00eda.<\/p>\n\n\n\n<p>De acuerdo con la convocatoria para la elecci\u00f3n de la Reina, emitida por el H. Ayuntamiento de la Ciudad y Puerto de Veracruz y el Comit\u00e9 de Carnaval, las aspirantes deben ser mujeres de nacimiento, veracruzanas o hijas de padres veracruzanos, tener entre 18 y 30 a\u00f1os y sin restricci\u00f3n de estatura.&nbsp;<\/p>\n\n\n\n<p>Adem\u00e1s, no deber\u00e1n haber sido electas como Reina del Carnaval en los \u00faltimos cinco a\u00f1os y se comprometer\u00e1n a participar en todas las actividades oficiales y eventos de la fiesta, representando con orgullo, entusiasmo y alegr\u00eda la tradici\u00f3n y la identidad de la fiesta m\u00e1s alegre del mundo.<\/p>\n\n\n\n<p>Para el Rey del Carnaval, las bases estipulan que los candidatos deben ser hombres de nacimiento, veracruzanos o hijos de padres veracruzanos, tener m\u00ednimo 18 a\u00f1os, sin restricci\u00f3n de estatura, y no haber sido electos como Rey en los \u00faltimos cinco a\u00f1os. Asimismo, se comprometer\u00e1n a asistir a todos los actos oficiales y eventos programados, mostrando respeto y orgullo por la identidad y la cultura de nuestra ciudad.<\/p>\n\n\n\n<p>En lo que respecta a los Reyes Infantiles, las y los candidatos deben tener entre 6 y 12 a\u00f1os cumplidos a la fecha de publicaci\u00f3n de la convocatoria, ser veracruzanos o hijos de padres veracruzanos y no haber sido electos como Rey o Reina Infantil en los \u00faltimos cinco a\u00f1os. Al igual que el Rey y la Reina, deben comprometerse a formar parte de la experiencia que impulsa la alegr\u00eda y la tradici\u00f3n de nuestra ciudad, acudiendo a todos los eventos oficiales del Carnaval.<\/p>\n\n\n\n<p>Los aspirantes a la Corte Real podr\u00e1n vivir la magia del Carnaval que se realizar\u00e1 del 10 al 18 de febrero y compartir con la ciudadan\u00eda momentos llenos de entusiasmo y cultura, porque es una oportunidad \u00fanica para representar la alegr\u00eda, la tradici\u00f3n y la identidad del puerto de Veracruz en la fiesta m\u00e1s emblem\u00e1tica y colorida del pa\u00eds.&nbsp;<\/p>\n\n\n\n<p>Para m\u00e1s informaci\u00f3n sobre la convocatoria, requisitos y proceso de inscripci\u00f3n, consulta la p\u00e1gina oficial del Carnaval de Veracruz:&nbsp;<a href=\"http:\/\/www.carnavalveracruz.com\/\">www.carnavalveracruz.com<\/a><\/p>\n","protected":false},"excerpt":{"rendered":"<p>Abiertas las convocatorias para la Corte Real del Carnaval Veracruz 2026; del 7 al 20 de octubre, las personas interesadas en ser candidatas o candidatos a Reina, Rey y Reyes Infantiles podr\u00e1n inscribirse en los bajos del Palacio Municipal, en la calle Miguel Lerdo s\/n y avenida Ignacio Zaragoza Veracruz: Si sue\u00f1as con representar la [&hellip;]<\/p>\n","protected":false},"author":2,"featured_media":154112,"comment_status":"closed","ping_status":"closed","sticky":false,"template":"","format":"standard","meta":{"_jetpack_newsletter_access":"","_jetpack_dont_email_post_to_subs":false,"_jetpack_newsletter_tier_id":0,"_jetpack_memberships_contains_paywalled_content":false,"_jetpack_memberships_contains_paid_content":false,"footnotes":""},"categories":[73],"tags":[46379,46462,34140,46461],"class_list":["post-154111","post","type-post","status-publish","format-standard","has-post-thumbnail","hentry","category-de-boleto","tag-carnaval-de-veracruz-2026","tag-convocatoria-reyes","tag-corte-real","tag-inscripciones-veracruz"],"jetpack_featured_media_url":"https:\/\/lospoliticosveracruz.com.mx\/wp-content\/uploads\/2025\/10\/Carnaval-Rosa-Paty.jpg","jetpack_sharing_enabled":true,"jetpack_shortlink":"https:\/\/wp.me\/p4Qcd3-E5F","_links":{"self":[{"href":"https:\/\/lospoliticosveracruz.com.mx\/index.php?rest_route=\/wp\/v2\/posts\/154111","targetHints":{"allow":["GET"]}}],"collection":[{"href":"https:\/\/lospoliticosveracruz.com.mx\/index.php?rest_route=\/wp\/v2\/posts"}],"about":[{"href":"https:\/\/lospoliticosveracruz.com.mx\/index.php?rest_route=\/wp\/v2\/types\/post"}],"author":[{"embeddable":true,"href":"https:\/\/lospoliticosveracruz.com.mx\/index.php?rest_route=\/wp\/v2\/users\/2"}],"replies":[{"embeddable":true,"href":"https:\/\/lospoliticosveracruz.com.mx\/index.php?rest_route=%2Fwp%2Fv2%2Fcomments&post=154111"}],"version-history":[{"count":2,"href":"https:\/\/lospoliticosveracruz.com.mx\/index.php?rest_route=\/wp\/v2\/posts\/154111\/revisions"}],"predecessor-version":[{"id":154114,"href":"https:\/\/lospoliticosveracruz.com.mx\/index.php?rest_route=\/wp\/v2\/posts\/154111\/revisions\/154114"}],"wp:featuredmedia":[{"embeddable":true,"href":"https:\/\/lospoliticosveracruz.com.mx\/index.php?rest_route=\/wp\/v2\/media\/154112"}],"wp:attachment":[{"href":"https:\/\/lospoliticosveracruz.com.mx\/index.php?rest_route=%2Fwp%2Fv2%2Fmedia&parent=154111"}],"wp:term":[{"taxonomy":"category","embeddable":true,"href":"https:\/\/lospoliticosveracruz.com.mx\/index.php?rest_route=%2Fwp%2Fv2%2Fcategories&post=154111"},{"taxonomy":"post_tag","embeddable":true,"href":"https:\/\/lospoliticosveracruz.com.mx\/index.php?rest_route=%2Fwp%2Fv2%2Ftags&post=154111"}],"curies":[{"name":"wp","href":"https:\/\/api.w.org\/{rel}","templated":true}]}}