{"id":154115,"date":"2025-10-08T14:26:35","date_gmt":"2025-10-08T19:26:35","guid":{"rendered":"https:\/\/lospoliticosveracruz.com.mx\/?p=154115"},"modified":"2025-10-08T14:27:00","modified_gmt":"2025-10-08T19:27:00","slug":"turbo-a-nuevo-formato-para-comparecencias","status":"publish","type":"post","link":"https:\/\/lospoliticosveracruz.com.mx\/?p=154115","title":{"rendered":"TURBO A NUEVO FORMATO PARA COMPARECENCIAS!"},"content":{"rendered":"\n<p><\/p>\n\n\n\n<p><strong>Isabel Ortega<\/strong><\/p>\n\n\n\n<p>S\u00edguenos ahora tambi\u00e9n en WhatsApp.\u00a0\u00a1<a href=\"https:\/\/whatsapp.com\/channel\/0029Va8zRWlEKyZIP3Z1dF0e\"><strong>Da clic aqu\u00ed<\/strong><\/a><strong>!<\/strong><\/p>\n\n\n\n<p>La presidenta de la Mesa Directiva del Congreso de Veracruz, Naomi G\u00f3mez, adelant\u00f3 que el grupo legislativo de Morena analiza modificar el formato de las comparecencias del gabinete estatal, en las que los secretarios de despacho deber\u00e1n rendir cuentas sobre el primer a\u00f1o de gobierno de Roc\u00edo Nahle Garc\u00eda.<\/p>\n\n\n\n\n\n<p>La legisladora reconoci\u00f3 que est\u00e1n contra el tiempo, por lo que analizan \u201cmeterle turbo\u201d para definir una nueva din\u00e1mica tanto para la rendici\u00f3n de cuentas de los secretarios como para la eventual comparecencia de la propia gobernadora.<\/p>\n\n\n\n<p>Explic\u00f3 que entre los ajustes que eval\u00faan est\u00e1n el n\u00famero de ciudadanos invitados, los tiempos de participaci\u00f3n de los diputados \u2014que consider\u00f3 excesivos\u2014 y la cantidad de intervenciones por legislador.<\/p>\n\n\n\n<p>\u201cEstamos viendo qu\u00e9 viabilidad habr\u00eda de cambiar el formato (\u2026) justo lo estamos analizando como grupo legislativo. Estamos meti\u00e9ndole turbo para que nos d\u00e9 tiempo.<\/p>\n\n\n\n<p>Estamos revisando el tema de las rondas, los tiempos y los asistentes. Queremos que las comparecencias sean ordenadas, organizadas y en apego a la legalidad\u201d, dijo G\u00f3mez.<\/p>\n\n\n\n<p>La diputada aclar\u00f3 que no se ha planteado excluir a la gobernadora Roc\u00edo Nahle de su obligaci\u00f3n de acudir ante el Pleno al cierre del ciclo de comparecencias.<\/p>\n\n\n\n<p>Plazos para el Informe y comparecencias<\/p>\n\n\n\n<p>De acuerdo con el art\u00edculo 49 de la Constituci\u00f3n de Veracruz, la gobernadora debe presentar al Congreso, el 15 de noviembre de cada a\u00f1o, un informe escrito sobre el estado que guarda la administraci\u00f3n p\u00fablica.<\/p>\n\n\n\n<p>La ley establece que los plazos para las comparecencias son del 16 de noviembre y hasta el 14 de diciembre. La Junta de Coordinaci\u00f3n Pol\u00edtica (Jucopo) es responsable de proponer el calendario de comparecencias para su aprobaci\u00f3n en el Pleno.<\/p>\n\n\n\n<p>Una vez que concluyan las comparecencias de los secretarios, la gobernadora deber\u00e1 acudir ante el Pleno del Congreso a responder las preguntas de los diputados, a m\u00e1s tardar el 15 de diciembre, fecha en que termina el periodo ordinario de sesiones.<\/p>\n","protected":false},"excerpt":{"rendered":"<p>Isabel Ortega La presidenta de la Mesa Directiva del Congreso de Veracruz, Naomi G\u00f3mez, adelant\u00f3 que el grupo legislativo de Morena analiza modificar el formato de las comparecencias del gabinete estatal, en las que los secretarios de despacho deber\u00e1n rendir cuentas sobre el primer a\u00f1o de gobierno de Roc\u00edo Nahle Garc\u00eda. La legisladora reconoci\u00f3 que [&hellip;]<\/p>\n","protected":false},"author":2,"featured_media":145788,"comment_status":"closed","ping_status":"closed","sticky":false,"template":"","format":"standard","meta":{"_jetpack_newsletter_access":"","_jetpack_dont_email_post_to_subs":false,"_jetpack_newsletter_tier_id":0,"_jetpack_memberships_contains_paywalled_content":false,"_jetpack_memberships_contains_paid_content":false,"footnotes":""},"categories":[6446],"tags":[],"class_list":["post-154115","post","type-post","status-publish","format-standard","has-post-thumbnail","hentry","category-la-nota"],"jetpack_featured_media_url":"https:\/\/lospoliticosveracruz.com.mx\/wp-content\/uploads\/2025\/05\/Naomi-Edith-Gomez-Santos.jpg","jetpack_sharing_enabled":true,"jetpack_shortlink":"https:\/\/wp.me\/p4Qcd3-E5J","_links":{"self":[{"href":"https:\/\/lospoliticosveracruz.com.mx\/index.php?rest_route=\/wp\/v2\/posts\/154115","targetHints":{"allow":["GET"]}}],"collection":[{"href":"https:\/\/lospoliticosveracruz.com.mx\/index.php?rest_route=\/wp\/v2\/posts"}],"about":[{"href":"https:\/\/lospoliticosveracruz.com.mx\/index.php?rest_route=\/wp\/v2\/types\/post"}],"author":[{"embeddable":true,"href":"https:\/\/lospoliticosveracruz.com.mx\/index.php?rest_route=\/wp\/v2\/users\/2"}],"replies":[{"embeddable":true,"href":"https:\/\/lospoliticosveracruz.com.mx\/index.php?rest_route=%2Fwp%2Fv2%2Fcomments&post=154115"}],"version-history":[{"count":1,"href":"https:\/\/lospoliticosveracruz.com.mx\/index.php?rest_route=\/wp\/v2\/posts\/154115\/revisions"}],"predecessor-version":[{"id":154118,"href":"https:\/\/lospoliticosveracruz.com.mx\/index.php?rest_route=\/wp\/v2\/posts\/154115\/revisions\/154118"}],"wp:featuredmedia":[{"embeddable":true,"href":"https:\/\/lospoliticosveracruz.com.mx\/index.php?rest_route=\/wp\/v2\/media\/145788"}],"wp:attachment":[{"href":"https:\/\/lospoliticosveracruz.com.mx\/index.php?rest_route=%2Fwp%2Fv2%2Fmedia&parent=154115"}],"wp:term":[{"taxonomy":"category","embeddable":true,"href":"https:\/\/lospoliticosveracruz.com.mx\/index.php?rest_route=%2Fwp%2Fv2%2Fcategories&post=154115"},{"taxonomy":"post_tag","embeddable":true,"href":"https:\/\/lospoliticosveracruz.com.mx\/index.php?rest_route=%2Fwp%2Fv2%2Ftags&post=154115"}],"curies":[{"name":"wp","href":"https:\/\/api.w.org\/{rel}","templated":true}]}}